{"id":141379,"date":"2025-01-22T19:28:47","date_gmt":"2025-01-22T22:28:47","guid":{"rendered":"https:\/\/www.aarquiteta.com.br\/blog\/iluminacao-funcional-para-cada-ambiente-qual-a-importancia\/"},"modified":"2025-01-22T19:28:47","modified_gmt":"2025-01-22T22:28:47","slug":"iluminacao-funcional-para-cada-ambiente-qual-a-importancia","status":"publish","type":"post","link":"https:\/\/www.aarquiteta.com.br\/blog\/iluminacao-funcional-para-cada-ambiente-qual-a-importancia\/","title":{"rendered":"A Import\u00e2ncia da Ilumina\u00e7\u00e3o Funcional em Ambientes"},"content":{"rendered":"<p><body><\/p>\n<p>Ilumina\u00e7\u00e3o funcional \u00e9 a alma dos ambientes! Com um projeto bem pensado, a luz n\u00e3o s\u00f3 traz beleza, mas tamb\u00e9m conforto e praticidade, tornando cada espa\u00e7o da sua casa mais agrad\u00e1vel e funcional.<\/p>\n<h2>Introdu\u00e7\u00e3o<\/h2>\n<p>A <b>ilumina\u00e7\u00e3o<\/b> \u00e9 um detalhe que muitas vezes passa batido na hora de decorar uma casa. Mas, acredite: ela \u00e9 fundamental! Uma luz bem distribu\u00edda n\u00e3o apenas real\u00e7a a beleza dos ambientes, mas tamb\u00e9m influencie a <b>produtividade<\/b> e o bem-estar dos moradores. Vamos falar sobre como aplicar a ilumina\u00e7\u00e3o funcional em cada espa\u00e7o da sua casa e garantir que cada cantinho seja aproveitado da melhor forma.<\/p>\n<h2>A Import\u00e2ncia da Ilumina\u00e7\u00e3o Funcional<\/h2>\n<p>Quando pensamos em decora\u00e7\u00e3o, a ilumina\u00e7\u00e3o pode parecer apenas um &#8220;toque final&#8221;. No entanto, um projeto luminot\u00e9cnico bem elaborado \u00e9 essencial para que os ambientes tenham suas <b>qualidades<\/b> favorecidas. Vamos entender melhor como isso pode impactar o dia a dia.<\/p>\n<h3>O Impacto na Atmosfera dos Ambientes<\/h3>\n<figure style=\"width: 1024px\" class=\"wp-caption aligncenter\"><img decoding=\"async\" src=\"https:\/\/www.aarquiteta.com.br\/blog\/wp-content\/uploads\/2025\/01\/iluminacao-funcional-para-cada-ambiente-qual-a-importancia01.jpg\" alt=\"A Import\u00e2ncia da Ilumina\u00e7\u00e3o Funcional em Ambientes\" width=\"1024\" height=\"1024\" title=\"\"><figcaption class=\"wp-caption-text\">A Import\u00e2ncia da Ilumina\u00e7\u00e3o Funcional em Ambientes<\/figcaption><\/figure>\n<p>A luz tem o poder de <b>transformar<\/b> completamente um ambiente. Por exemplo, um espa\u00e7o bem iluminado promove uma sensa\u00e7\u00e3o de <b>acolhimento<\/b>, enquanto uma ilumina\u00e7\u00e3o inadequada pode deixar o ambiente com uma energia pesada. Agora, imagine fazer uma reuni\u00e3o em uma sala com uma luz fria e direta. N\u00e3o d\u00e1 vontade de ir embora, n\u00e9? Portanto, cerca de 85% do sucesso na decora\u00e7\u00e3o est\u00e1 na <b>ilumina\u00e7\u00e3o<\/b>.<\/p>\n<h2>Benef\u00edcios da Ilumina\u00e7\u00e3o Funcional<\/h2>\n<ul>\n<li><b>Conforto Visual<\/b> &#8211; Uma luz adequada reduz o cansa\u00e7o visual, ideal para quem trabalha em casa.<\/li>\n<li><b>Valoriza\u00e7\u00e3o do Espa\u00e7o<\/b> &#8211; Destaque detalhes na decora\u00e7\u00e3o que podem passar despercebidos sem o uso da ilumina\u00e7\u00e3o correta.<\/li>\n<li><b>Est\u00edmulo \u00e0 Produtividade<\/b> &#8211; Em home office, a ilumina\u00e7\u00e3o fria pode ajudar a manter o foco e a disposi\u00e7\u00e3o.<\/li>\n<\/ul>\n<h2>Dicas para Criar uma Ilumina\u00e7\u00e3o Funcional<\/h2>\n<p>Vamos agora \u00e0s dicas pr\u00e1ticas! A <b>ilumina\u00e7\u00e3o<\/b> deve ser uma aliada nos diferentes c\u00f4modos da casa. Cada um tem suas particularidades e eu vou te contar como aproveitar cada cantinho.<\/p>\n<h3>Sala de Estar<\/h3>\n<figure style=\"width: 1024px\" class=\"wp-caption aligncenter\"><img decoding=\"async\" src=\"https:\/\/www.aarquiteta.com.br\/blog\/wp-content\/uploads\/2025\/01\/iluminacaofuncionalparacadaambiente2-1.jpeg.webp\" alt=\"Ilumina\u00e7\u00e3o funcional para banheiro\" title=\"\"><figcaption class=\"wp-caption-text\">Ilumina\u00e7\u00e3o funcional para banheiro<\/figcaption><\/figure>\n<p>\u00c9 no <b>estar<\/b> que a fam\u00edlia se re\u00fane, por isso, investir em lumin\u00e1rias com diferentes intensidades e temperaturas \u00e9 crucial. Olha, posso garantir que n\u00e3o existe nada melhor do que um ambiente iluminado de forma aconchegante para relaxar ap\u00f3s um dia cansativo. Pense em usar abajures, arandelas e pain\u00e9is de LED que podem transformar sua sala em um verdadeiro cinema!<\/p>\n<h3>Sala de Jantar<\/h3>\n<figure style=\"width: 1024px\" class=\"wp-caption aligncenter\"><img decoding=\"async\" src=\"https:\/\/www.aarquiteta.com.br\/blog\/wp-content\/uploads\/2025\/01\/iluminacaofuncionalparacadaambiente3.jpeg.webp\" alt=\"Ilumina\u00e7\u00e3o funcional para cada ambiente\" title=\"\"><figcaption class=\"wp-caption-text\">Ilumina\u00e7\u00e3o funcional para cada ambiente<\/figcaption><\/figure>\n<p>Quando vamos receber amigos ou a fam\u00edlia, a sala de jantar \u00e9 o palco do banquete. Portanto, iluminar esse espa\u00e7o de forma suave \u00e9 crucial. Lustres com dimmers s\u00e3o a chave para ajustar a <b>intensidade<\/b> da luz. Assim, se a ocasi\u00e3o pede uma ambiance mais \u00edntima, \u00e9 s\u00f3 baixar a luz e criar um clima especial!<\/p>\n<h3>Dormit\u00f3rios<\/h3>\n<figure style=\"width: 1024px\" class=\"wp-caption aligncenter\"><img decoding=\"async\" src=\"https:\/\/www.aarquiteta.com.br\/blog\/wp-content\/uploads\/2025\/01\/iluminacao-funcional-para-cada-ambiente-qual-a-importancia02.jpg\" alt=\"A Import\u00e2ncia da Ilumina\u00e7\u00e3o Funcional em Ambientes\" width=\"1024\" height=\"1024\" title=\"\"><figcaption class=\"wp-caption-text\">A Import\u00e2ncia da Ilumina\u00e7\u00e3o Funcional em Ambientes<\/figcaption><\/figure>\n<p>Nos <b>dormit\u00f3rios<\/b>, a luz amarelada \u00e9 perfeita para criar uma atmosfera tranquila e relaxante. A cor da l\u00e2mpada \u00e9 importante. Evite luzes brancas, j\u00e1 que elas podem te deixar mais alerta \u2013 e quem quer ficar acordado na hora de dormir? Usar lumin\u00e1rias de cabeceira com dimers tamb\u00e9m \u00e9 uma \u00f3tima ideia!<\/p>\n<h3>Cozinha<\/h3>\n<figure style=\"width: 1024px\" class=\"wp-caption aligncenter\"><img decoding=\"async\" src=\"https:\/\/www.aarquiteta.com.br\/blog\/wp-content\/uploads\/2025\/01\/iluminacaofuncionalparacadaambiente5.jpeg.webp\" alt=\"Ilumina\u00e7\u00e3o funcional para cada ambiente\" title=\"\"><figcaption class=\"wp-caption-text\">Ilumina\u00e7\u00e3o funcional para cada ambiente<\/figcaption><\/figure>\n<p>Na <b>cozinha<\/b>, precisamos de luz clara e direta, principalmente em \u00e1reas onde se trabalha: o fog\u00e3o e a pia. Uma boa ilumina\u00e7\u00e3o facilita a prepara\u00e7\u00e3o das refei\u00e7\u00f5es e at\u00e9 mesmo a higiene. Use lumin\u00e1rias embutidas e faixas de LED embaixo dos arm\u00e1rios para garantir que voc\u00ea n\u00e3o crie sombras na hora em que mais precisa de luz!<\/p>\n<h3>Banheiro<\/h3>\n<figure style=\"width: 1024px\" class=\"wp-caption aligncenter\"><img decoding=\"async\" src=\"https:\/\/www.aarquiteta.com.br\/blog\/wp-content\/uploads\/2025\/01\/iluminacao-funcional-para-cada-ambiente-qual-a-importancia03.jpg\" alt=\"A Import\u00e2ncia da Ilumina\u00e7\u00e3o Funcional em Ambientes\" width=\"1024\" height=\"1024\" title=\"\"><figcaption class=\"wp-caption-text\">A Import\u00e2ncia da Ilumina\u00e7\u00e3o Funcional em Ambientes<\/figcaption><\/figure>\n<p>Agora, no <b>banheiro<\/b>, aten\u00e7\u00e3o especial para o espelho! Uma ilumina\u00e7\u00e3o alta e clara por todo o redor \u00e9 essencial para uma boa rotina de beleza. Aqui, as l\u00e2mpadas brancas s\u00e3o as ideais. O segredo \u00e9 eliminar sombras indesejadas e garantir que voc\u00ea possa fazer tudo com tranquilidade.<\/p>\n<h2>Conclus\u00e3o<\/h2>\n<p>O <b>investimento<\/b> em uma ilumina\u00e7\u00e3o funcional \u00e9 um dos melhores passos para transformar sua casa em um espa\u00e7o acolhedor e pr\u00e1tico. Cada ambiente pede uma luz diferente e, ao seguir essas dicas, voc\u00ea vai perceber que a qualidade de vida dos moradores melhora significativamente. Consulte um profissional para personalizar ainda mais seu projeto. A luz pode transformar n\u00e3o s\u00f3 a sua casa, mas a sua vida!<\/p>\n<p><\/body><br \/>\n<figure style=\"width: 1024px\" class=\"wp-caption aligncenter\"><img decoding=\"async\" src=\"https:\/\/www.aarquiteta.com.br\/blog\/wp-content\/uploads\/2025\/01\/iluminacaofuncionalparacadaambiente1.jpeg.webp\" alt=\"Ilumina\u00e7\u00e3o funcional para quartos de casal\" title=\"\"><figcaption class=\"wp-caption-text\">Ilumina\u00e7\u00e3o funcional para quartos de casal<\/figcaption><\/figure>\n<figure style=\"width: 1024px\" class=\"wp-caption aligncenter\"><img decoding=\"async\" src=\"https:\/\/www.aarquiteta.com.br\/blog\/wp-content\/uploads\/2025\/01\/iluminacao-funcional-para-cada-ambiente-qual-a-importancia4.jpg\" alt=\"A Import\u00e2ncia da Ilumina\u00e7\u00e3o Funcional em Ambientes\" width=\"1024\" height=\"1024\" title=\"\"><figcaption class=\"wp-caption-text\">A Import\u00e2ncia da Ilumina\u00e7\u00e3o Funcional em Ambientes<\/figcaption><\/figure>\n<figure style=\"width: 1024px\" class=\"wp-caption aligncenter\"><img decoding=\"async\" src=\"https:\/\/www.aarquiteta.com.br\/blog\/wp-content\/uploads\/2025\/01\/iluminacaofuncionalcozinha.jpeg.webp\" alt=\"Ilumina\u00e7\u00e3o funcional cozinha\" title=\"\"><figcaption class=\"wp-caption-text\">Ilumina\u00e7\u00e3o funcional cozinha<\/figcaption><\/figure>\n<p><iframe title=\"YouTube video player\" src=\"https:\/\/www.youtube.com\/embed\/_lNQxWGXUpY\" width=\"560\" height=\"315\" frameborder=\"0\" allowfullscreen=\"allowfullscreen\"><\/iframe><\/p>\n<img decoding=\"async\" src=\"\" alt=\"\" title=\"\">\n","protected":false},"excerpt":{"rendered":"<p>Descubra como a ilumina\u00e7\u00e3o adequada pode transformar cada ambiente da sua casa, proporcionando conforto e praticidade no seu dia a dia.<\/p>\n","protected":false},"author":102,"featured_media":141373,"comment_status":"closed","ping_status":"closed","sticky":false,"template":"","format":"standard","meta":{"footnotes":""},"categories":[1507,6,249],"tags":[],"class_list":["post-141379","post","type-post","status-publish","format-standard","has-post-thumbnail","category-arquitetura","category-carreira-de-arquitetura","category-engenharia-e-construcao-civil"],"_wp_attached_file":null,"_wp_attachment_metadata":null,"_wp_attachment_context":null,"_wp_attachment_is_custom_header":null,"geo_longitude":null,"geo_public":null,"geo_latitude":null,"_publicize_done_external":null,"_wpas_done_3897181":null,"publicize_twitter_user":null,"_wpas_done_3897175":null,"_wpas_skip_3897181":null,"_wpas_skip_3897175":null,"_wpas_skip_3924723":null,"_wpas_mess":null,"_wpas_done_3924723":null,"wps_subtitle":"","_links":{"self":[{"href":"https:\/\/www.aarquiteta.com.br\/blog\/wp-json\/wp\/v2\/posts\/141379","targetHints":{"allow":["GET"]}}],"collection":[{"href":"https:\/\/www.aarquiteta.com.br\/blog\/wp-json\/wp\/v2\/posts"}],"about":[{"href":"https:\/\/www.aarquiteta.com.br\/blog\/wp-json\/wp\/v2\/types\/post"}],"author":[{"embeddable":true,"href":"https:\/\/www.aarquiteta.com.br\/blog\/wp-json\/wp\/v2\/users\/102"}],"replies":[{"embeddable":true,"href":"https:\/\/www.aarquiteta.com.br\/blog\/wp-json\/wp\/v2\/comments?post=141379"}],"version-history":[{"count":0,"href":"https:\/\/www.aarquiteta.com.br\/blog\/wp-json\/wp\/v2\/posts\/141379\/revisions"}],"wp:featuredmedia":[{"embeddable":true,"href":"https:\/\/www.aarquiteta.com.br\/blog\/wp-json\/wp\/v2\/media\/141373"}],"wp:attachment":[{"href":"https:\/\/www.aarquiteta.com.br\/blog\/wp-json\/wp\/v2\/media?parent=141379"}],"wp:term":[{"taxonomy":"category","embeddable":true,"href":"https:\/\/www.aarquiteta.com.br\/blog\/wp-json\/wp\/v2\/categories?post=141379"},{"taxonomy":"post_tag","embeddable":true,"href":"https:\/\/www.aarquiteta.com.br\/blog\/wp-json\/wp\/v2\/tags?post=141379"}],"curies":[{"name":"wp","href":"https:\/\/api.w.org\/{rel}","templated":true}]}}