{"id":141194,"date":"2025-01-21T15:16:43","date_gmt":"2025-01-21T18:16:43","guid":{"rendered":"https:\/\/www.aarquiteta.com.br\/blog\/granito-preto-2\/"},"modified":"2025-01-21T15:16:43","modified_gmt":"2025-01-21T18:16:43","slug":"granito-preto-2","status":"publish","type":"post","link":"https:\/\/www.aarquiteta.com.br\/blog\/granito-preto-2\/","title":{"rendered":"Granito Preto: beleza e requinte nos ambientes"},"content":{"rendered":"<p><body><\/p>\n<p>Sou f\u00e3 do granito preto, uma escolha que traz sofistica\u00e7\u00e3o e resist\u00eancia para os mais diversos ambientes. Hoje, vou te contar tudo sobre esse material incr\u00edvel e como ele pode transformar sua casa.<\/p>\n<h2>Key Takeaways<\/h2>\n<ul>\n<li><b>Beleza e Versatilidade:<\/b> O granito preto \u00e9 um revestimento que combina estilo e funcionalidade, ideal para qualquer espa\u00e7o da casa.<\/li>\n<li><b>Caracter\u00edsticas \u00danicas:<\/b> Al\u00e9m de ser resistente, o granito preto \u00e9 f\u00e1cil de manter e possui um charme inigual\u00e1vel.<\/li>\n<li><b>Tipos de Granito Preto:<\/b> Existem v\u00e1rias op\u00e7\u00f5es, como o granito preto absoluto e o S\u00e3o Gabriel, cada um com suas aplica\u00e7\u00f5es espec\u00edficas.<\/li>\n<li><b>Dicas de Decora\u00e7\u00e3o:<\/b> O uso criativo do granito preto pode transformar ambientes, criando um visual elegante e contempor\u00e2neo.<\/li>\n<li><b>Conclus\u00e3o:<\/b> Com o granito preto, \u00e9 poss\u00edvel casar beleza e funcionalidade, elevando o estilo de qualquer lar.<\/li>\n<\/ul>\n<h2>Introdu\u00e7\u00e3o ao Granito Preto<\/h2>\n<p>Quando o assunto \u00e9 <b>revestimento<\/b>, o granito preto surge como uma estrela. Ele n\u00e3o \u00e9 apenas bonito, mas tamb\u00e9m traz uma resist\u00eancia que pode superar at\u00e9 os desafios mais complicados na constru\u00e7\u00e3o civil. Usado em cozinhas, escadas e at\u00e9 \u00e1reas externas, esse material tem se mostrado uma escolha certeira para quem busca elegante e durabilidade em um s\u00f3 pacote.<\/p>\n<h2>Caracter\u00edsticas do Granito Preto<\/h2>\n<p>Vamos falar das caracter\u00edsticas que fazem o granito preto ser t\u00e3o especial. Primeiramente, ele \u00e9 <b>extremamente resistente \u00e0 umidade<\/b>, o que o torna perfeito para ambientes \u00famidos como cozinhas e banheiros. Al\u00e9m disso, a sua <b>baixa permeabilidade<\/b> evita manchas indesejadas, garantindo que sua beleza se mantenha intacta com o passar do tempo.<\/p>\n<p>Outra caracter\u00edstica importante \u00e9 a sua <b>beleza natural<\/b>. Cada pe\u00e7a de granito \u00e9 \u00fanica, com desenhos e subtons que atraem olhares. \u00c9 como uma <b>obra de arte da natureza<\/b> que podemos usar em nossa casa, trazendo um ar de sofistica\u00e7\u00e3o e personalidade ao ambiente.<\/p>\n<h2>Tipos de Granito Preto<\/h2>\n<h3>Granito Preto Absoluto<\/h3>\n<figure style=\"width: 1024px\" class=\"wp-caption aligncenter\"><img decoding=\"async\" src=\"https:\/\/www.aarquiteta.com.br\/blog\/wp-content\/uploads\/2025\/01\/granito-preto01.jpg\" alt=\"Granito Preto: beleza e requinte nos ambientes\" width=\"1024\" height=\"1024\" title=\"\"><figcaption class=\"wp-caption-text\">Granito Preto: beleza e requinte nos ambientes<\/figcaption><\/figure>\n<p>O granito preto absoluto \u00e9 um dos mais procurados por sua <b>eleg\u00e2ncia e uniformidade<\/b>. Esse tipo se destaca em bancadas de cozinha e revestimentos de pisos, oferecendo um <b>visual clean<\/b> que combina com qualquer decora\u00e7\u00e3o.<\/p>\n<h3>Granito Preto S\u00e3o Gabriel<\/h3>\n<figure style=\"width: 1024px\" class=\"wp-caption aligncenter\"><img decoding=\"async\" src=\"https:\/\/www.aarquiteta.com.br\/blog\/wp-content\/uploads\/2025\/01\/bancada-de-granito-capa-286x160.png\" alt=\"Bancada de granito: custos e dicas para usar na sua casa\" title=\"\"><figcaption class=\"wp-caption-text\">Bancada de granito: custos e dicas para usar na sua casa<\/figcaption><\/figure>\n<p>O granito preto S\u00e3o Gabriel tem uma <b>textura mais marcada<\/b>, com pequenos pontos brancos que conferem um car\u00e1ter especial ao que, para muitos, seria um simples revestimento. Ele \u00e9 ideal para quem deseja algo que ainda mantenha a sofistica\u00e7\u00e3o, mas com um toque de modernidade.<\/p>\n<h3>Granito Preto Diamante<\/h3>\n<figure style=\"width: 1024px\" class=\"wp-caption aligncenter\"><img decoding=\"async\" src=\"https:\/\/www.aarquiteta.com.br\/blog\/wp-content\/uploads\/2025\/01\/granito-preto-0.jpg\" alt=\"Granito preto: toda a beleza e requinte deste revestimento em 60 fotos.\" title=\"\"><figcaption class=\"wp-caption-text\">Granito preto: toda a beleza e requinte deste revestimento em 60 fotos.<\/figcaption><\/figure>\n<p>Por \u00faltimo, temos o granito preto diamante, que \u00e9 como se a <b>noite estrelada estivesse dentro da sua casa<\/b>. Com um brilho sutil, ele fica deslumbrante em superf\u00edcies de bancada e \u00e9 o preferido para \u00e1reas gourmet, j\u00e1 que combina bem com a ilumina\u00e7\u00e3o.<\/p>\n<h2>Aplica\u00e7\u00f5es do Granito Preto em Diferentes Ambientes<\/h2>\n<h3>Cozinhas Modernas<\/h3>\n<figure style=\"width: 1024px\" class=\"wp-caption aligncenter\"><img decoding=\"async\" src=\"https:\/\/www.aarquiteta.com.br\/blog\/wp-content\/uploads\/2025\/01\/granito-preto02.jpg\" alt=\"Granito Preto: beleza e requinte nos ambientes\" width=\"1024\" height=\"1024\" title=\"\"><figcaption class=\"wp-caption-text\">Granito Preto: beleza e requinte nos ambientes<\/figcaption><\/figure>\n<p>Quando pensamos em <b>cozinhas modernas<\/b>, o granito preto reina absoluto. Ele agrega valor e sofistica\u00e7\u00e3o ao ambiente, deixando tudo mais chic. Uma mesa de jantar em granito preto, por exemplo, n\u00e3o s\u00f3 \u00e9 resistente como tamb\u00e9m facilita na hora da limpeza e manuten\u00e7\u00e3o.<\/p>\n<h3>Escadas e Pisos<\/h3>\n<figure style=\"width: 1024px\" class=\"wp-caption aligncenter\"><img decoding=\"async\" src=\"https:\/\/www.aarquiteta.com.br\/blog\/wp-content\/uploads\/2025\/01\/TC_Ago_08_marmores.png\" alt=\"Foto de TC Ago 08 marmores - 1\" title=\"\"><figcaption class=\"wp-caption-text\">Foto de TC Ago 08 marmores &#8211; 1<\/figcaption><\/figure>\n<p>Utilizar o granito preto em escadas e pisos \u00e9 algo que eu recomendo muito. Ele confere uma <b>durabilidade excepcional<\/b>, sem contar que a est\u00e9tica \u00e9 sempre impactante. Imagina descer uma escada linda de granito preto \u2014 digna de uma passarela!<\/p>\n<h3>\u00c1reas Gourmet<\/h3>\n<figure style=\"width: 1024px\" class=\"wp-caption aligncenter\"><img decoding=\"async\" src=\"https:\/\/www.aarquiteta.com.br\/blog\/wp-content\/uploads\/2025\/01\/granito-preto03.jpg\" alt=\"Granito Preto: beleza e requinte nos ambientes\" width=\"1024\" height=\"1024\" title=\"\"><figcaption class=\"wp-caption-text\">Granito Preto: beleza e requinte nos ambientes<\/figcaption><\/figure>\n<p>Na hora de receber os amigos, ter uma \u00e1rea gourmet com bancadas em granito preto \u00e9 um verdadeiro <b>luxo<\/b>. Al\u00e9m da durabilidade, a superf\u00edcie \u00e9 mais f\u00e1cil de lidar na hora de preparar aquela carne na brasa que todo mundo ama.<\/p>\n<h2>Vantagens do Granito Preto<\/h2>\n<p>Vamos falar das vantagens que fazem desse material uma escolha popular. Uma das maiores vantagens \u00e9 sua <b>resist\u00eancia a riscos<\/b>, ideal para o dia a dia. Pode ser que voc\u00ea derrube um copo ou dois \u2014 quem nunca? Mas n\u00e3o se preocupe, o granito preto vai aguentar firme. Al\u00e9m disso, a <b>facilidade de manuten\u00e7\u00e3o<\/b> \u00e9 incompar\u00e1vel. Uma simples passada de paninho e tudo fica novinho em folha.<\/p>\n<h2>Dicas de Decora\u00e7\u00e3o com Granito Preto<\/h2>\n<p>Se voc\u00ea quer usar o granito preto na decora\u00e7\u00e3o, \u00e9 preciso ter um <b>planejamento inteligente<\/b>. Misture com cores mais claras para criar contraste. Uma cozinha preta e branca, por exemplo, fica incr\u00edvel. E que tal incluir elementos de madeira? O contraste entre o frio do granito e o calor da madeira traz uma harmonia especial ao ambiente.<\/p>\n<p>Cuidado apenas para na hora de escolher outros elementos decorativos. Um sof\u00e1 de cor forte na sala contrabalan\u00e7ando com o ch\u00e3o em granito preto \u00e9 uma excelente ideia; isso confere ao ambiente uma personalidade \u00fanica!<\/p>\n<h2>Conclus\u00e3o<\/h2>\n<p>O granito preto realmente se destaca como uma escolha para quem busca <b>belezura e funcionalidade<\/b> em sua decora\u00e7\u00e3o. Os ambientes ganham um novo ar com esse material, que \u00e9 sin\u00f4nimo de sofistica\u00e7\u00e3o. Portanto, ao escolher o granito preto, voc\u00ea est\u00e1 n\u00e3o s\u00f3 investindo em estilo, mas tamb\u00e9m garantindo durabilidade e excel\u00eancia em suas composi\u00e7\u00f5es de design.<\/p>\n<p><\/body><br \/>\n<figure style=\"width: 1024px\" class=\"wp-caption aligncenter\"><img decoding=\"async\" src=\"https:\/\/www.aarquiteta.com.br\/blog\/wp-content\/uploads\/2025\/01\/granito-preto-sao-gabriel-1-286x160.jpg\" alt=\"Dicas para usar o granito preto S\u00e3o Gabriel em seu projeto\" title=\"\"><figcaption class=\"wp-caption-text\">Dicas para usar o granito preto S\u00e3o Gabriel em seu projeto<\/figcaption><\/figure>\n<figure style=\"width: 1024px\" class=\"wp-caption aligncenter\"><img decoding=\"async\" src=\"https:\/\/www.aarquiteta.com.br\/blog\/wp-content\/uploads\/2025\/01\/granito-preto4.jpg\" alt=\"Granito Preto: beleza e requinte nos ambientes\" width=\"1024\" height=\"1024\" title=\"\"><figcaption class=\"wp-caption-text\">Granito Preto: beleza e requinte nos ambientes<\/figcaption><\/figure>\n<figure style=\"width: 1024px\" class=\"wp-caption aligncenter\"><img decoding=\"async\" src=\"https:\/\/www.aarquiteta.com.br\/blog\/wp-content\/uploads\/2025\/01\/granito-verde-ubatuba-000.jpg\" alt=\"Granito verde ubatuba: 60 ideias incr\u00edveis para apostar nessa pedra\" title=\"\"><figcaption class=\"wp-caption-text\">Granito verde ubatuba: 60 ideias incr\u00edveis para apostar nessa pedra<\/figcaption><\/figure>\n<p><iframe title=\"YouTube video player\" src=\"https:\/\/www.youtube.com\/embed\/7qJto7pOTIk\" width=\"560\" height=\"315\" frameborder=\"0\" allowfullscreen=\"allowfullscreen\"><\/iframe><\/p>\n<figure style=\"width: 1024px\" class=\"wp-caption aligncenter\"><img decoding=\"async\" src=\"https:\/\/www.aarquiteta.com.br\/blog\/wp-content\/uploads\/2025\/01\/granito-preto-1-730x729.jpg\" alt=\"Revestindo a bancada e garantindo espa\u00e7o de sobra para o preparo da comida\" title=\"\"><figcaption class=\"wp-caption-text\">Revestindo a bancada e garantindo espa\u00e7o de sobra para o preparo da comida<\/figcaption><\/figure>\n","protected":false},"excerpt":{"rendered":"<p>Descubra 60 fotos de ambientes decorados com granito preto. Belezas, dicas e a versatilidade deste revestimento marcante.<\/p>\n","protected":false},"author":102,"featured_media":141187,"comment_status":"closed","ping_status":"closed","sticky":false,"template":"","format":"standard","meta":{"footnotes":""},"categories":[1507,249],"tags":[],"class_list":["post-141194","post","type-post","status-publish","format-standard","has-post-thumbnail","category-arquitetura","category-engenharia-e-construcao-civil"],"_wp_attached_file":null,"_wp_attachment_metadata":null,"_wp_attachment_context":null,"_wp_attachment_is_custom_header":null,"geo_longitude":null,"geo_public":null,"geo_latitude":null,"_publicize_done_external":null,"_wpas_done_3897181":null,"publicize_twitter_user":null,"_wpas_done_3897175":null,"_wpas_skip_3897181":null,"_wpas_skip_3897175":null,"_wpas_skip_3924723":null,"_wpas_mess":null,"_wpas_done_3924723":null,"wps_subtitle":"","_links":{"self":[{"href":"https:\/\/www.aarquiteta.com.br\/blog\/wp-json\/wp\/v2\/posts\/141194","targetHints":{"allow":["GET"]}}],"collection":[{"href":"https:\/\/www.aarquiteta.com.br\/blog\/wp-json\/wp\/v2\/posts"}],"about":[{"href":"https:\/\/www.aarquiteta.com.br\/blog\/wp-json\/wp\/v2\/types\/post"}],"author":[{"embeddable":true,"href":"https:\/\/www.aarquiteta.com.br\/blog\/wp-json\/wp\/v2\/users\/102"}],"replies":[{"embeddable":true,"href":"https:\/\/www.aarquiteta.com.br\/blog\/wp-json\/wp\/v2\/comments?post=141194"}],"version-history":[{"count":0,"href":"https:\/\/www.aarquiteta.com.br\/blog\/wp-json\/wp\/v2\/posts\/141194\/revisions"}],"wp:featuredmedia":[{"embeddable":true,"href":"https:\/\/www.aarquiteta.com.br\/blog\/wp-json\/wp\/v2\/media\/141187"}],"wp:attachment":[{"href":"https:\/\/www.aarquiteta.com.br\/blog\/wp-json\/wp\/v2\/media?parent=141194"}],"wp:term":[{"taxonomy":"category","embeddable":true,"href":"https:\/\/www.aarquiteta.com.br\/blog\/wp-json\/wp\/v2\/categories?post=141194"},{"taxonomy":"post_tag","embeddable":true,"href":"https:\/\/www.aarquiteta.com.br\/blog\/wp-json\/wp\/v2\/tags?post=141194"}],"curies":[{"name":"wp","href":"https:\/\/api.w.org\/{rel}","templated":true}]}}