{"id":141160,"date":"2025-01-20T21:09:19","date_gmt":"2025-01-21T00:09:19","guid":{"rendered":"https:\/\/www.aarquiteta.com.br\/blog\/profissional-do-futuro\/"},"modified":"2025-01-20T21:09:19","modified_gmt":"2025-01-21T00:09:19","slug":"profissional-do-futuro","status":"publish","type":"post","link":"https:\/\/www.aarquiteta.com.br\/blog\/profissional-do-futuro\/","title":{"rendered":"Descubra os melhores caminhos para ser um profissional do futuro."},"content":{"rendered":"<p>O mercado de trabalho est\u00e1 em constante transforma\u00e7\u00e3o, e para se destacar, \u00e9 fundamental entender as caracter\u00edsticas do profissional do futuro. Neste artigo, vamos explorar as habilidades essenciais que todo trabalhador deve desenvolver para se manter relevante e competitivo.<\/p>\n<h2>Pontos principais do artigo:<\/h2>\n<ul>\n<li><b>Intelig\u00eancia emocional:<\/b> A capacidade de lidar com cr\u00edticas e feedbacks \u00e9 crucial para o crescimento pessoal e profissional.<\/li>\n<li><b>Agilidade nas entregas:<\/b> Ser produtivo e saber gerenciar o tempo \u00e9 essencial para cumprir prazos sem comprometer a qualidade.<\/li>\n<li><b>Boa comunica\u00e7\u00e3o:<\/b> A habilidade de se comunicar de forma clara e eficaz \u00e9 vital para o trabalho em equipe e o relacionamento com clientes.<\/li>\n<li><b>Capacidade de adapta\u00e7\u00e3o:<\/b> A flexibilidade para se ajustar a novas formas de trabalho e tecnologias \u00e9 uma caracter\u00edstica indispens\u00e1vel.<\/li>\n<li><b>Autoconhecimento:<\/b> Entender suas pr\u00f3prias for\u00e7as e fraquezas ajuda na tomada de decis\u00f5es e na escolha de caminhos profissionais.<\/li>\n<li><b>Desenvolvimento cont\u00ednuo:<\/b> A busca por aprendizado constante \u00e9 fundamental para se manter atualizado e relevante no mercado.<\/li>\n<\/ul>\n<h2>Intelig\u00eancia emocional<\/h2>\n<p>Quando falamos de <b>intelig\u00eancia emocional<\/b>, estamos nos referindo \u00e0 habilidade de reconhecer e gerenciar as pr\u00f3prias emo\u00e7\u00f5es e as dos outros. No ambiente de trabalho, isso se traduz em saber receber cr\u00edticas e feedbacks sem se deixar abalar. Imagine um profissional que, ao receber uma sugest\u00e3o de melhoria, n\u00e3o se fecha em um casulo de inseguran\u00e7a, mas sim, usa essa informa\u00e7\u00e3o como um trampolim para o crescimento. Essa \u00e9 a ess\u00eancia do profissional do futuro.<\/p>\n<p>Al\u00e9m disso, a intelig\u00eancia emocional permite que o colaborador crie um ambiente de trabalho mais colaborativo e motivador. Ao incentivar os colegas a se desenvolverem, ele n\u00e3o apenas melhora seu pr\u00f3prio desempenho, mas tamb\u00e9m contribui para o sucesso coletivo. Portanto, cultivar essa habilidade \u00e9 um passo fundamental para quem deseja se destacar no mercado.<\/p>\n<h2>Agilidade nas entregas<\/h2>\n<p>Em um mundo onde tudo acontece a mil por hora, a <b>agilidade nas entregas<\/b> se tornou uma caracter\u00edstica muito valorizada. No entanto, \u00e9 importante entender que ser \u00e1gil n\u00e3o significa fazer tudo \u00e0s pressas. \u00c9 sobre saber identificar os momentos em que a produtividade est\u00e1 em alta e aproveitar essas janelas para entregar resultados de qualidade.<\/p>\n<p>Por exemplo, se voc\u00ea percebe que sua mente est\u00e1 mais clara e criativa em determinados hor\u00e1rios do dia, use isso a seu favor. Organize suas tarefas de forma a maximizar sua efici\u00eancia. E lembre-se: cumprir prazos \u00e9 essencial, mas n\u00e3o a qualquer custo. A qualidade do trabalho deve sempre ser priorizada. Afinal, um trabalho bem feito fala mais alto do que uma entrega r\u00e1pida e superficial.<\/p>\n<h2>Boa comunica\u00e7\u00e3o<\/h2>\n<p>A <b>comunica\u00e7\u00e3o eficaz<\/b> \u00e9 uma das habilidades mais procuradas pelas empresas. Saber se expressar de forma clara, tanto na escrita quanto na fala, \u00e9 fundamental para o alinhamento de expectativas e para o bom funcionamento das equipes. Imagine um time onde todos est\u00e3o na mesma p\u00e1gina, entendendo suas fun\u00e7\u00f5es e responsabilidades. Isso n\u00e3o s\u00f3 melhora a produtividade, mas tamb\u00e9m cria um ambiente de trabalho mais harmonioso.<\/p>\n<p>Al\u00e9m disso, a boa comunica\u00e7\u00e3o \u00e9 vital para interagir com clientes e fornecedores. Saber dialogar, alinhar estrat\u00e9gias e discutir abordagens s\u00e3o habilidades que podem fazer toda a diferen\u00e7a na hora de fechar um neg\u00f3cio ou resolver um problema. Portanto, investir em comunica\u00e7\u00e3o \u00e9 investir no pr\u00f3prio futuro profissional.<\/p>\n<h2>Capacidade de se adaptar \u00e0s novas formas de trabalho<\/h2>\n<p>O mundo est\u00e1 mudando rapidamente, e a <b>capacidade de adapta\u00e7\u00e3o<\/b> \u00e9 uma habilidade que n\u00e3o pode ser ignorada. Com a ascens\u00e3o do trabalho remoto e das novas tecnologias, os profissionais precisam estar prontos para se ajustar a diferentes cen\u00e1rios e m\u00e9todos de trabalho. Isso significa estar aberto a aprender novas ferramentas e a se familiarizar com novas din\u00e2micas de equipe.<\/p>\n<p>Felizmente, institui\u00e7\u00f5es como a Anhanguera est\u00e3o se esfor\u00e7ando para preparar os alunos para essas mudan\u00e7as. Com programas que focam em habilidades digitais e compet\u00eancias transversais, os estudantes t\u00eam a oportunidade de se tornarem profissionais mais completos e adapt\u00e1veis. Para saber mais sobre essas habilidades, voc\u00ea pode acessar o conte\u00fado dispon\u00edvel <a href=\"https:\/\/blog.anhanguera.com\/habilidades-profissionais\/\" target=\"_blank\" rel=\"noopener\">aqui<\/a>.<\/p>\n<h2>Autoconhecimento<\/h2>\n<p>O <b>autoconhecimento<\/b> \u00e9 a base para qualquer desenvolvimento pessoal e profissional. Quando um profissional entende suas pr\u00f3prias for\u00e7as e fraquezas, ele se torna capaz de tomar decis\u00f5es mais acertadas, como a escolha da gradua\u00e7\u00e3o ou a busca por novas oportunidades. Imagine escolher um caminho profissional que realmente ressoe com suas habilidades e paix\u00f5es. Isso n\u00e3o s\u00f3 aumenta a satisfa\u00e7\u00e3o no trabalho, mas tamb\u00e9m a probabilidade de sucesso.<\/p>\n<p>Al\u00e9m disso, o autoconhecimento permite que o profissional estabele\u00e7a prazos realistas e assuma responsabilidades de forma mais consciente. Ao se comprometer com suas metas, ele se torna um colaborador mais confi\u00e1vel e eficiente. Portanto, investir tempo em entender a si mesmo \u00e9 um passo crucial para quem deseja se destacar no mercado de trabalho.<\/p>\n<h2>Desenvolvimento cont\u00ednuo<\/h2>\n<p>Por \u00faltimo, mas n\u00e3o menos importante, o <b>desenvolvimento cont\u00ednuo<\/b> \u00e9 uma caracter\u00edstica que todo profissional deve abra\u00e7ar. O aprendizado n\u00e3o deve parar ap\u00f3s a gradua\u00e7\u00e3o; na verdade, ele deve ser uma constante ao longo da carreira. O mercado est\u00e1 sempre evoluindo, e aqueles que n\u00e3o buscam se atualizar correm o risco de ficar para tr\u00e1s.<\/p>\n<p>Participar de cursos, workshops e treinamentos \u00e9 uma excelente maneira de se manter relevante. Al\u00e9m disso, a troca de experi\u00eancias com colegas e mentores pode proporcionar insights valiosos. Portanto, nunca subestime o poder do aprendizado cont\u00ednuo. Ele \u00e9 a chave para abrir portas e conquistar novas oportunidades.<\/p>\n<h2>Conclus\u00e3o<\/h2>\n<p>Em resumo, o profissional do futuro precisa desenvolver uma s\u00e9rie de habilidades que v\u00e3o al\u00e9m do conhecimento t\u00e9cnico. A <b>intelig\u00eancia emocional<\/b>, a <b>agilidade nas entregas<\/b>, a <b>boa comunica\u00e7\u00e3o<\/b>, a <b>capacidade de adapta\u00e7\u00e3o<\/b>, o <b>autoconhecimento<\/b> e o <b>desenvolvimento cont\u00ednuo<\/b> s\u00e3o caracter\u00edsticas essenciais para se destacar em um mercado de trabalho em constante mudan\u00e7a. Ao investir nessas habilidades, voc\u00ea n\u00e3o s\u00f3 aumenta seu valor profissional, mas tamb\u00e9m se aproxima de alcan\u00e7ar seus objetivos de carreira. Ent\u00e3o, que tal come\u00e7ar essa jornada de autodescoberta e aprimoramento agora mesmo?<\/p>\n<figure style=\"width: 1024px\" class=\"wp-caption aligncenter\"><img decoding=\"async\" src=\"https:\/\/www.aarquiteta.com.br\/blog\/wp-content\/uploads\/2025\/01\/post_thumbnail-85e302b5dc461b1c7688cf787bed567f.jpg\" alt=\"Descubra os melhores caminhos para ser um profissional do futuro.\" width=\"1024\" height=\"1024\" title=\"\"><figcaption class=\"wp-caption-text\">Fonte: <a href=\"https:\/\/blog.anhanguera.com\/profissional-do-futuro\/\" target=\"_blank\" rel=\"noopener\">Blog anhanguera<\/a><\/figcaption><\/figure>\n<p><iframe width=\"560\" height=\"315\" src=\"https:\/\/www.youtube.com\/embed\/Dd7UvV9Tkew\" title=\"YouTube video player\" frameborder=\"0\" allow=\"accelerometer; autoplay; clipboard-write; encrypted-media; gyroscope; picture-in-picture; web-share\" referrerpolicy=\"strict-origin-when-cross-origin\" allowfullscreen><\/iframe><\/p>\n","protected":false},"excerpt":{"rendered":"<p>O mercado de trabalho est\u00e1 em constante transforma\u00e7\u00e3o, e para se destacar, \u00e9 fundamental entender as caracter\u00edsticas do profissional do futuro. Neste artigo, vamos explorar as habilidades essenciais que todo trabalhador deve desenvolver para se manter relevante e competitivo. Pontos principais do artigo: Intelig\u00eancia emocional: A capacidade de lidar com cr\u00edticas e feedbacks \u00e9 crucial [&hellip;]<\/p>\n","protected":false},"author":20,"featured_media":141159,"comment_status":"closed","ping_status":"closed","sticky":false,"template":"","format":"standard","meta":{"footnotes":""},"categories":[6,35497],"tags":[],"class_list":["post-141160","post","type-post","status-publish","format-standard","has-post-thumbnail","category-carreira-de-arquitetura","category-estudante"],"_wp_attached_file":null,"_wp_attachment_metadata":null,"_wp_attachment_context":null,"_wp_attachment_is_custom_header":null,"geo_longitude":null,"geo_public":null,"geo_latitude":null,"_publicize_done_external":null,"_wpas_done_3897181":null,"publicize_twitter_user":null,"_wpas_done_3897175":null,"_wpas_skip_3897181":null,"_wpas_skip_3897175":null,"_wpas_skip_3924723":null,"_wpas_mess":null,"_wpas_done_3924723":null,"wps_subtitle":"","_links":{"self":[{"href":"https:\/\/www.aarquiteta.com.br\/blog\/wp-json\/wp\/v2\/posts\/141160","targetHints":{"allow":["GET"]}}],"collection":[{"href":"https:\/\/www.aarquiteta.com.br\/blog\/wp-json\/wp\/v2\/posts"}],"about":[{"href":"https:\/\/www.aarquiteta.com.br\/blog\/wp-json\/wp\/v2\/types\/post"}],"author":[{"embeddable":true,"href":"https:\/\/www.aarquiteta.com.br\/blog\/wp-json\/wp\/v2\/users\/20"}],"replies":[{"embeddable":true,"href":"https:\/\/www.aarquiteta.com.br\/blog\/wp-json\/wp\/v2\/comments?post=141160"}],"version-history":[{"count":0,"href":"https:\/\/www.aarquiteta.com.br\/blog\/wp-json\/wp\/v2\/posts\/141160\/revisions"}],"wp:featuredmedia":[{"embeddable":true,"href":"https:\/\/www.aarquiteta.com.br\/blog\/wp-json\/wp\/v2\/media\/141159"}],"wp:attachment":[{"href":"https:\/\/www.aarquiteta.com.br\/blog\/wp-json\/wp\/v2\/media?parent=141160"}],"wp:term":[{"taxonomy":"category","embeddable":true,"href":"https:\/\/www.aarquiteta.com.br\/blog\/wp-json\/wp\/v2\/categories?post=141160"},{"taxonomy":"post_tag","embeddable":true,"href":"https:\/\/www.aarquiteta.com.br\/blog\/wp-json\/wp\/v2\/tags?post=141160"}],"curies":[{"name":"wp","href":"https:\/\/api.w.org\/{rel}","templated":true}]}}