{"id":141157,"date":"2025-01-20T19:28:16","date_gmt":"2025-01-20T22:28:16","guid":{"rendered":"https:\/\/www.aarquiteta.com.br\/blog\/plantas-ideais-varandas-urbanas\/"},"modified":"2025-01-20T19:28:16","modified_gmt":"2025-01-20T22:28:16","slug":"plantas-ideais-varandas-urbanas","status":"publish","type":"post","link":"https:\/\/www.aarquiteta.com.br\/blog\/plantas-ideais-varandas-urbanas\/","title":{"rendered":"Como Escolher Plantas Perfeitas Para Varandas Urbanas"},"content":{"rendered":"<p>Escolher as plantas certas para varandas urbanas pode transformar seu espa\u00e7o em um o\u00e1sis verde, trazendo beleza e frescor ao ambiente. Neste guia, voc\u00ea encontrar\u00e1 dicas pr\u00e1ticas para selecionar as melhores op\u00e7\u00f5es de acordo com o seu estilo de vida e as condi\u00e7\u00f5es do seu espa\u00e7o.<\/p>\n<h2>Destaques principais<\/h2>\n<ul>\n<li><b>Avalia\u00e7\u00e3o do espa\u00e7o:<\/b> Entender a exposi\u00e7\u00e3o ao sol, o espa\u00e7o dispon\u00edvel e o clima local \u00e9 fundamental para escolher as plantas ideais.<\/li>\n<li><b>Tipos de plantas:<\/b> Existem diversas op\u00e7\u00f5es, desde plantas de sol at\u00e9 arom\u00e1ticas, que podem se adaptar ao seu ambiente.<\/li>\n<li><b>Cuidados essenciais:<\/b> A manuten\u00e7\u00e3o adequada, como rega e aduba\u00e7\u00e3o, \u00e9 crucial para garantir a sa\u00fade das suas plantas.<\/li>\n<\/ul>\n<h2>1. Avaliando as Condi\u00e7\u00f5es da Sua Varanda<\/h2>\n<h3>1.1 Exposi\u00e7\u00e3o ao Sol<\/h3>\n<figure style=\"width: 1024px\" class=\"wp-caption aligncenter\"><img decoding=\"async\" src=\"https:\/\/www.aarquiteta.com.br\/blog\/wp-content\/uploads\/2025\/01\/plantas-ideais-varandas-urbanas04.jpg\" alt=\"Como Escolher Plantas Perfeitas Para Varandas Urbanas\" width=\"1024\" height=\"1024\" title=\"\"><figcaption class=\"wp-caption-text\">Como Escolher Plantas Perfeitas Para Varandas Urbanas<\/figcaption><\/figure>\n<p>Antes de escolher suas plantas, \u00e9 <b>essencial avaliar a exposi\u00e7\u00e3o ao sol<\/b> da sua varanda. Algumas plantas prosperam em luz direta, enquanto outras preferem sombra. Observe como a luz solar incide ao longo do dia e escolha plantas que se adequem a essas condi\u00e7\u00f5es.<\/p>\n<h3>1.2 Espa\u00e7o Dispon\u00edvel<\/h3>\n<figure style=\"width: 1024px\" class=\"wp-caption aligncenter\"><img decoding=\"async\" src=\"https:\/\/www.aarquiteta.com.br\/blog\/wp-content\/uploads\/2025\/01\/plantas-ideais-varandas-urbanas03.jpg\" alt=\"Como Escolher Plantas Perfeitas Para Varandas Urbanas\" width=\"1024\" height=\"1024\" title=\"\"><figcaption class=\"wp-caption-text\">Como Escolher Plantas Perfeitas Para Varandas Urbanas<\/figcaption><\/figure>\n<p>O <b>espa\u00e7o dispon\u00edvel<\/b> \u00e9 outro fator importante. Varandas pequenas podem se beneficiar de plantas verticais ou suspensas, enquanto varandas maiores permitem arranjos mais elaborados. Pense em como voc\u00ea pode maximizar o uso do espa\u00e7o.<\/p>\n<h3>1.3 Clima Local<\/h3>\n<figure style=\"width: 1024px\" class=\"wp-caption aligncenter\"><img decoding=\"async\" src=\"https:\/\/www.aarquiteta.com.br\/blog\/wp-content\/uploads\/2025\/01\/plantas-ideais-varandas-urbanas02.jpg\" alt=\"Como Escolher Plantas Perfeitas Para Varandas Urbanas\" width=\"1024\" height=\"1024\" title=\"\"><figcaption class=\"wp-caption-text\">Como Escolher Plantas Perfeitas Para Varandas Urbanas<\/figcaption><\/figure>\n<p>O <b>clima local<\/b> tamb\u00e9m influencia na escolha das plantas. Em regi\u00f5es mais quentes, opte por esp\u00e9cies que toleram altas temperaturas. J\u00e1 em locais mais frios, escolha plantas resistentes ao frio. Conhecer o clima da sua regi\u00e3o \u00e9 fundamental para o sucesso do seu jardim.<\/p>\n<h2>2. Tipos de Plantas para Varandas Urbanas<\/h2>\n<h3>2.1 Plantas de Sol<\/h3>\n<figure style=\"width: 1024px\" class=\"wp-caption aligncenter\"><img decoding=\"async\" src=\"https:\/\/www.aarquiteta.com.br\/blog\/wp-content\/uploads\/2025\/01\/plantas-ideais-varandas-urbanas01.jpg\" alt=\"Como Escolher Plantas Perfeitas Para Varandas Urbanas\" width=\"1024\" height=\"1024\" title=\"\"><figcaption class=\"wp-caption-text\">Como Escolher Plantas Perfeitas Para Varandas Urbanas<\/figcaption><\/figure>\n<p>Se sua varanda recebe bastante luz, considere <b>plantas de sol<\/b> como suculentas, cactos e lavandas. Essas plantas n\u00e3o s\u00f3 embelezam o espa\u00e7o, mas tamb\u00e9m s\u00e3o de baixa manuten\u00e7\u00e3o.<\/p>\n<h3>2.2 Plantas de Sombra<\/h3>\n<p style=\"text-align: center;\">[amazon table=&#8221;88350&#8243;]\n<p>Para varandas com pouca luz, as <b>plantas de sombra<\/b> s\u00e3o ideais. Esp\u00e9cies como samambaias e filodendros se adaptam bem a essas condi\u00e7\u00f5es e trazem um toque de verde ao ambiente.<\/p>\n<h3>2.3 Plantas Arom\u00e1ticas<\/h3>\n<h3>Assista agora a minha recomenda\u00e7\u00e3o de video abaixo sobre o tema que estamos tratando neste artigo: <\/h3>\n<p><div class=\"youtube-embed\" data-video_id=\"75bkvZW275c\"><iframe title=\"op\u00e7\u00f5es de plantas para varanda de sombra.\" width=\"696\" height=\"392\" src=\"https:\/\/www.youtube.com\/embed\/75bkvZW275c?feature=oembed&#038;enablejsapi=1\" frameborder=\"0\" allow=\"accelerometer; autoplay; clipboard-write; encrypted-media; gyroscope; picture-in-picture; web-share\" referrerpolicy=\"strict-origin-when-cross-origin\" allowfullscreen><\/iframe><\/div>\n<\/p>\n<p>As <b>plantas arom\u00e1ticas<\/b>, como manjeric\u00e3o, alecrim e hortel\u00e3, s\u00e3o \u00f3timas op\u00e7\u00f5es. Al\u00e9m de decorativas, podem ser utilizadas na culin\u00e1ria, trazendo um aroma delicioso para sua varanda.<\/p>\n<h2>3. Cuidados Essenciais com as Plantas<\/h2>\n<h3>3.1 Rega Adequada<\/h3>\n<p>A <b>rega adequada<\/b> \u00e9 crucial para a sa\u00fade das plantas. Cada esp\u00e9cie tem suas necessidades, ent\u00e3o \u00e9 importante conhecer a frequ\u00eancia ideal de rega. Evite encharcar o solo, pois isso pode causar apodrecimento das ra\u00edzes.<\/p>\n<h3>3.2 Aduba\u00e7\u00e3o e Nutrientes<\/h3>\n<p>As plantas tamb\u00e9m precisam de <b>nutrientes<\/b> para crescer saud\u00e1veis. Utilize adubos org\u00e2nicos e siga as recomenda\u00e7\u00f5es de aplica\u00e7\u00e3o para cada tipo de planta. Isso garantir\u00e1 um crescimento vigoroso e florescimento abundante.<\/p>\n<h3>3.3 Poda e Manuten\u00e7\u00e3o<\/h3>\n<p>A <b>poda<\/b> \u00e9 uma parte importante da manuten\u00e7\u00e3o das plantas. Remover folhas secas e galhos danificados ajuda a manter a sa\u00fade da planta e estimula o crescimento de novas folhas.<\/p>\n<h2>4. Estilo e Decora\u00e7\u00e3o com Plantas<\/h2>\n<h3>4.1 Arranjos Criativos<\/h3>\n<p>Use sua criatividade para criar <b>arranjos criativos<\/b> com as plantas. Misturar diferentes esp\u00e9cies e alturas pode resultar em um visual interessante e din\u00e2mico.<\/p>\n<h3>4.2 Uso de Vasos e Jardineiras<\/h3>\n<p>O <b>uso de vasos e jardineiras<\/b> tamb\u00e9m pode influenciar na est\u00e9tica do seu espa\u00e7o. Escolha materiais e cores que combinem com a decora\u00e7\u00e3o da sua varanda, criando um ambiente harmonioso.<\/p>\n<h2>5. Plantas que Atraem Polinizadores<\/h2>\n<h3>5.1 Benef\u00edcios de Atra\u00ed-los<\/h3>\n","protected":false},"excerpt":{"rendered":"<p>Descubra as melhores plantas para decorar varandas urbanas com praticidade.<\/p>\n","protected":false},"author":102,"featured_media":141154,"comment_status":"closed","ping_status":"closed","sticky":false,"template":"","format":"standard","meta":{"footnotes":""},"categories":[1484,971,18792,18794],"tags":[],"class_list":["post-141157","post","type-post","status-publish","format-standard","has-post-thumbnail","category-decoracao","category-design-de-interiores","category-decoracao-de-apartamento","category-projetos-de-decoracao-de-casas"],"_wp_attached_file":null,"_wp_attachment_metadata":null,"_wp_attachment_context":null,"_wp_attachment_is_custom_header":null,"geo_longitude":null,"geo_public":null,"geo_latitude":null,"_publicize_done_external":null,"_wpas_done_3897181":null,"publicize_twitter_user":null,"_wpas_done_3897175":null,"_wpas_skip_3897181":null,"_wpas_skip_3897175":null,"_wpas_skip_3924723":null,"_wpas_mess":null,"_wpas_done_3924723":null,"wps_subtitle":"","_links":{"self":[{"href":"https:\/\/www.aarquiteta.com.br\/blog\/wp-json\/wp\/v2\/posts\/141157","targetHints":{"allow":["GET"]}}],"collection":[{"href":"https:\/\/www.aarquiteta.com.br\/blog\/wp-json\/wp\/v2\/posts"}],"about":[{"href":"https:\/\/www.aarquiteta.com.br\/blog\/wp-json\/wp\/v2\/types\/post"}],"author":[{"embeddable":true,"href":"https:\/\/www.aarquiteta.com.br\/blog\/wp-json\/wp\/v2\/users\/102"}],"replies":[{"embeddable":true,"href":"https:\/\/www.aarquiteta.com.br\/blog\/wp-json\/wp\/v2\/comments?post=141157"}],"version-history":[{"count":0,"href":"https:\/\/www.aarquiteta.com.br\/blog\/wp-json\/wp\/v2\/posts\/141157\/revisions"}],"wp:featuredmedia":[{"embeddable":true,"href":"https:\/\/www.aarquiteta.com.br\/blog\/wp-json\/wp\/v2\/media\/141154"}],"wp:attachment":[{"href":"https:\/\/www.aarquiteta.com.br\/blog\/wp-json\/wp\/v2\/media?parent=141157"}],"wp:term":[{"taxonomy":"category","embeddable":true,"href":"https:\/\/www.aarquiteta.com.br\/blog\/wp-json\/wp\/v2\/categories?post=141157"},{"taxonomy":"post_tag","embeddable":true,"href":"https:\/\/www.aarquiteta.com.br\/blog\/wp-json\/wp\/v2\/tags?post=141157"}],"curies":[{"name":"wp","href":"https:\/\/api.w.org\/{rel}","templated":true}]}}