{"id":141114,"date":"2025-01-20T15:01:26","date_gmt":"2025-01-20T18:01:26","guid":{"rendered":"https:\/\/www.aarquiteta.com.br\/blog\/minha-casa-minha-vida-informacoes\/"},"modified":"2025-01-20T15:01:26","modified_gmt":"2025-01-20T18:01:26","slug":"minha-casa-minha-vida-informacoes","status":"publish","type":"post","link":"https:\/\/www.aarquiteta.com.br\/blog\/minha-casa-minha-vida-informacoes\/","title":{"rendered":"Minha Casa, Minha Vida 2025: tudo o que voc\u00ea precisa saber"},"content":{"rendered":"<p>O Minha Casa, Minha Vida 2025 traz oportunidades incr\u00edveis para a compra de im\u00f3veis com subs\u00eddios e condi\u00e7\u00f5es diferenciadas, especialmente para fam\u00edlias de baixa renda. Vamos descobrir juntos como se inscrever e dar o primeiro passo rumo \u00e0 casa pr\u00f3pria!<\/p>\n<h2>1. O que Muda no Minha Casa, Minha Vida em 2025?<\/h2>\n<p>O programa Minha Casa, Minha Vida 2025 traz uma nova perspectiva em aquisi\u00e7\u00e3o de im\u00f3veis, como se fosse uma linha de chegada para quem sonha com a casa pr\u00f3pria. A estrutura foi reformulada com subs\u00eddios mais acess\u00edveis e acompanhamento a fam\u00edlias que mais precisam. Prepare-se para saber tudo sobre essas mudan\u00e7as!<\/p>\n<h3>Novas Faixas de Renda<\/h3>\n<figure style=\"width: 1024px\" class=\"wp-caption aligncenter\"><img decoding=\"async\" src=\"https:\/\/www.aarquiteta.com.br\/blog\/wp-content\/uploads\/2025\/01\/minha-casa-minha-vida-informacoes01.jpg\" alt=\"Minha Casa, Minha Vida 2025: tudo o que voc\u00ea precisa saber\" width=\"1024\" height=\"1024\" title=\"\"><figcaption class=\"wp-caption-text\">Minha Casa, Minha Vida 2025: tudo o que voc\u00ea precisa saber<\/figcaption><\/figure>\n<p>A principal altera\u00e7\u00e3o no programa \u00e9 a <b>divis\u00e3o das faixas de renda<\/b>, que garante condi\u00e7\u00f5es mais justas para diferentes perfis financeiros. O foco \u00e9 atender as fam\u00edlias que realmente precisam, criando um cen\u00e1rio onde a moradia visa garantir dignidade.<\/p>\n<h2>2. Apoio \u00e0s Fam\u00edlias de Baixa Renda<\/h2>\n<p>Se voc\u00ea tem aquela sensa\u00e7\u00e3o de que o sonho da casa pr\u00f3pria \u00e9 como tentar agarrar uma nuvem, saiba que nem tudo est\u00e1 perdido! O Minha Casa, Minha Vida oferece suporte principalmente \u00e0s fam\u00edlias de baixa renda. Olha s\u00f3 quem recebe um empurr\u00e3ozinho extra!<\/p>\n<h3>Grupos Priorit\u00e1rios<\/h3>\n<img decoding=\"async\" src=\"\" alt=\"\" title=\"\">\n<p>Fam\u00edlias lideradas por mulheres, v\u00edtimas de viol\u00eancia dom\u00e9stica, ou aquelas em situa\u00e7\u00e3o de rua, t\u00eam prioridade. \u00c9 como se o programa fosse um farol de esperan\u00e7a, iluminando o caminho daqueles que enfrentam dificuldades. Isso n\u00e3o \u00e9 s\u00f3 pol\u00edtica habitacional; \u00e9 uma quest\u00e3o de justi\u00e7a social!<\/p>\n<h2>3. Quem Tem Direito ao Minha Casa, Minha Vida em 2025?<\/h2>\n<p>A boa not\u00edcia \u00e9 que o programa se estende a uma variedade maior de fam\u00edlias. Se voc\u00ea acha que n\u00e3o se encaixa, talvez eu tenha uma surpresa! Vamos descobrir quem se qualifica para os benef\u00edcios e como garantir seu lugar nesta jornada.<\/p>\n<h3>Faixas de Renda do Programa<\/h3>\n<figure style=\"width: 1024px\" class=\"wp-caption aligncenter\"><img decoding=\"async\" src=\"https:\/\/www.aarquiteta.com.br\/blog\/wp-content\/uploads\/2025\/01\/entregando-chaves-ao-casal-1200x800.jpg\" alt=\"Entregando chaves ao casal.\" title=\"\"><figcaption class=\"wp-caption-text\">Entregando chaves ao casal.<\/figcaption><\/figure>\n<p>As faixas de renda foram delimitadas em categorias que atendem desde aqueles com rendimento de at\u00e9 R$ 2.850,00 at\u00e9 fam\u00edlias com ganhos de R$ 8.000,00. Essa <b>amplitude<\/b> \u00e9 vital, pois olha para cada canto da sociedade e busca inclus\u00e3o.<\/p>\n<h3>Subs\u00eddios e Condi\u00e7\u00f5es de Financiamento<\/h3>\n<figure style=\"width: 1024px\" class=\"wp-caption aligncenter\"><img decoding=\"async\" src=\"https:\/\/www.aarquiteta.com.br\/blog\/wp-content\/uploads\/2025\/01\/minha-casa-minha-vida-informacoes02.jpg\" alt=\"Minha Casa, Minha Vida 2025: tudo o que voc\u00ea precisa saber\" width=\"1024\" height=\"1024\" title=\"\"><figcaption class=\"wp-caption-text\">Minha Casa, Minha Vida 2025: tudo o que voc\u00ea precisa saber<\/figcaption><\/figure>\n<p>Os subs\u00eddios tamb\u00e9m sofreram altera\u00e7\u00f5es e, dependendo da sua faixa, voc\u00ea pode ter descontos incr\u00edveis nas parcelas! \u00c9 como ganhar um cupom de desconto, mas para a casa dos seus sonhos! Lembre-se: quanto menor a renda, maiores s\u00e3o as vantagens.<\/p>\n<h2>4. Onde se Inscrever para o Minha Casa, Minha Vida 2025?<\/h2>\n<p>Agora que voc\u00ea j\u00e1 sabe quais s\u00e3o as condi\u00e7\u00f5es, vamos ao que interessa: a <b>inscri\u00e7\u00e3o<\/b>! Prazer em conhecer a papelada que far\u00e1 seus planos virarem realidade. Vamos l\u00e1!<\/p>\n<h3>Documentos Necess\u00e1rios<\/h3>\n<figure style=\"width: 1024px\" class=\"wp-caption aligncenter\"><img decoding=\"async\" src=\"https:\/\/www.aarquiteta.com.br\/blog\/wp-content\/uploads\/2025\/01\/Chave-do-novo-apartamento-1024x683.webp\" alt=\"Chave do novo apartamento Minha Casa, Minha Vida 2025.\" title=\"\"><figcaption class=\"wp-caption-text\">Chave do novo apartamento Minha Casa, Minha Vida 2025.<\/figcaption><\/figure>\n<p>Para se inscrever de forma tranquila, re\u00fana a documenta\u00e7\u00e3o. Renda, despesas, e at\u00e9 aquele comprovante de resid\u00eancia \u2013 tudo isso faz parte do dossi\u00ea. Juntando tudo certinho, voc\u00ea j\u00e1 est\u00e1 meio caminho andado. Agora, sobre o local&#8230;<\/p>\n<h3>Inscri\u00e7\u00f5es para as Faixas 1, 2 e 3<\/h3>\n<figure style=\"width: 1024px\" class=\"wp-caption aligncenter\"><img decoding=\"async\" src=\"https:\/\/www.aarquiteta.com.br\/blog\/wp-content\/uploads\/2025\/01\/minha-casa-minha-vida-informacoes03.jpg\" alt=\"Minha Casa, Minha Vida 2025: tudo o que voc\u00ea precisa saber\" width=\"1024\" height=\"1024\" title=\"\"><figcaption class=\"wp-caption-text\">Minha Casa, Minha Vida 2025: tudo o que voc\u00ea precisa saber<\/figcaption><\/figure>\n<p>As inscri\u00e7\u00f5es podem ser feitas na <b>Prefeitura local<\/b> ou por meio de entidades organizadoras que facilitam esse trajeto. Se voc\u00ea est\u00e1 na Faixa 1, a prefeitura \u00e9 seu porto seguro. Navegar pelas \u00e1guas da burocracia pode ser um desafio, mas vale a pena!<\/p>\n<h2>5. Quanto Tempo Demora para a Caixa Aprovar?<\/h2>\n<p>J\u00e1 pensou no tempo de espera? Ap\u00f3s enviar os documentos, a an\u00e1lise pode levar at\u00e9 <b>30 dias<\/b>. Isso \u00e9 um m\u00eas rapidinho se comparado ao sonho que se materializa. E se tudo der certo, logo voc\u00ea receber\u00e1 um sinal verde para partir para os tr\u00e2mites seguintes!<\/p>\n<h2>6. Conquiste sua Casa Pr\u00f3pria com Direcional<\/h2>\n<p>Agora, qual \u00e9 o papel da Direcional nessa hist\u00f3ria? A empresa \u00e9 como um <b>guia<\/b> que oferece suporte em cada etapa do processo. Desde a escolha do im\u00f3vel at\u00e9 a finaliza\u00e7\u00e3o do contrato, ter profissionais ao lado faz toda a diferen\u00e7a na sua jornada. A seguran\u00e7a e a confiabilidade s\u00e3o atributos que n\u00e3o podem faltar!<\/p>\n<h2>Conclus\u00e3o<\/h2>\n<p>O Minha Casa, Minha Vida 2025 representa uma virada na forma como encaramos a compra de im\u00f3veis. Com uma estrutura que se prop\u00f5e a ouvir as necessidades da popula\u00e7\u00e3o e a incentivar a inclus\u00e3o, estamos diante de um cen\u00e1rio promissor. Portanto, n\u00e3o hesite em empreender essa jornada; seu lar espera por voc\u00ea! Lembre-se, cada passo conta e \u00e9 fundamental preparar-se para o que est\u00e1 por vir, pois o sonho da casa pr\u00f3pria est\u00e1 a um clique de dist\u00e2ncia.<\/p>\n<figure style=\"width: 1024px\" class=\"wp-caption aligncenter\"><img decoding=\"async\" src=\"https:\/\/www.aarquiteta.com.br\/blog\/wp-content\/uploads\/2025\/01\/BANNER-DE-ARTIGO-Comprando-meu-primeiro-apartamento.webp\" alt=\"BANNER DE ARTIGO: Comprando meu primeiro apartamento.\" title=\"\"><figcaption class=\"wp-caption-text\">BANNER DE ARTIGO: Comprando meu primeiro apartamento.<\/figcaption><\/figure>\n<figure style=\"width: 1024px\" class=\"wp-caption aligncenter\"><img decoding=\"async\" src=\"https:\/\/www.aarquiteta.com.br\/blog\/wp-content\/uploads\/2025\/01\/minha-casa-minha-vida-informacoes4.jpg\" alt=\"Minha Casa, Minha Vida 2025: tudo o que voc\u00ea precisa saber\" width=\"1024\" height=\"1024\" title=\"\"><figcaption class=\"wp-caption-text\">Minha Casa, Minha Vida 2025: tudo o que voc\u00ea precisa saber<\/figcaption><\/figure>\n<figure style=\"width: 1024px\" class=\"wp-caption aligncenter\"><img decoding=\"async\" src=\"https:\/\/www.aarquiteta.com.br\/blog\/wp-content\/uploads\/2025\/01\/Churrasqueira-Reserva-Flora-Direcional-1024x576.webp\" alt=\"Churrasqueira Reserva Flora Direcional.\" title=\"\"><figcaption class=\"wp-caption-text\">Churrasqueira Reserva Flora Direcional.<\/figcaption><\/figure>\n<p><iframe title=\"YouTube video player\" src=\"https:\/\/www.youtube.com\/embed\/xFntrO3uWQM\" width=\"560\" height=\"315\" frameborder=\"0\" allowfullscreen=\"allowfullscreen\"><\/iframe><\/p>\n<img decoding=\"async\" src=\"\" alt=\"\" title=\"\">\n","protected":false},"excerpt":{"rendered":"<p>Descubra as novidades do Minha Casa, Minha Vida 2025 e saiba como adquirir seu im\u00f3vel com condi\u00e7\u00f5es especiais.<\/p>\n","protected":false},"author":102,"featured_media":141108,"comment_status":"closed","ping_status":"closed","sticky":false,"template":"","format":"standard","meta":{"footnotes":""},"categories":[1507,249],"tags":[],"class_list":["post-141114","post","type-post","status-publish","format-standard","has-post-thumbnail","category-arquitetura","category-engenharia-e-construcao-civil"],"_wp_attached_file":null,"_wp_attachment_metadata":null,"_wp_attachment_context":null,"_wp_attachment_is_custom_header":null,"geo_longitude":null,"geo_public":null,"geo_latitude":null,"_publicize_done_external":null,"_wpas_done_3897181":null,"publicize_twitter_user":null,"_wpas_done_3897175":null,"_wpas_skip_3897181":null,"_wpas_skip_3897175":null,"_wpas_skip_3924723":null,"_wpas_mess":null,"_wpas_done_3924723":null,"wps_subtitle":"","_links":{"self":[{"href":"https:\/\/www.aarquiteta.com.br\/blog\/wp-json\/wp\/v2\/posts\/141114","targetHints":{"allow":["GET"]}}],"collection":[{"href":"https:\/\/www.aarquiteta.com.br\/blog\/wp-json\/wp\/v2\/posts"}],"about":[{"href":"https:\/\/www.aarquiteta.com.br\/blog\/wp-json\/wp\/v2\/types\/post"}],"author":[{"embeddable":true,"href":"https:\/\/www.aarquiteta.com.br\/blog\/wp-json\/wp\/v2\/users\/102"}],"replies":[{"embeddable":true,"href":"https:\/\/www.aarquiteta.com.br\/blog\/wp-json\/wp\/v2\/comments?post=141114"}],"version-history":[{"count":0,"href":"https:\/\/www.aarquiteta.com.br\/blog\/wp-json\/wp\/v2\/posts\/141114\/revisions"}],"wp:featuredmedia":[{"embeddable":true,"href":"https:\/\/www.aarquiteta.com.br\/blog\/wp-json\/wp\/v2\/media\/141108"}],"wp:attachment":[{"href":"https:\/\/www.aarquiteta.com.br\/blog\/wp-json\/wp\/v2\/media?parent=141114"}],"wp:term":[{"taxonomy":"category","embeddable":true,"href":"https:\/\/www.aarquiteta.com.br\/blog\/wp-json\/wp\/v2\/categories?post=141114"},{"taxonomy":"post_tag","embeddable":true,"href":"https:\/\/www.aarquiteta.com.br\/blog\/wp-json\/wp\/v2\/tags?post=141114"}],"curies":[{"name":"wp","href":"https:\/\/api.w.org\/{rel}","templated":true}]}}