{"id":141052,"date":"2025-01-19T20:27:06","date_gmt":"2025-01-19T23:27:06","guid":{"rendered":"https:\/\/www.aarquiteta.com.br\/blog\/jardins-verticais-laterais-casa\/"},"modified":"2025-01-19T20:27:06","modified_gmt":"2025-01-19T23:27:06","slug":"jardins-verticais-laterais-casa","status":"publish","type":"post","link":"https:\/\/www.aarquiteta.com.br\/blog\/jardins-verticais-laterais-casa\/","title":{"rendered":"Como Aproveitar Espa\u00e7os Laterais Com Jardins Verticais"},"content":{"rendered":"<p><body><\/p>\n<p>Os jardins verticais s\u00e3o uma solu\u00e7\u00e3o inovadora que transforma espa\u00e7os pequenos em \u00e1reas verdes, proporcionando frescor e beleza, al\u00e9m de contribuir para a purifica\u00e7\u00e3o do ar. Aprenda como criar o seu!<\/p>\n<h2>Destaques principais<\/h2>\n<ul>\n<li><b>O que s\u00e3o Jardins Verticais?<\/b> &#8211; Entenda a defini\u00e7\u00e3o e a import\u00e2ncia dessa tend\u00eancia na arquitetura moderna.<\/li>\n<li><b>Vantagens de Ter um Jardim Vertical<\/b> &#8211; Descubra os benef\u00edcios que um jardim vertical pode trazer para sua casa ou escrit\u00f3rio.<\/li>\n<li><b>Cuidados e Manuten\u00e7\u00e3o<\/b> &#8211; Aprenda como cuidar do seu jardim vertical para que ele permane\u00e7a saud\u00e1vel e bonito.<\/li>\n<\/ul>\n<h2>O que s\u00e3o Jardins Verticais?<\/h2>\n<p>Os <b>jardins verticais<\/b> s\u00e3o estruturas que permitem o cultivo de plantas em paredes ou superf\u00edcies verticais. Essa t\u00e9cnica, al\u00e9m de ser uma solu\u00e7\u00e3o est\u00e9tica, \u00e9 uma forma de trazer a natureza para ambientes urbanos, onde o espa\u00e7o \u00e9 limitado. Eles podem ser feitos com uma variedade de plantas, desde suculentas at\u00e9 ervas arom\u00e1ticas, e s\u00e3o uma excelente maneira de melhorar a qualidade do ar e a est\u00e9tica do local.<\/p>\n<h2>Vantagens de Ter um Jardim Vertical<\/h2>\n<h3>Economia de Espa\u00e7o<\/h3>\n<figure style=\"width: 1024px\" class=\"wp-caption aligncenter\"><img decoding=\"async\" src=\"https:\/\/www.aarquiteta.com.br\/blog\/wp-content\/uploads\/2025\/01\/jardins-verticais-laterais-casa04.jpg\" alt=\"Como Aproveitar Espa\u00e7os Laterais Com Jardins Verticais\" width=\"1024\" height=\"1024\" title=\"\"><figcaption class=\"wp-caption-text\">Como Aproveitar Espa\u00e7os Laterais Com Jardins Verticais<\/figcaption><\/figure>\n<p>Um dos principais benef\u00edcios dos jardins verticais \u00e9 a <b>economia de espa\u00e7o<\/b>. Em \u00e1reas urbanas, onde cada metro quadrado conta, essa solu\u00e7\u00e3o permite que voc\u00ea tenha um espa\u00e7o verde sem ocupar muito espa\u00e7o no ch\u00e3o. \u00c9 uma maneira inteligente de maximizar o uso de \u00e1reas pequenas, como varandas e corredores.<\/p>\n<h3>Melhoria da Qualidade do Ar<\/h3>\n<figure style=\"width: 1024px\" class=\"wp-caption aligncenter\"><img decoding=\"async\" src=\"https:\/\/www.aarquiteta.com.br\/blog\/wp-content\/uploads\/2025\/01\/jardins-verticais-laterais-casa03.jpg\" alt=\"Como Aproveitar Espa\u00e7os Laterais Com Jardins Verticais\" width=\"1024\" height=\"1024\" title=\"\"><figcaption class=\"wp-caption-text\">Como Aproveitar Espa\u00e7os Laterais Com Jardins Verticais<\/figcaption><\/figure>\n<p>Al\u00e9m de embelezar o ambiente, os jardins verticais ajudam a <b>melhorar a qualidade do ar<\/b>. As plantas absorvem di\u00f3xido de carbono e liberam oxig\u00eanio, contribuindo para um ambiente mais saud\u00e1vel. Isso \u00e9 especialmente importante em \u00e1reas urbanas, onde a polui\u00e7\u00e3o do ar pode ser um problema s\u00e9rio.<\/p>\n<h3>Est\u00e9tica e Valoriza\u00e7\u00e3o do Im\u00f3vel<\/h3>\n<figure style=\"width: 1024px\" class=\"wp-caption aligncenter\"><img decoding=\"async\" src=\"https:\/\/www.aarquiteta.com.br\/blog\/wp-content\/uploads\/2025\/01\/jardins-verticais-laterais-casa02.jpg\" alt=\"Como Aproveitar Espa\u00e7os Laterais Com Jardins Verticais\" width=\"1024\" height=\"1024\" title=\"\"><figcaption class=\"wp-caption-text\">Como Aproveitar Espa\u00e7os Laterais Com Jardins Verticais<\/figcaption><\/figure>\n<p>Um jardim vertical n\u00e3o s\u00f3 embeleza o espa\u00e7o, mas tamb\u00e9m pode <b>valorizar o im\u00f3vel<\/b>. A presen\u00e7a de \u00e1reas verdes \u00e9 um atrativo para potenciais compradores e inquilinos, tornando o ambiente mais convidativo e agrad\u00e1vel.<\/p>\n<h2>Como Planejar um Jardim Vertical<\/h2>\n<h3>Escolha do Local<\/h3>\n<figure style=\"width: 1024px\" class=\"wp-caption aligncenter\"><img decoding=\"async\" src=\"https:\/\/www.aarquiteta.com.br\/blog\/wp-content\/uploads\/2025\/01\/jardins-verticais-laterais-casa01.jpg\" alt=\"Como Aproveitar Espa\u00e7os Laterais Com Jardins Verticais\" width=\"1024\" height=\"1024\" title=\"\"><figcaption class=\"wp-caption-text\">Como Aproveitar Espa\u00e7os Laterais Com Jardins Verticais<\/figcaption><\/figure>\n<p>O primeiro passo para criar um jardim vertical \u00e9 a <b>escolha do local<\/b>. \u00c9 importante considerar a quantidade de luz solar que a \u00e1rea recebe, bem como a umidade e a temperatura. Ambientes com luz indireta s\u00e3o ideais para muitas plantas.<\/p>\n<h3>Sele\u00e7\u00e3o das Plantas<\/h3>\n<p style=\"text-align: center;\">[amazon table=&#8221;88350&#8243;]\n<p>A escolha das plantas \u00e9 crucial para o sucesso do seu jardim vertical. Opte por <b>plantas que se adaptem bem ao ambiente<\/b> escolhido. Suculentas, samambaias e ervas s\u00e3o \u00f3timas op\u00e7\u00f5es, pois s\u00e3o resistentes e requerem pouca manuten\u00e7\u00e3o.<\/p>\n<h3>Estruturas e Suportes<\/h3>\n<h3>Assista agora a minha recomenda\u00e7\u00e3o de video abaixo sobre o tema que estamos tratando neste artigo: <\/h3>\n<p><div class=\"youtube-embed\" data-video_id=\"gAgALYs99kk\"><iframe title=\"\ud83c\udf3f Jardins Verticais Naturais: A uni\u00e3o perfeita entre natureza e design \ud83c\udf3f\" width=\"696\" height=\"392\" src=\"https:\/\/www.youtube.com\/embed\/gAgALYs99kk?feature=oembed&#038;enablejsapi=1\" frameborder=\"0\" allow=\"accelerometer; autoplay; clipboard-write; encrypted-media; gyroscope; picture-in-picture; web-share\" referrerpolicy=\"strict-origin-when-cross-origin\" allowfullscreen><\/iframe><\/div>\n<\/p>\n<p>As estruturas que suportar\u00e3o o seu jardim vertical devem ser bem planejadas. Existem diversas op\u00e7\u00f5es no mercado, como pain\u00e9is modulares e sistemas de irriga\u00e7\u00e3o embutidos. Escolha uma estrutura que se adeque ao seu espa\u00e7o e estilo.<\/p>\n<h2>Cuidados e Manuten\u00e7\u00e3o<\/h2>\n<h3>Rega e Irriga\u00e7\u00e3o<\/h3>\n<p>A <b>rega<\/b> \u00e9 um dos cuidados mais importantes para manter seu jardim vertical saud\u00e1vel. \u00c9 fundamental garantir que as plantas recebam a quantidade certa de \u00e1gua, evitando tanto a secagem quanto o encharcamento do solo.<\/p>\n<h3>Aduba\u00e7\u00e3o e Nutrientes<\/h3>\n<p>As plantas precisam de nutrientes para crescer saud\u00e1veis. A <b>aduba\u00e7\u00e3o<\/b> regular \u00e9 essencial, e voc\u00ea pode optar por fertilizantes org\u00e2nicos que s\u00e3o menos agressivos ao meio ambiente. Isso garantir\u00e1 que suas plantas tenham tudo o que precisam para prosperar.<\/p>\n<h2>Ideias Criativas para Jardins Verticais<\/h2>\n<h3>Jardins Verticais em Ambientes Internos<\/h3>\n<p>Os jardins verticais internos podem ser uma \u00f3tima maneira de trazer a natureza para dentro de casa. Eles podem ser instalados em salas de estar, cozinhas ou at\u00e9 banheiros, criando um ambiente mais fresco e acolhedor.<\/p>\n<h3>Jardins Verticais Externos<\/h3>\n<p>Para quem tem espa\u00e7o externo, os jardins verticais podem ser uma forma de criar um <b>ref\u00fagio verde<\/b> no quintal ou na varanda. Al\u00e9m de embelezar o espa\u00e7o, eles podem servir como uma barreira contra o vento e a polui\u00e7\u00e3o sonora.<\/p>\n<h2>Conclus\u00e3o<\/h2>\n<p>Os jardins verticais s\u00e3o uma solu\u00e7\u00e3o pr\u00e1tica e est\u00e9tica para quem deseja trazer um pouco de natureza para o seu dia a dia. Com planejamento e cuidados adequados, \u00e9 poss\u00edvel transformar qualquer espa\u00e7o em um verdadeiro o\u00e1sis verde. Ent\u00e3o, que tal come\u00e7ar a planejar o seu jardim vertical hoje mesmo?<\/p>\n<p><\/body><\/p>\n","protected":false},"excerpt":{"rendered":"<p>Descubra como criar jardins verticais nos espa\u00e7os laterais da sua casa.<\/p>\n","protected":false},"author":102,"featured_media":141049,"comment_status":"closed","ping_status":"closed","sticky":false,"template":"","format":"standard","meta":{"footnotes":""},"categories":[1484,971,18792,18794],"tags":[],"class_list":["post-141052","post","type-post","status-publish","format-standard","has-post-thumbnail","category-decoracao","category-design-de-interiores","category-decoracao-de-apartamento","category-projetos-de-decoracao-de-casas"],"_wp_attached_file":null,"_wp_attachment_metadata":null,"_wp_attachment_context":null,"_wp_attachment_is_custom_header":null,"geo_longitude":null,"geo_public":null,"geo_latitude":null,"_publicize_done_external":null,"_wpas_done_3897181":null,"publicize_twitter_user":null,"_wpas_done_3897175":null,"_wpas_skip_3897181":null,"_wpas_skip_3897175":null,"_wpas_skip_3924723":null,"_wpas_mess":null,"_wpas_done_3924723":null,"wps_subtitle":"","_links":{"self":[{"href":"https:\/\/www.aarquiteta.com.br\/blog\/wp-json\/wp\/v2\/posts\/141052","targetHints":{"allow":["GET"]}}],"collection":[{"href":"https:\/\/www.aarquiteta.com.br\/blog\/wp-json\/wp\/v2\/posts"}],"about":[{"href":"https:\/\/www.aarquiteta.com.br\/blog\/wp-json\/wp\/v2\/types\/post"}],"author":[{"embeddable":true,"href":"https:\/\/www.aarquiteta.com.br\/blog\/wp-json\/wp\/v2\/users\/102"}],"replies":[{"embeddable":true,"href":"https:\/\/www.aarquiteta.com.br\/blog\/wp-json\/wp\/v2\/comments?post=141052"}],"version-history":[{"count":0,"href":"https:\/\/www.aarquiteta.com.br\/blog\/wp-json\/wp\/v2\/posts\/141052\/revisions"}],"wp:featuredmedia":[{"embeddable":true,"href":"https:\/\/www.aarquiteta.com.br\/blog\/wp-json\/wp\/v2\/media\/141049"}],"wp:attachment":[{"href":"https:\/\/www.aarquiteta.com.br\/blog\/wp-json\/wp\/v2\/media?parent=141052"}],"wp:term":[{"taxonomy":"category","embeddable":true,"href":"https:\/\/www.aarquiteta.com.br\/blog\/wp-json\/wp\/v2\/categories?post=141052"},{"taxonomy":"post_tag","embeddable":true,"href":"https:\/\/www.aarquiteta.com.br\/blog\/wp-json\/wp\/v2\/tags?post=141052"}],"curies":[{"name":"wp","href":"https:\/\/api.w.org\/{rel}","templated":true}]}}