{"id":140980,"date":"2025-01-18T21:26:12","date_gmt":"2025-01-19T00:26:12","guid":{"rendered":"https:\/\/www.aarquiteta.com.br\/blog\/moveis-multifuncionais-patios-compactos\/"},"modified":"2025-01-18T21:26:12","modified_gmt":"2025-01-19T00:26:12","slug":"moveis-multifuncionais-patios-compactos","status":"publish","type":"post","link":"https:\/\/www.aarquiteta.com.br\/blog\/moveis-multifuncionais-patios-compactos\/","title":{"rendered":"Dicas De Mobili\u00e1rio Multifuncional Para P\u00e1tios Compactos"},"content":{"rendered":"<p>Descubra como otimizar seu p\u00e1tio compacto com m\u00f3veis multifuncionais que oferecem praticidade e estilo, transformando pequenos espa\u00e7os em \u00e1reas funcionais e aconchegantes.<\/p>\n<h2>Destaques principais<\/h2>\n<ul>\n<li><b>Sof\u00e1s-Camas:<\/b> Conforto e praticidade em um s\u00f3 m\u00f3vel, ideal para espa\u00e7os pequenos.<\/li>\n<li><b>Mesas Dobr\u00e1veis:<\/b> Versatilidade que se adapta a diferentes ocasi\u00f5es, otimizando o espa\u00e7o.<\/li>\n<li><b>Bancos com Armazenamento:<\/b> Solu\u00e7\u00e3o inteligente que combina assento e espa\u00e7o para guardar objetos.<\/li>\n<\/ul>\n<h2>Dicas de Mobili\u00e1rio Multifuncional<\/h2>\n<p>Quando se trata de <b>mobili\u00e1rio multifuncional<\/b>, a criatividade \u00e9 a chave. Um p\u00e1tio compacto pode se transformar em um verdadeiro ref\u00fagio com as escolhas certas. Vamos explorar algumas op\u00e7\u00f5es que n\u00e3o s\u00f3 economizam espa\u00e7o, mas tamb\u00e9m trazem estilo e conforto.<\/p>\n<h2>1. Sof\u00e1s-Camas: Conforto e Praticidade<\/h2>\n<h3>1.1 Vantagens dos Sof\u00e1s-Camas<\/h3>\n<figure style=\"width: 1024px\" class=\"wp-caption aligncenter\"><img decoding=\"async\" src=\"https:\/\/www.aarquiteta.com.br\/blog\/wp-content\/uploads\/2025\/01\/moveis-multifuncionais-patios-compactos04.jpg\" alt=\"Dicas De Mobili\u00e1rio Multifuncional Para P\u00e1tios Compactos\" width=\"1024\" height=\"1024\" title=\"\"><figcaption class=\"wp-caption-text\">Dicas De Mobili\u00e1rio Multifuncional Para P\u00e1tios Compactos<\/figcaption><\/figure>\n<p>Os <b>sof\u00e1s-camas<\/b> s\u00e3o uma excelente escolha para quem deseja conforto sem abrir m\u00e3o da funcionalidade. Eles oferecem um lugar aconchegante para relaxar durante o dia e se transformam em uma cama confort\u00e1vel \u00e0 noite. Al\u00e9m disso, s\u00e3o ideais para receber visitas inesperadas.<\/p>\n<h3>1.2 Modelos Ideais para Espa\u00e7os Pequenos<\/h3>\n<figure style=\"width: 1024px\" class=\"wp-caption aligncenter\"><img decoding=\"async\" src=\"https:\/\/www.aarquiteta.com.br\/blog\/wp-content\/uploads\/2025\/01\/moveis-multifuncionais-patios-compactos03.jpg\" alt=\"Dicas De Mobili\u00e1rio Multifuncional Para P\u00e1tios Compactos\" width=\"1024\" height=\"1024\" title=\"\"><figcaption class=\"wp-caption-text\">Dicas De Mobili\u00e1rio Multifuncional Para P\u00e1tios Compactos<\/figcaption><\/figure>\n<p>Ao escolher um sof\u00e1-cama, opte por modelos que sejam <b>compactos<\/b> e que se encaixem bem no seu espa\u00e7o. Sof\u00e1s com design minimalista e cores neutras podem ajudar a criar uma sensa\u00e7\u00e3o de amplitude.<\/p>\n<h2>2. Mesas Dobr\u00e1veis: Versatilidade em Cada Ocasi\u00e3o<\/h2>\n<h3>2.1 Como Escolher a Mesa Dobr\u00e1vel Certa<\/h3>\n<figure style=\"width: 1024px\" class=\"wp-caption aligncenter\"><img decoding=\"async\" src=\"https:\/\/www.aarquiteta.com.br\/blog\/wp-content\/uploads\/2025\/01\/moveis-multifuncionais-patios-compactos02.jpg\" alt=\"Dicas De Mobili\u00e1rio Multifuncional Para P\u00e1tios Compactos\" width=\"1024\" height=\"1024\" title=\"\"><figcaption class=\"wp-caption-text\">Dicas De Mobili\u00e1rio Multifuncional Para P\u00e1tios Compactos<\/figcaption><\/figure>\n<p>As <b>mesas dobr\u00e1veis<\/b> s\u00e3o perfeitas para quem precisa de flexibilidade. Elas podem ser facilmente guardadas quando n\u00e3o est\u00e3o em uso, liberando espa\u00e7o no p\u00e1tio. Escolha mesas que sejam leves e f\u00e1ceis de manobrar.<\/p>\n<h3>2.2 Ideias de Uso para Mesas Dobr\u00e1veis<\/h3>\n<figure style=\"width: 1024px\" class=\"wp-caption aligncenter\"><img decoding=\"async\" src=\"https:\/\/www.aarquiteta.com.br\/blog\/wp-content\/uploads\/2025\/01\/moveis-multifuncionais-patios-compactos01.jpg\" alt=\"Dicas De Mobili\u00e1rio Multifuncional Para P\u00e1tios Compactos\" width=\"1024\" height=\"1024\" title=\"\"><figcaption class=\"wp-caption-text\">Dicas De Mobili\u00e1rio Multifuncional Para P\u00e1tios Compactos<\/figcaption><\/figure>\n<p>Essas mesas podem ser usadas para refei\u00e7\u00f5es ao ar livre, jogos com amigos ou at\u00e9 mesmo como uma superf\u00edcie para plantas. A versatilidade \u00e9 o que as torna indispens\u00e1veis em um p\u00e1tio compacto.<\/p>\n<h2>3. Cadeiras Empilh\u00e1veis: Economia de Espa\u00e7o<\/h2>\n<h3>3.1 Benef\u00edcios das Cadeiras Empilh\u00e1veis<\/h3>\n<p style=\"text-align: center;\">[amazon table=&#8221;82802&#8243;]\n<p>As <b>cadeiras empilh\u00e1veis<\/b> s\u00e3o uma solu\u00e7\u00e3o pr\u00e1tica para quem precisa de assentos extras sem ocupar muito espa\u00e7o. Elas podem ser facilmente guardadas em um canto quando n\u00e3o est\u00e3o em uso.<\/p>\n<h3>3.2 Estilos e Materiais Dispon\u00edveis<\/h3>\n<h3>Assista agora a minha recomenda\u00e7\u00e3o de video abaixo sobre o tema que estamos tratando neste artigo: <\/h3>\n<p><div class=\"youtube-embed\" data-video_id=\"h6bRzIG8zZQ\"><iframe title=\"5 Ideias de m\u00f3veis multifuncionais para espa\u00e7os reduzidos! | DESIGN DE INTERIORES #shorts\" width=\"696\" height=\"392\" src=\"https:\/\/www.youtube.com\/embed\/h6bRzIG8zZQ?feature=oembed&#038;enablejsapi=1\" frameborder=\"0\" allow=\"accelerometer; autoplay; clipboard-write; encrypted-media; gyroscope; picture-in-picture; web-share\" referrerpolicy=\"strict-origin-when-cross-origin\" allowfullscreen><\/iframe><\/div>\n<\/p>\n<p>Existem diversos estilos e materiais dispon\u00edveis, desde pl\u00e1stico at\u00e9 madeira. Escolha um que combine com a decora\u00e7\u00e3o do seu p\u00e1tio e que seja resistente \u00e0s intemp\u00e9ries.<\/p>\n<h2>4. Bancos com Armazenamento: Dupla Fun\u00e7\u00e3o<\/h2>\n<h3>4.1 Tipos de Bancos com Armazenamento<\/h3>\n<p>Os <b>bancos com armazenamento<\/b> s\u00e3o uma excelente maneira de manter o p\u00e1tio organizado. Eles oferecem um lugar para sentar e, ao mesmo tempo, espa\u00e7o para guardar almofadas, brinquedos ou ferramentas de jardinagem.<\/p>\n<h3>4.2 Como Integrar no Seu P\u00e1tio<\/h3>\n<p>Esses bancos podem ser colocados ao redor de uma mesa ou em um canto aconchegante do p\u00e1tio, criando um espa\u00e7o convidativo e funcional.<\/p>\n<h2>5. M\u00f3veis de Jardim Modulares: Flexibilidade Total<\/h2>\n<h3>5.1 O Que S\u00e3o M\u00f3veis Modulares?<\/h3>\n<p>Os <b>m\u00f3veis modulares<\/b> s\u00e3o pe\u00e7as que podem ser rearranjadas de v\u00e1rias maneiras, permitindo que voc\u00ea crie diferentes configura\u00e7\u00f5es conforme necess\u00e1rio. Isso \u00e9 especialmente \u00fatil em p\u00e1tios pequenos, onde cada cent\u00edmetro conta.<\/p>\n<h3>5.2 Vantagens dos M\u00f3veis Modulares para P\u00e1tios<\/h3>\n<p>Al\u00e9m da flexibilidade, esses m\u00f3veis costumam ser leves e f\u00e1ceis de mover, permitindo que voc\u00ea altere a disposi\u00e7\u00e3o do espa\u00e7o sempre que desejar.<\/p>\n<h2>6. Acess\u00f3rios Multifuncionais: Detalhes que Fazem a Diferen\u00e7a<\/h2>\n<h3>6.1 Exemplos de Acess\u00f3rios Multifuncionais<\/h3>\n<p>Acess\u00f3rios como <b>pufes que se transformam em mesas<\/b> ou lanternas que tamb\u00e9m servem como armazenamento s\u00e3o \u00f3timas adi\u00e7\u00f5es ao seu p\u00e1tio. Eles n\u00e3o apenas embelezam o espa\u00e7o, mas tamb\u00e9m oferecem funcionalidade extra.<\/p>\n<h3>6.2 Como Escolher Acess\u00f3rios para Seu Espa\u00e7o<\/h3>\n","protected":false},"excerpt":{"rendered":"<p>Descubra ideias de m\u00f3veis que otimizam o espa\u00e7o em p\u00e1tios compactos com estilo e funcionalidade.<\/p>\n","protected":false},"author":102,"featured_media":140977,"comment_status":"closed","ping_status":"closed","sticky":false,"template":"","format":"standard","meta":{"footnotes":""},"categories":[1484,971,18792,18794],"tags":[],"class_list":["post-140980","post","type-post","status-publish","format-standard","has-post-thumbnail","category-decoracao","category-design-de-interiores","category-decoracao-de-apartamento","category-projetos-de-decoracao-de-casas"],"_wp_attached_file":null,"_wp_attachment_metadata":null,"_wp_attachment_context":null,"_wp_attachment_is_custom_header":null,"geo_longitude":null,"geo_public":null,"geo_latitude":null,"_publicize_done_external":null,"_wpas_done_3897181":null,"publicize_twitter_user":null,"_wpas_done_3897175":null,"_wpas_skip_3897181":null,"_wpas_skip_3897175":null,"_wpas_skip_3924723":null,"_wpas_mess":null,"_wpas_done_3924723":null,"wps_subtitle":"","_links":{"self":[{"href":"https:\/\/www.aarquiteta.com.br\/blog\/wp-json\/wp\/v2\/posts\/140980","targetHints":{"allow":["GET"]}}],"collection":[{"href":"https:\/\/www.aarquiteta.com.br\/blog\/wp-json\/wp\/v2\/posts"}],"about":[{"href":"https:\/\/www.aarquiteta.com.br\/blog\/wp-json\/wp\/v2\/types\/post"}],"author":[{"embeddable":true,"href":"https:\/\/www.aarquiteta.com.br\/blog\/wp-json\/wp\/v2\/users\/102"}],"replies":[{"embeddable":true,"href":"https:\/\/www.aarquiteta.com.br\/blog\/wp-json\/wp\/v2\/comments?post=140980"}],"version-history":[{"count":0,"href":"https:\/\/www.aarquiteta.com.br\/blog\/wp-json\/wp\/v2\/posts\/140980\/revisions"}],"wp:featuredmedia":[{"embeddable":true,"href":"https:\/\/www.aarquiteta.com.br\/blog\/wp-json\/wp\/v2\/media\/140977"}],"wp:attachment":[{"href":"https:\/\/www.aarquiteta.com.br\/blog\/wp-json\/wp\/v2\/media?parent=140980"}],"wp:term":[{"taxonomy":"category","embeddable":true,"href":"https:\/\/www.aarquiteta.com.br\/blog\/wp-json\/wp\/v2\/categories?post=140980"},{"taxonomy":"post_tag","embeddable":true,"href":"https:\/\/www.aarquiteta.com.br\/blog\/wp-json\/wp\/v2\/tags?post=140980"}],"curies":[{"name":"wp","href":"https:\/\/api.w.org\/{rel}","templated":true}]}}