{"id":140884,"date":"2025-01-18T05:09:20","date_gmt":"2025-01-18T08:09:20","guid":{"rendered":"https:\/\/www.aarquiteta.com.br\/blog\/como-se-destacar-em-um-processo-seletivo\/"},"modified":"2025-01-18T05:09:20","modified_gmt":"2025-01-18T08:09:20","slug":"como-se-destacar-em-um-processo-seletivo","status":"publish","type":"post","link":"https:\/\/www.aarquiteta.com.br\/blog\/como-se-destacar-em-um-processo-seletivo\/","title":{"rendered":"Descubra como se destacar em um processo seletivo."},"content":{"rendered":"<p>Se destacar em um processo seletivo \u00e9 um desafio que muitos enfrentam, mas com as dicas certas, \u00e9 poss\u00edvel aumentar suas chances de conquistar a vaga dos sonhos. Neste artigo, vou compartilhar algumas estrat\u00e9gias pr\u00e1ticas que podem fazer toda a diferen\u00e7a na sua prepara\u00e7\u00e3o.<\/p>\n<h2>Pontos principais do artigo:<\/h2>\n<ul>\n<li><b>Entenda a vaga e a empresa:<\/b> Conhecer a empresa e a fun\u00e7\u00e3o \u00e9 fundamental para se preparar adequadamente.<\/li>\n<li><b>Prepare-se para a entrevista:<\/b> A entrevista \u00e9 a sua chance de brilhar, ent\u00e3o treine suas respostas e postura.<\/li>\n<li><b>Desenvolva Soft Skills:<\/b> Habilidades comportamentais s\u00e3o t\u00e3o importantes quanto as t\u00e9cnicas.<\/li>\n<li><b>Destaque suas experi\u00eancias:<\/b> Experi\u00eancias acad\u00eamicas e extracurriculares podem ser decisivas.<\/li>\n<li><b>Cuide da sua presen\u00e7a online:<\/b> Sua imagem nas redes sociais deve refletir seu profissionalismo.<\/li>\n<li><b>Prepare-se para din\u00e2micas de grupo:<\/b> Essas atividades podem ser um teste importante para sua intera\u00e7\u00e3o.<\/li>\n<\/ul>\n<h2>Como se destacar em um processo seletivo<\/h2>\n<h3>1. Entenda a vaga e a empresa<\/h3>\n<p>Antes de mais nada, \u00e9 crucial que voc\u00ea <b>entenda a vaga e a empresa<\/b> para a qual est\u00e1 se candidatando. Isso n\u00e3o \u00e9 apenas uma formalidade; \u00e9 uma quest\u00e3o de respeito e interesse. Quando voc\u00ea conhece a miss\u00e3o, os valores e a cultura da empresa, fica mais f\u00e1cil alinhar suas respostas durante a entrevista. Al\u00e9m disso, isso demonstra que voc\u00ea est\u00e1 realmente interessado na oportunidade e n\u00e3o apenas enviando curr\u00edculos aleatoriamente. Pesquise sobre a empresa, leia sobre seus projetos e, se poss\u00edvel, converse com algu\u00e9m que j\u00e1 trabalhe l\u00e1. Essa prepara\u00e7\u00e3o pode ser o seu diferencial.<\/p>\n<h3>2. Prepare-se para a entrevista<\/h3>\n<figure style=\"width: 1024px\" class=\"wp-caption aligncenter\"><img decoding=\"async\" src=\"https:\/\/www.aarquiteta.com.br\/blog\/wp-content\/uploads\/2025\/01\/entrevista-09092024-a-66df3e3e329d7.webp\" alt=\"Descubra como se destacar em um processo seletivo.\" width=\"1024\" height=\"1024\" title=\"\"><figcaption class=\"wp-caption-text\">Fonte: <a href=\"https:\/\/blog.anhanguera.com\/como-se-destacar-em-um-processo-seletivo\/\" target=\"_blank\" rel=\"noopener\">Blog anhanguera<\/a><\/figcaption><\/figure>\n<p>A entrevista \u00e9 o momento em que voc\u00ea pode <b>causar uma boa impress\u00e3o<\/b>. Portanto, a prepara\u00e7\u00e3o \u00e9 fundamental. Treine suas respostas para perguntas comuns, como &#8220;Fale sobre voc\u00ea&#8221; ou &#8220;Quais s\u00e3o seus pontos fortes e fracos?&#8221;. Al\u00e9m disso, n\u00e3o se esque\u00e7a de preparar algumas perguntas para o entrevistador. Isso mostra que voc\u00ea est\u00e1 engajado e interessado na vaga. E lembre-se: a linguagem corporal conta muito! Mantenha uma postura confiante, fa\u00e7a contato visual e sorria. Essas pequenas atitudes podem fazer uma grande diferen\u00e7a.<\/p>\n<h3>3. Desenvolva Soft Skills<\/h3>\n<p>As <b>soft skills<\/b>, ou habilidades comportamentais, s\u00e3o cada vez mais valorizadas pelos recrutadores. Habilidades como comunica\u00e7\u00e3o, trabalho em equipe, empatia e resolu\u00e7\u00e3o de conflitos podem ser o que diferencia voc\u00ea de outros candidatos. Pense em situa\u00e7\u00f5es em que voc\u00ea demonstrou essas habilidades e esteja preparado para compartilh\u00e1-las durante a entrevista. Lembre-se, o que voc\u00ea traz para a mesa vai al\u00e9m do seu curr\u00edculo; \u00e9 sobre como voc\u00ea se relaciona com os outros e como voc\u00ea se adapta a diferentes situa\u00e7\u00f5es.<\/p>\n<h3>4. Destaque suas experi\u00eancias acad\u00eamicas e extracurriculares<\/h3>\n<p>Se voc\u00ea est\u00e1 come\u00e7ando sua carreira, suas <b>experi\u00eancias acad\u00eamicas e extracurriculares<\/b> podem ser t\u00e3o importantes quanto as profissionais. Participar de projetos, grupos de estudo ou atividades volunt\u00e1rias pode mostrar que voc\u00ea \u00e9 proativo e tem interesse em aprender. Ao falar sobre essas experi\u00eancias, foque nas habilidades que voc\u00ea desenvolveu e como elas podem ser aplicadas na vaga que voc\u00ea est\u00e1 buscando. Isso pode ser um grande atrativo para os recrutadores.<\/p>\n<h3>5. Cuide da sua presen\u00e7a online<\/h3>\n<p>Hoje em dia, a sua <b>presen\u00e7a online<\/b> \u00e9 uma extens\u00e3o da sua imagem profissional. Mantenha suas redes sociais atualizadas e alinhadas com a imagem que voc\u00ea deseja transmitir. Isso inclui ter um perfil no LinkedIn bem elaborado, com uma foto profissional e informa\u00e7\u00f5es relevantes sobre sua trajet\u00f3ria. Lembre-se de que os recrutadores costumam pesquisar candidatos online, ent\u00e3o, evite postar conte\u00fados que possam prejudicar sua imagem. Uma boa presen\u00e7a online pode abrir portas e aumentar suas chances de ser notado.<\/p>\n<h3>6. Prepare-se para din\u00e2micas de grupo<\/h3>\n<p><iframe width=\"560\" height=\"315\" src=\"https:\/\/www.youtube.com\/embed\/UNUEG31hIDg\" title=\"YouTube video player\" frameborder=\"0\" allow=\"accelerometer; autoplay; clipboard-write; encrypted-media; gyroscope; picture-in-picture; web-share\" referrerpolicy=\"strict-origin-when-cross-origin\" allowfullscreen><\/iframe><\/p>\n<p>As din\u00e2micas de grupo s\u00e3o uma parte comum de muitos processos seletivos e podem ser um verdadeiro teste para suas habilidades sociais. Durante essas atividades, os recrutadores observam como voc\u00ea interage com os outros, como se comunica e como lida com a press\u00e3o. Esteja preparado para colaborar, ouvir os outros e contribuir com suas ideias. Lembre-se de que o objetivo \u00e9 mostrar que voc\u00ea pode trabalhar bem em equipe, ent\u00e3o, mantenha uma atitude positiva e aberta.<\/p>\n<h3>7. P\u00f3s-Entrevista: O Que Fazer?<\/h3>\n<p>O processo de sele\u00e7\u00e3o n\u00e3o termina quando voc\u00ea sai da sala de entrevista. O que voc\u00ea faz <b>ap\u00f3s a entrevista<\/b> pode refor\u00e7ar sua imagem positiva. Considere enviar um e-mail de agradecimento ao entrevistador, expressando sua gratid\u00e3o pela oportunidade e reiterando seu interesse na vaga. Isso n\u00e3o s\u00f3 demonstra profissionalismo, mas tamb\u00e9m mant\u00e9m voc\u00ea na mente do recrutador. Al\u00e9m disso, aproveite para refletir sobre a entrevista e identificar \u00e1reas em que voc\u00ea pode melhorar para futuras oportunidades.<\/p>\n<h2>Conclus\u00e3o<\/h2>\n<p>Destacar-se em um processo seletivo \u00e9 uma combina\u00e7\u00e3o de <b>prepara\u00e7\u00e3o, atitude e estrat\u00e9gia<\/b>. Ao seguir as dicas apresentadas, voc\u00ea estar\u00e1 mais bem preparado para enfrentar os desafios e aumentar suas chances de conquistar a vaga desejada. Lembre-se de que cada etapa \u00e9 uma oportunidade de mostrar o seu melhor e de aprender algo novo. Ent\u00e3o, boa sorte nesta nova etapa de sua vida e conte conosco para apoi\u00e1-lo em cada degrau dessa sua jornada rumo ao sucesso profissional! Para mais dicas, acesse o conte\u00fado completo em <a href=\"https:\/\/blog.anhanguera.com\/processo-seletivo\/\" target=\"_blank\" rel=\"noopener\">https:\/\/blog.anhanguera.com\/processo-seletivo\/<\/a>.<\/p>\n","protected":false},"excerpt":{"rendered":"<p>Se destacar em um processo seletivo \u00e9 um desafio que muitos enfrentam, mas com as dicas certas, \u00e9 poss\u00edvel aumentar suas chances de conquistar a vaga dos sonhos. Neste artigo, vou compartilhar algumas estrat\u00e9gias pr\u00e1ticas que podem fazer toda a diferen\u00e7a na sua prepara\u00e7\u00e3o. Pontos principais do artigo: Entenda a vaga e a empresa: Conhecer [&hellip;]<\/p>\n","protected":false},"author":20,"featured_media":140883,"comment_status":"closed","ping_status":"closed","sticky":false,"template":"","format":"standard","meta":{"footnotes":""},"categories":[6,35497],"tags":[],"class_list":["post-140884","post","type-post","status-publish","format-standard","has-post-thumbnail","category-carreira-de-arquitetura","category-estudante"],"_wp_attached_file":null,"_wp_attachment_metadata":null,"_wp_attachment_context":null,"_wp_attachment_is_custom_header":null,"geo_longitude":null,"geo_public":null,"geo_latitude":null,"_publicize_done_external":null,"_wpas_done_3897181":null,"publicize_twitter_user":null,"_wpas_done_3897175":null,"_wpas_skip_3897181":null,"_wpas_skip_3897175":null,"_wpas_skip_3924723":null,"_wpas_mess":null,"_wpas_done_3924723":null,"wps_subtitle":"","_links":{"self":[{"href":"https:\/\/www.aarquiteta.com.br\/blog\/wp-json\/wp\/v2\/posts\/140884","targetHints":{"allow":["GET"]}}],"collection":[{"href":"https:\/\/www.aarquiteta.com.br\/blog\/wp-json\/wp\/v2\/posts"}],"about":[{"href":"https:\/\/www.aarquiteta.com.br\/blog\/wp-json\/wp\/v2\/types\/post"}],"author":[{"embeddable":true,"href":"https:\/\/www.aarquiteta.com.br\/blog\/wp-json\/wp\/v2\/users\/20"}],"replies":[{"embeddable":true,"href":"https:\/\/www.aarquiteta.com.br\/blog\/wp-json\/wp\/v2\/comments?post=140884"}],"version-history":[{"count":0,"href":"https:\/\/www.aarquiteta.com.br\/blog\/wp-json\/wp\/v2\/posts\/140884\/revisions"}],"wp:featuredmedia":[{"embeddable":true,"href":"https:\/\/www.aarquiteta.com.br\/blog\/wp-json\/wp\/v2\/media\/140883"}],"wp:attachment":[{"href":"https:\/\/www.aarquiteta.com.br\/blog\/wp-json\/wp\/v2\/media?parent=140884"}],"wp:term":[{"taxonomy":"category","embeddable":true,"href":"https:\/\/www.aarquiteta.com.br\/blog\/wp-json\/wp\/v2\/categories?post=140884"},{"taxonomy":"post_tag","embeddable":true,"href":"https:\/\/www.aarquiteta.com.br\/blog\/wp-json\/wp\/v2\/tags?post=140884"}],"curies":[{"name":"wp","href":"https:\/\/api.w.org\/{rel}","templated":true}]}}