{"id":140878,"date":"2025-01-17T20:41:58","date_gmt":"2025-01-17T23:41:58","guid":{"rendered":"https:\/\/www.aarquiteta.com.br\/blog\/varandas-gourmet-cozinha-pratica\/"},"modified":"2025-01-17T20:41:58","modified_gmt":"2025-01-17T23:41:58","slug":"varandas-gourmet-cozinha-pratica","status":"publish","type":"post","link":"https:\/\/www.aarquiteta.com.br\/blog\/varandas-gourmet-cozinha-pratica\/","title":{"rendered":"Varandas Gourmet: Transforme Seu Espa\u00e7o Externo Em Uma Cozinha Pr\u00e1tica"},"content":{"rendered":"<p>Transforme seu espa\u00e7o externo em uma cozinha pr\u00e1tica e funcional com as varandas gourmet. Descubra como otimizar seu ambiente para receber amigos e familiares, tornando cada refei\u00e7\u00e3o uma experi\u00eancia memor\u00e1vel.<\/p>\n<h2>Destaques principais<\/h2>\n<ul>\n<li><b>O que \u00e9 uma varanda gourmet?<\/b> Uma varanda gourmet \u00e9 um espa\u00e7o externo projetado para cozinhar e socializar, ideal para receber amigos e familiares.<\/li>\n<li><b>Vantagens de ter uma cozinha externa:<\/b> Al\u00e9m de proporcionar momentos de conviv\u00eancia, uma varanda gourmet pode valorizar seu im\u00f3vel.<\/li>\n<li><b>Elementos essenciais:<\/b> Churrasqueira, \u00e1rea de estar e ilumina\u00e7\u00e3o adequada s\u00e3o fundamentais para criar um ambiente acolhedor e funcional.<\/li>\n<\/ul>\n<h2>O Que \u00c9 uma Varanda Gourmet?<\/h2>\n<p>Uma <b>varanda gourmet<\/b> \u00e9 mais do que um simples espa\u00e7o ao ar livre; \u00e9 um local onde a culin\u00e1ria se encontra com a conviv\u00eancia. Imagine um lugar onde voc\u00ea pode preparar um delicioso churrasco enquanto seus amigos e familiares desfrutam de um bom vinho. Esse conceito tem ganhado cada vez mais espa\u00e7o nas resid\u00eancias brasileiras, pois combina praticidade e lazer.<\/p>\n<h2>Vantagens de Ter uma Cozinha Externa<\/h2>\n<p>Ter uma cozinha externa traz diversas <b>vantagens<\/b> que v\u00e3o al\u00e9m da est\u00e9tica. Vamos explorar algumas delas:<\/p>\n<h3>Conviv\u00eancia e Socializa\u00e7\u00e3o<\/h3>\n<figure style=\"width: 1024px\" class=\"wp-caption aligncenter\"><img decoding=\"async\" src=\"https:\/\/www.aarquiteta.com.br\/blog\/wp-content\/uploads\/2025\/01\/varandas-gourmet-cozinha-pratica04.jpg\" alt=\"Varandas Gourmet: Transforme Seu Espa\u00e7o Externo Em Uma Cozinha Pr\u00e1tica\" width=\"1024\" height=\"1024\" title=\"\"><figcaption class=\"wp-caption-text\">Varandas Gourmet: Transforme Seu Espa\u00e7o Externo Em Uma Cozinha Pr\u00e1tica<\/figcaption><\/figure>\n<p>Uma varanda gourmet \u00e9 o cen\u00e1rio perfeito para <b>momentos de descontra\u00e7\u00e3o<\/b>. Voc\u00ea pode convidar amigos para um jantar, fazer um churrasco no fim de semana ou simplesmente relaxar ao ar livre. A intera\u00e7\u00e3o se torna mais natural e prazerosa.<\/p>\n<h3>Valoriza\u00e7\u00e3o do Im\u00f3vel<\/h3>\n<figure style=\"width: 1024px\" class=\"wp-caption aligncenter\"><img decoding=\"async\" src=\"https:\/\/www.aarquiteta.com.br\/blog\/wp-content\/uploads\/2025\/01\/varandas-gourmet-cozinha-pratica03.jpg\" alt=\"Varandas Gourmet: Transforme Seu Espa\u00e7o Externo Em Uma Cozinha Pr\u00e1tica\" width=\"1024\" height=\"1024\" title=\"\"><figcaption class=\"wp-caption-text\">Varandas Gourmet: Transforme Seu Espa\u00e7o Externo Em Uma Cozinha Pr\u00e1tica<\/figcaption><\/figure>\n<p>Investir em uma varanda gourmet pode <b>valorizar seu im\u00f3vel<\/b> significativamente. Esse espa\u00e7o \u00e9 um diferencial que muitos compradores buscam, tornando sua casa mais atrativa no mercado.<\/p>\n<h2>Elementos Essenciais para sua Varanda Gourmet<\/h2>\n<p>Para criar uma varanda gourmet funcional e agrad\u00e1vel, alguns elementos s\u00e3o indispens\u00e1veis:<\/p>\n<h3>Churrasqueira<\/h3>\n<figure style=\"width: 1024px\" class=\"wp-caption aligncenter\"><img decoding=\"async\" src=\"https:\/\/www.aarquiteta.com.br\/blog\/wp-content\/uploads\/2025\/01\/varandas-gourmet-cozinha-pratica02.jpg\" alt=\"Varandas Gourmet: Transforme Seu Espa\u00e7o Externo Em Uma Cozinha Pr\u00e1tica\" width=\"1024\" height=\"1024\" title=\"\"><figcaption class=\"wp-caption-text\">Varandas Gourmet: Transforme Seu Espa\u00e7o Externo Em Uma Cozinha Pr\u00e1tica<\/figcaption><\/figure>\n<p>A churrasqueira \u00e9 o cora\u00e7\u00e3o da varanda gourmet. Escolha um modelo que se adeque ao seu espa\u00e7o e estilo. Uma churrasqueira bem posicionada pode ser o ponto de encontro de todos.<\/p>\n<h3>\u00c1rea de Estar<\/h3>\n<figure style=\"width: 1024px\" class=\"wp-caption aligncenter\"><img decoding=\"async\" src=\"https:\/\/www.aarquiteta.com.br\/blog\/wp-content\/uploads\/2025\/01\/varandas-gourmet-cozinha-pratica01.jpg\" alt=\"Varandas Gourmet: Transforme Seu Espa\u00e7o Externo Em Uma Cozinha Pr\u00e1tica\" width=\"1024\" height=\"1024\" title=\"\"><figcaption class=\"wp-caption-text\">Varandas Gourmet: Transforme Seu Espa\u00e7o Externo Em Uma Cozinha Pr\u00e1tica<\/figcaption><\/figure>\n<p>Uma \u00e1rea de estar confort\u00e1vel \u00e9 essencial. Invista em <b>m\u00f3veis aconchegantes<\/b> e que resistam \u00e0s intemp\u00e9ries. Sof\u00e1s, cadeiras e mesas devem ser escolhidos com cuidado para garantir conforto e durabilidade.<\/p>\n<h3>Ilumina\u00e7\u00e3o Adequada<\/h3>\n<p style=\"text-align: center;\">[amazon table=&#8221;88222&#8243;]\n<p>A ilumina\u00e7\u00e3o \u00e9 um aspecto que n\u00e3o pode ser negligenciado. Uma boa <b>ilumina\u00e7\u00e3o<\/b> transforma o ambiente, tornando-o mais acolhedor e convidativo, especialmente \u00e0 noite. Considere luzes pendentes, lanternas e at\u00e9 mesmo luzes de LED.<\/p>\n<h2>Como Planejar o Espa\u00e7o da Sua Varanda Gourmet<\/h2>\n<p>O planejamento \u00e9 fundamental para garantir que sua varanda gourmet atenda \u00e0s suas necessidades. Aqui est\u00e3o algumas dicas:<\/p>\n<h3>Definindo o Layout<\/h3>\n<h3>Assista agora a minha recomenda\u00e7\u00e3o de video abaixo sobre o tema que estamos tratando neste artigo: <\/h3>\n<p><div class=\"youtube-embed\" data-video_id=\"hfFxdubcaXc\"><iframe title=\"Transforme sua varanda gourmet em um espa\u00e7o de sonho!!! #varandagourmet #varanda #decor\" width=\"696\" height=\"392\" src=\"https:\/\/www.youtube.com\/embed\/hfFxdubcaXc?feature=oembed&#038;enablejsapi=1\" frameborder=\"0\" allow=\"accelerometer; autoplay; clipboard-write; encrypted-media; gyroscope; picture-in-picture; web-share\" referrerpolicy=\"strict-origin-when-cross-origin\" allowfullscreen><\/iframe><\/div>\n<\/p>\n<p>Antes de come\u00e7ar a constru\u00e7\u00e3o, \u00e9 importante <b>definir o layout<\/b> do espa\u00e7o. Pense em como voc\u00ea usar\u00e1 a varanda e organize os elementos de forma funcional. Um bom fluxo de circula\u00e7\u00e3o \u00e9 essencial.<\/p>\n<h3>Escolhendo os Materiais Certos<\/h3>\n<p>Os materiais escolhidos devem ser resistentes e f\u00e1ceis de manter. Opte por <b>materiais que suportem as condi\u00e7\u00f5es clim\u00e1ticas<\/b> da sua regi\u00e3o, como madeira tratada, alum\u00ednio e pedras naturais.<\/p>\n<h2>Dicas de Decora\u00e7\u00e3o para Varandas Gourmet<\/h2>\n<p>A decora\u00e7\u00e3o \u00e9 o toque final que transforma sua varanda gourmet em um espa\u00e7o \u00fanico e pessoal. Aqui est\u00e3o algumas sugest\u00f5es:<\/p>\n<h3>Estilo e Conforto<\/h3>\n<p>Escolha um estilo que reflita sua personalidade. Se voc\u00ea gosta de um ambiente mais r\u00fastico, opte por m\u00f3veis de madeira e elementos naturais. Para um estilo mais moderno, m\u00f3veis de metal e vidro podem ser a escolha ideal.<\/p>\n<h3>Uso de Plantas e Verde<\/h3>\n<p>Adicionar plantas \u00e0 sua varanda gourmet traz vida e frescor ao ambiente. Al\u00e9m de embelezar, as plantas ajudam a criar um <b>clima agrad\u00e1vel<\/b> e relaxante. Considere ervas arom\u00e1ticas, que podem ser utilizadas na cozinha.<\/p>\n<h2>Manuten\u00e7\u00e3o e Cuidados com a Cozinha Externa<\/h2>\n<p>Para que sua varanda gourmet permane\u00e7a bonita e funcional, alguns cuidados s\u00e3o necess\u00e1rios:<\/p>\n<h3>Limpeza Regular<\/h3>\n<p>Realize uma <b>limpeza regular<\/b> para evitar o ac\u00famulo de sujeira e gordura. Isso n\u00e3o s\u00f3 mant\u00e9m o espa\u00e7o agrad\u00e1vel, mas tamb\u00e9m prolonga a vida \u00fatil dos materiais.<\/p>\n<h3>Prote\u00e7\u00e3o Contra Intemp\u00e9ries<\/h3>\n<p>Utilize capas protetoras para os m\u00f3veis e considere a instala\u00e7\u00e3o de toldos ou pergolados para proteger sua varanda gourmet das intemp\u00e9ries. Isso garantir\u00e1 que o espa\u00e7o esteja sempre pronto para uso.<\/p>\n<h2>Conclus\u00e3o<\/h2>\n<p>Investir em uma varanda gourmet \u00e9 uma excelente maneira de <b>transformar seu espa\u00e7o externo<\/b> em um local de conviv\u00eancia e prazer. Com planejamento adequado, escolha dos elementos certos e cuidados regulares, voc\u00ea pode criar um ambiente que n\u00e3o s\u00f3 valoriza seu im\u00f3vel, mas tamb\u00e9m proporciona momentos inesquec\u00edveis com amigos e familiares. Ent\u00e3o, que tal come\u00e7ar a planejar a sua varanda gourmet hoje mesmo?<\/p>\n","protected":false},"excerpt":{"rendered":"<p>Ideias para criar varandas gourmet e aproveitar ao m\u00e1ximo seu espa\u00e7o externo.<\/p>\n","protected":false},"author":102,"featured_media":140875,"comment_status":"closed","ping_status":"closed","sticky":false,"template":"","format":"standard","meta":{"footnotes":""},"categories":[1484,971,18792,18794],"tags":[],"class_list":["post-140878","post","type-post","status-publish","format-standard","has-post-thumbnail","category-decoracao","category-design-de-interiores","category-decoracao-de-apartamento","category-projetos-de-decoracao-de-casas"],"_wp_attached_file":null,"_wp_attachment_metadata":null,"_wp_attachment_context":null,"_wp_attachment_is_custom_header":null,"geo_longitude":null,"geo_public":null,"geo_latitude":null,"_publicize_done_external":null,"_wpas_done_3897181":null,"publicize_twitter_user":null,"_wpas_done_3897175":null,"_wpas_skip_3897181":null,"_wpas_skip_3897175":null,"_wpas_skip_3924723":null,"_wpas_mess":null,"_wpas_done_3924723":null,"wps_subtitle":"","_links":{"self":[{"href":"https:\/\/www.aarquiteta.com.br\/blog\/wp-json\/wp\/v2\/posts\/140878","targetHints":{"allow":["GET"]}}],"collection":[{"href":"https:\/\/www.aarquiteta.com.br\/blog\/wp-json\/wp\/v2\/posts"}],"about":[{"href":"https:\/\/www.aarquiteta.com.br\/blog\/wp-json\/wp\/v2\/types\/post"}],"author":[{"embeddable":true,"href":"https:\/\/www.aarquiteta.com.br\/blog\/wp-json\/wp\/v2\/users\/102"}],"replies":[{"embeddable":true,"href":"https:\/\/www.aarquiteta.com.br\/blog\/wp-json\/wp\/v2\/comments?post=140878"}],"version-history":[{"count":0,"href":"https:\/\/www.aarquiteta.com.br\/blog\/wp-json\/wp\/v2\/posts\/140878\/revisions"}],"wp:featuredmedia":[{"embeddable":true,"href":"https:\/\/www.aarquiteta.com.br\/blog\/wp-json\/wp\/v2\/media\/140875"}],"wp:attachment":[{"href":"https:\/\/www.aarquiteta.com.br\/blog\/wp-json\/wp\/v2\/media?parent=140878"}],"wp:term":[{"taxonomy":"category","embeddable":true,"href":"https:\/\/www.aarquiteta.com.br\/blog\/wp-json\/wp\/v2\/categories?post=140878"},{"taxonomy":"post_tag","embeddable":true,"href":"https:\/\/www.aarquiteta.com.br\/blog\/wp-json\/wp\/v2\/tags?post=140878"}],"curies":[{"name":"wp","href":"https:\/\/api.w.org\/{rel}","templated":true}]}}