{"id":140782,"date":"2025-01-16T18:57:55","date_gmt":"2025-01-16T21:57:55","guid":{"rendered":"https:\/\/www.aarquiteta.com.br\/blog\/decorar-varandas-pequenas-modernas\/"},"modified":"2025-01-16T18:57:55","modified_gmt":"2025-01-16T21:57:55","slug":"decorar-varandas-pequenas-modernas","status":"publish","type":"post","link":"https:\/\/www.aarquiteta.com.br\/blog\/decorar-varandas-pequenas-modernas\/","title":{"rendered":"Como Decorar Varandas Pequenas Com Toques Modernos"},"content":{"rendered":"<p><body><\/p>\n<p>Descubra como transformar sua varanda pequena em um espa\u00e7o moderno e aconchegante com dicas pr\u00e1ticas de decora\u00e7\u00e3o que otimizam o espa\u00e7o e trazem estilo.<\/p>\n<h2>Destaques principais<\/h2>\n<ul>\n<li><b>M\u00f3veis Multifuncionais:<\/b> A escolha de m\u00f3veis que servem a mais de uma fun\u00e7\u00e3o \u00e9 essencial para maximizar o espa\u00e7o.<\/li>\n<li><b>Cores Claras e Neutras:<\/b> Utilizar paletas de cores claras ajuda a criar uma sensa\u00e7\u00e3o de amplitude e luminosidade.<\/li>\n<li><b>Ambientes Convidativos:<\/b> Criar espa\u00e7os que incentivem o relaxamento e a socializa\u00e7\u00e3o \u00e9 fundamental para aproveitar ao m\u00e1ximo sua varanda.<\/li>\n<\/ul>\n<h2>1. Escolha M\u00f3veis Multifuncionais<\/h2>\n<p>Quando se trata de <b>decorar varandas pequenas<\/b>, a escolha de m\u00f3veis multifuncionais \u00e9 uma estrat\u00e9gia inteligente. M\u00f3veis que podem ser usados de v\u00e1rias maneiras n\u00e3o apenas economizam espa\u00e7o, mas tamb\u00e9m oferecem versatilidade.<\/p>\n<h3>1.1. Sof\u00e1s-Camas e Mesas Dobr\u00e1veis<\/h3>\n<figure style=\"width: 1024px\" class=\"wp-caption aligncenter\"><img decoding=\"async\" src=\"https:\/\/www.aarquiteta.com.br\/blog\/wp-content\/uploads\/2025\/01\/decorar-varandas-pequenas-modernas04.jpg\" alt=\"Como Decorar Varandas Pequenas Com Toques Modernos\" width=\"1024\" height=\"1024\" title=\"\"><figcaption class=\"wp-caption-text\">Como Decorar Varandas Pequenas Com Toques Modernos<\/figcaption><\/figure>\n<p>Um <b>sof\u00e1-cama<\/b> \u00e9 uma excelente op\u00e7\u00e3o para quem deseja ter um lugar para relaxar durante o dia e um espa\u00e7o extra para dormir \u00e0 noite. Al\u00e9m disso, mesas dobr\u00e1veis podem ser guardadas quando n\u00e3o est\u00e3o em uso, liberando espa\u00e7o para circula\u00e7\u00e3o.<\/p>\n<h3>1.2. Cadeiras Empilh\u00e1veis<\/h3>\n<figure style=\"width: 1024px\" class=\"wp-caption aligncenter\"><img decoding=\"async\" src=\"https:\/\/www.aarquiteta.com.br\/blog\/wp-content\/uploads\/2025\/01\/decorar-varandas-pequenas-modernas03.jpg\" alt=\"Como Decorar Varandas Pequenas Com Toques Modernos\" width=\"1024\" height=\"1024\" title=\"\"><figcaption class=\"wp-caption-text\">Como Decorar Varandas Pequenas Com Toques Modernos<\/figcaption><\/figure>\n<p>As <b>cadeiras empilh\u00e1veis<\/b> s\u00e3o pr\u00e1ticas e podem ser facilmente guardadas. Isso permite que voc\u00ea tenha mais espa\u00e7o livre quando n\u00e3o estiver recebendo visitas, mantendo a varanda sempre organizada.<\/p>\n<h2>2. Utilize Cores Claras e Neutras<\/h2>\n<p>As cores que voc\u00ea escolhe para a sua varanda podem fazer uma grande diferen\u00e7a na percep\u00e7\u00e3o do espa\u00e7o. Optar por <b>cores claras e neutras<\/b> ajuda a criar uma atmosfera mais ampla e arejada.<\/p>\n<h3>2.1. A Import\u00e2ncia da Ilumina\u00e7\u00e3o<\/h3>\n<figure style=\"width: 1024px\" class=\"wp-caption aligncenter\"><img decoding=\"async\" src=\"https:\/\/www.aarquiteta.com.br\/blog\/wp-content\/uploads\/2025\/01\/decorar-varandas-pequenas-modernas02.jpg\" alt=\"Como Decorar Varandas Pequenas Com Toques Modernos\" width=\"1024\" height=\"1024\" title=\"\"><figcaption class=\"wp-caption-text\">Como Decorar Varandas Pequenas Com Toques Modernos<\/figcaption><\/figure>\n<p>A ilumina\u00e7\u00e3o \u00e9 um fator crucial. Cores claras refletem a luz, fazendo com que o ambiente pare\u00e7a mais iluminado e acolhedor. Considere usar <b>lumin\u00e1rias de teto<\/b> ou <b>focos de luz<\/b> para destacar \u00e1reas espec\u00edficas.<\/p>\n<h3>2.2. Toques de Cor com Acess\u00f3rios<\/h3>\n<figure style=\"width: 1024px\" class=\"wp-caption aligncenter\"><img decoding=\"async\" src=\"https:\/\/www.aarquiteta.com.br\/blog\/wp-content\/uploads\/2025\/01\/decorar-varandas-pequenas-modernas01.jpg\" alt=\"Como Decorar Varandas Pequenas Com Toques Modernos\" width=\"1024\" height=\"1024\" title=\"\"><figcaption class=\"wp-caption-text\">Como Decorar Varandas Pequenas Com Toques Modernos<\/figcaption><\/figure>\n<p>Embora as cores neutras sejam a base, voc\u00ea pode adicionar <b>toques de cor<\/b> com almofadas, vasos e outros acess\u00f3rios. Isso traz personalidade ao espa\u00e7o sem sobrecarreg\u00e1-lo.<\/p>\n<h2>3. Invista em Plantas e Jardins Verticais<\/h2>\n<p>Adicionar <b>plantas<\/b> \u00e0 sua varanda n\u00e3o s\u00f3 embeleza o espa\u00e7o, mas tamb\u00e9m melhora a qualidade do ar. Jardins verticais s\u00e3o uma \u00f3tima solu\u00e7\u00e3o para varandas pequenas.<\/p>\n<h3>3.1. Tipos de Plantas para Varandas Pequenas<\/h3>\n<p style=\"text-align: center;\">[amazon table=&#8221;88247&#8243;]\n<p>Plantas como <b>suculentas<\/b>, <b>ervas arom\u00e1ticas<\/b> e <b>flores pequenas<\/b> s\u00e3o ideais para varandas. Elas ocupam pouco espa\u00e7o e trazem vida ao ambiente.<\/p>\n<h3>3.2. Como Montar um Jardim Vertical<\/h3>\n<h3>Assista agora a minha recomenda\u00e7\u00e3o de video abaixo sobre o tema que estamos tratando neste artigo: <\/h3>\n<p><div class=\"youtube-embed\" data-video_id=\"-OgI2pJ8lys\"><iframe title=\"COMO DECORAR VARANDA PEQUENA | #varandas #apartamento #decora\u00e7\u00e3o\" width=\"696\" height=\"392\" src=\"https:\/\/www.youtube.com\/embed\/-OgI2pJ8lys?feature=oembed&#038;enablejsapi=1\" frameborder=\"0\" allow=\"accelerometer; autoplay; clipboard-write; encrypted-media; gyroscope; picture-in-picture; web-share\" referrerpolicy=\"strict-origin-when-cross-origin\" allowfullscreen><\/iframe><\/div>\n<\/p>\n<p>Um <b>jardim vertical<\/b> pode ser montado utilizando prateleiras ou suportes espec\u00edficos. Isso n\u00e3o s\u00f3 economiza espa\u00e7o, mas tamb\u00e9m cria um visual incr\u00edvel e \u00fanico.<\/p>\n<h2>4. Ilumina\u00e7\u00e3o Adequada<\/h2>\n<p>A <b>ilumina\u00e7\u00e3o<\/b> \u00e9 um dos aspectos mais importantes na decora\u00e7\u00e3o de varandas. Uma boa ilumina\u00e7\u00e3o pode transformar completamente o ambiente, tornando-o mais acolhedor e convidativo.<\/p>\n<h3>4.1. Lumin\u00e1rias de Teto e de Piso<\/h3>\n<p>As <b>lumin\u00e1rias de teto<\/b> s\u00e3o \u00f3timas para iluminar o espa\u00e7o de forma geral, enquanto as <b>lumin\u00e1rias de piso<\/b> podem criar pontos de luz que destacam \u00e1reas espec\u00edficas, como um canto de leitura.<\/p>\n<h3>4.2. Fitas de LED e Luzes Decorativas<\/h3>\n<p>As <b>fitas de LED<\/b> s\u00e3o uma maneira moderna e econ\u00f4mica de iluminar sua varanda. Elas podem ser colocadas em prateleiras, ao longo de corrim\u00e3os ou em torno de plantas, criando um efeito m\u00e1gico \u00e0 noite.<\/p>\n<h2>5. Acess\u00f3rios e Detalhes Modernos<\/h2>\n<p>Os <b>acess\u00f3rios<\/b> s\u00e3o o que realmente trazem vida e estilo \u00e0 sua varanda. Eles podem ser a diferen\u00e7a entre um espa\u00e7o sem gra\u00e7a e um ambiente vibrante.<\/p>\n<h3>5.1. Almofadas e Tapetes<\/h3>\n<p>Almofadas confort\u00e1veis e um <b>tapete<\/b> bonito podem transformar uma varanda simples em um espa\u00e7o aconchegante. Escolha tecidos que resistam \u00e0s intemp\u00e9ries para garantir durabilidade.<\/p>\n<h3>5.2. Arte e Decora\u00e7\u00e3o de Paredes<\/h3>\n<p>Adicionar <b>arte<\/b> ou quadros nas paredes da varanda pode dar um toque pessoal e \u00fanico. Opte por pe\u00e7as que reflitam sua personalidade e estilo.<\/p>\n<h2>6. Crie Ambientes Convidativos<\/h2>\n<p>Por fim, o objetivo de uma varanda \u00e9 ser um espa\u00e7o onde voc\u00ea possa relaxar e socializar. Criar <b>ambientes convidativos<\/b> \u00e9 essencial para aproveitar ao m\u00e1ximo esse espa\u00e7o.<\/p>\n<h3>6.1. Espa\u00e7os para Relaxar e Socializar<\/h3>\n<p>Considere a disposi\u00e7\u00e3o dos m\u00f3veis para criar \u00e1reas de <b>conv\u00edvio<\/b>. Um canto com cadeiras confort\u00e1veis e uma mesa pode ser perfeito para um caf\u00e9 da manh\u00e3 ao ar livre.<\/p>\n<h3>6.2. A Import\u00e2ncia do Conforto<\/h3>\n<p><\/body><\/p>\n","protected":false},"excerpt":{"rendered":"<p>Dicas modernas para decorar varandas pequenas com estilo e conforto.<\/p>\n","protected":false},"author":102,"featured_media":140779,"comment_status":"closed","ping_status":"closed","sticky":false,"template":"","format":"standard","meta":{"footnotes":""},"categories":[1484,971,18792,18794],"tags":[],"class_list":["post-140782","post","type-post","status-publish","format-standard","has-post-thumbnail","category-decoracao","category-design-de-interiores","category-decoracao-de-apartamento","category-projetos-de-decoracao-de-casas"],"_wp_attached_file":null,"_wp_attachment_metadata":null,"_wp_attachment_context":null,"_wp_attachment_is_custom_header":null,"geo_longitude":null,"geo_public":null,"geo_latitude":null,"_publicize_done_external":null,"_wpas_done_3897181":null,"publicize_twitter_user":null,"_wpas_done_3897175":null,"_wpas_skip_3897181":null,"_wpas_skip_3897175":null,"_wpas_skip_3924723":null,"_wpas_mess":null,"_wpas_done_3924723":null,"wps_subtitle":"","_links":{"self":[{"href":"https:\/\/www.aarquiteta.com.br\/blog\/wp-json\/wp\/v2\/posts\/140782","targetHints":{"allow":["GET"]}}],"collection":[{"href":"https:\/\/www.aarquiteta.com.br\/blog\/wp-json\/wp\/v2\/posts"}],"about":[{"href":"https:\/\/www.aarquiteta.com.br\/blog\/wp-json\/wp\/v2\/types\/post"}],"author":[{"embeddable":true,"href":"https:\/\/www.aarquiteta.com.br\/blog\/wp-json\/wp\/v2\/users\/102"}],"replies":[{"embeddable":true,"href":"https:\/\/www.aarquiteta.com.br\/blog\/wp-json\/wp\/v2\/comments?post=140782"}],"version-history":[{"count":0,"href":"https:\/\/www.aarquiteta.com.br\/blog\/wp-json\/wp\/v2\/posts\/140782\/revisions"}],"wp:featuredmedia":[{"embeddable":true,"href":"https:\/\/www.aarquiteta.com.br\/blog\/wp-json\/wp\/v2\/media\/140779"}],"wp:attachment":[{"href":"https:\/\/www.aarquiteta.com.br\/blog\/wp-json\/wp\/v2\/media?parent=140782"}],"wp:term":[{"taxonomy":"category","embeddable":true,"href":"https:\/\/www.aarquiteta.com.br\/blog\/wp-json\/wp\/v2\/categories?post=140782"},{"taxonomy":"post_tag","embeddable":true,"href":"https:\/\/www.aarquiteta.com.br\/blog\/wp-json\/wp\/v2\/tags?post=140782"}],"curies":[{"name":"wp","href":"https:\/\/api.w.org\/{rel}","templated":true}]}}