{"id":140775,"date":"2025-01-16T16:31:09","date_gmt":"2025-01-16T19:31:09","guid":{"rendered":"https:\/\/www.aarquiteta.com.br\/blog\/guarda-corpo-de-vidro\/"},"modified":"2025-01-16T19:04:42","modified_gmt":"2025-01-16T22:04:42","slug":"guarda-corpo-de-vidro","status":"publish","type":"post","link":"https:\/\/www.aarquiteta.com.br\/blog\/guarda-corpo-de-vidro\/","title":{"rendered":"10 Ideias de Guarda-Corpo de Vidro que Unem Seguran\u00e7a e Modernidade"},"content":{"rendered":"<p><body><\/p>\n<p>O guarda-corpo de vidro \u00e9 uma excelente escolha para quem busca seguran\u00e7a e sofistica\u00e7\u00e3o. Ele n\u00e3o s\u00f3 protege como tamb\u00e9m complementa a est\u00e9tica de qualquer ambiente, tornando-o mais leve e arejado. Vamos explorar todas as vantagens e aplica\u00e7\u00f5es desse material moderno.<\/p>\n<h2>O que \u00e9 um Guarda-Corpo de Vidro?<\/h2>\n<p>Primeiramente, o guarda-corpo de vidro \u00e9 uma estrutura utilizada para proteger \u00e1reas elevadas. Trata-se de uma barreira visual que n\u00e3o bloqueia a luz e, por consequ\u00eancia, mant\u00e9m o ambiente iluminado e harmonioso. <strong>Em muitos casos, a funcionalidade n\u00e3o se limita apenas \u00e0 seguran\u00e7a.<\/strong> O design tamb\u00e9m desempenha um papel fundamental, conferindo eleg\u00e2ncia e modernidade.<\/p>\n<h2>Vantagens do Guarda-Corpo de Vidro<\/h2>\n<h3>Seguran\u00e7a e Estabilidade<\/h3>\n<figure style=\"width: 1024px\" class=\"wp-caption aligncenter\"><img decoding=\"async\" src=\"https:\/\/www.aarquiteta.com.br\/blog\/wp-content\/uploads\/2025\/01\/guarda-corpo-de-vidro01.jpg\" alt=\"70 Ideias de Guarda-Corpo de Vidro que Unem Seguran\u00e7a e Modernidade\" width=\"1024\" height=\"1024\" title=\"\"><figcaption class=\"wp-caption-text\">70 Ideias de Guarda-Corpo de Vidro que Unem Seguran\u00e7a e Modernidade<\/figcaption><\/figure>\n<p>Um dos maiores benef\u00edcios desse tipo de guarda-corpo \u00e9 <strong>a seguran\u00e7a que ele proporciona<\/strong>. A estrutura em vidro \u00e9 resistente e, quando adequada, pode suportar impacto significativo. Al\u00e9m disso, seu design aberto permite que voc\u00ea mantenha a vis\u00e3o do espa\u00e7o ao redor, em vez de se sentir cercado por barreiras opressivas.<\/p>\n<h3>Est\u00e9tica e Amplitude<\/h3>\n<figure style=\"width: 1024px\" class=\"wp-caption aligncenter\"><img decoding=\"async\" src=\"https:\/\/tuacasa.uol.com.br\/wp-content\/uploads\/2018\/10\/guarda-corpo-de-vidro-4.JPG\" alt=\"APOSTE EM ESCADAS COM GUARDA-CORPO DE VIDRO\" title=\"\"><figcaption class=\"wp-caption-text\">APOSTE EM ESCADAS COM GUARDA-CORPO DE VIDRO<\/figcaption><\/figure>\n<p>\u00c9 impressionante como um guarda-corpo de vidro pode <strong>transformar a percep\u00e7\u00e3o visual de um espa\u00e7o<\/strong>. Ele cria uma sensa\u00e7\u00e3o de amplitude, fazendo com que at\u00e9 mesmo os ambientes menores pare\u00e7am mais arejados. \u00c9 como abrir uma janela para a luz do sol, trazendo vida ao espa\u00e7o.<\/p>\n<h2>Aplica\u00e7\u00f5es Comuns do Guarda-Corpo de Vidro<\/h2>\n<h3>Em Escadas<\/h3>\n<figure style=\"width: 1024px\" class=\"wp-caption aligncenter\"><img decoding=\"async\" src=\"https:\/\/www.aarquiteta.com.br\/blog\/wp-content\/uploads\/2025\/01\/guarda-corpo-de-vidro.jpg\" alt=\"Ge\u00f3rgia Brandi Arquitetura\" title=\"\"><figcaption class=\"wp-caption-text\">Ge\u00f3rgia Brandi Arquitetura<\/figcaption><\/figure>\n<p>Em escadas, o guarda-corpo de vidro proporciona seguran\u00e7a sem comprometer a est\u00e9tica. <strong>Imagine subir uma escada linda, envolvendo-se em um ambiente que respira sofistica\u00e7\u00e3o e modernidade.<\/strong> A transpar\u00eancia do vidro destaca todos os elementos ao seu redor, enquanto mant\u00e9m os ocupantes seguros.<\/p>\n<h3>Em Varandas e Sacadas<\/h3>\n<figure style=\"width: 1024px\" class=\"wp-caption aligncenter\"><img decoding=\"async\" src=\"https:\/\/www.aarquiteta.com.br\/blog\/wp-content\/uploads\/2025\/01\/guarda-corpo-de-vidro02.jpg\" alt=\"70 Ideias de Guarda-Corpo de Vidro que Unem Seguran\u00e7a e Modernidade\" width=\"1024\" height=\"1024\" title=\"\"><figcaption class=\"wp-caption-text\">70 Ideias de Guarda-Corpo de Vidro que Unem Seguran\u00e7a e Modernidade<\/figcaption><\/figure>\n<p>Nas varandas, esses guarda-corpos s\u00e3o ideais para integrar o interior e o exterior. A visibilidade para a paisagem \u00e9 mantida, enquanto a seguran\u00e7a \u00e9 priorizada. <strong>Afinal, quem n\u00e3o gostaria de ter uma vista maravilhosa enquanto desfruta do caf\u00e9 da manh\u00e3?<\/strong><\/p>\n<h2>Materiais e Acabamentos<\/h2>\n<h3>Vidro Temperado<\/h3>\n<figure style=\"width: 1024px\" class=\"wp-caption aligncenter\"><img decoding=\"async\" src=\"https:\/\/www.aarquiteta.com.br\/blog\/wp-content\/uploads\/2025\/01\/guarda-corpo-de-vidro-1.jpg\" alt=\"Katharina Barkmeyer Com revis\u00e3o da Arq. Andressa Oliveira Atualizado em 23.12.22 Usado como prote\u00e7\u00e3o em ambientes elevados como passarelas, mezaninos, escadas e varandas, o guarda-corpo \u00e9 essencial para garantir seguran\u00e7a e prevenir quedas. Al\u00e9m disso, o elemento estrutural tamb\u00e9m faz parte da decora\u00e7\u00e3o do local em que \u00e9 inserido.\" title=\"\"><figcaption class=\"wp-caption-text\">Katharina Barkmeyer Com revis\u00e3o da Arq. Andressa Oliveira Atualizado em 23.12.22 Usado como prote\u00e7\u00e3o em ambientes elevados como passarelas, mezaninos, escadas e varandas, o guarda-corpo \u00e9 essencial para garantir seguran\u00e7a e prevenir quedas. Al\u00e9m disso, o elemento estrutural tamb\u00e9m faz parte da decora\u00e7\u00e3o do local em que \u00e9 inserido.<\/figcaption><\/figure>\n<p>O vidro temperado \u00e9 sem d\u00favida o material mais recomendado para guarda-corpos. Ele \u00e9 mais resistente e pode suportar tens\u00f5es maiores. <strong>Al\u00e9m disso, sua durabilidade \u00e9 inquestion\u00e1vel, tornando-se uma escolha inteligente.<\/strong><\/p>\n<h3>Combina\u00e7\u00f5es com Outros Materiais<\/h3>\n<figure style=\"width: 1024px\" class=\"wp-caption aligncenter\"><img decoding=\"async\" src=\"https:\/\/www.aarquiteta.com.br\/blog\/wp-content\/uploads\/2025\/01\/guarda-corpo-de-vidro03.jpg\" alt=\"70 Ideias de Guarda-Corpo de Vidro que Unem Seguran\u00e7a e Modernidade\" width=\"1024\" height=\"1024\" title=\"\"><figcaption class=\"wp-caption-text\">70 Ideias de Guarda-Corpo de Vidro que Unem Seguran\u00e7a e Modernidade<\/figcaption><\/figure>\n<p>Aumentar a est\u00e9tica com a combina\u00e7\u00e3o de vidro, metal ou madeira \u00e9 uma tend\u00eancia crescente. Esse mix de materiais \u00e9 uma maneira de adicionar um toque <strong>r\u00fastico ou contempor\u00e2neo ao ambiente.<\/strong> Dependendo do estilo que voc\u00ea deseja, \u00e9 poss\u00edvel explorar desde detalhes em inox at\u00e9 acabamentos em madeira natural.<\/p>\n<h2>Manuten\u00e7\u00e3o e Cuidados<\/h2>\n<h3>Limpeza do Vidro<\/h3>\n<figure style=\"width: 1024px\" class=\"wp-caption aligncenter\"><img decoding=\"async\" src=\"https:\/\/www.aarquiteta.com.br\/blog\/wp-content\/uploads\/2025\/01\/guarda-corpo-de-vidro-2-960x1200.jpg\" alt=\"Harmonizando com o estilo do espa\u00e7o e garantindo uma maior fluidez para a decora\u00e7\u00e3o, o guarda-corpo de vidro \u00e9 muito utilizado em constru\u00e7\u00f5es modernas e requintadas.\" title=\"\"><figcaption class=\"wp-caption-text\">Harmonizando com o estilo do espa\u00e7o e garantindo uma maior fluidez para a decora\u00e7\u00e3o, o guarda-corpo de vidro \u00e9 muito utilizado em constru\u00e7\u00f5es modernas e requintadas.<\/figcaption><\/figure>\n<p>Um dos desafios do guarda-corpo de vidro \u00e9 a manuten\u00e7\u00e3o. Para que ele esteja sempre brilhante, <strong>uma limpeza regular \u00e9 essencial.<\/strong> Utilize produtos espec\u00edficos que n\u00e3o risquem o material e mantenha-o sempre limpo e claro.<\/p>\n<h3>Inspe\u00e7\u00f5es Peri\u00f3dicas<\/h3>\n<figure style=\"width: 1024px\" class=\"wp-caption aligncenter\"><img decoding=\"async\" src=\"https:\/\/www.aarquiteta.com.br\/blog\/wp-content\/uploads\/2025\/01\/guarda-corpo-de-vidro4.jpg\" alt=\"70 Ideias de Guarda-Corpo de Vidro que Unem Seguran\u00e7a e Modernidade\" width=\"1024\" height=\"1024\" title=\"\"><figcaption class=\"wp-caption-text\">70 Ideias de Guarda-Corpo de Vidro que Unem Seguran\u00e7a e Modernidade<\/figcaption><\/figure>\n<p>Realizar inspe\u00e7\u00f5es peri\u00f3dicas \u00e9 outro aspecto importante. Assim, conseguimos garantir que <strong>os sistemas de fixa\u00e7\u00e3o e seguran\u00e7a estejam em perfeitas condi\u00e7\u00f5es.<\/strong> A preven\u00e7\u00e3o \u00e9 sempre melhor do que a corre\u00e7\u00e3o de problemas mais graves.<\/p>\n<h2>Estilo e Design<\/h2>\n<h3>Harmoniza\u00e7\u00e3o com Diferentes Estilos<\/h3>\n<figure style=\"width: 1024px\" class=\"wp-caption aligncenter\"><img decoding=\"async\" src=\"https:\/\/www.aarquiteta.com.br\/blog\/wp-content\/uploads\/2025\/01\/guarda-corpo-de-vidro-3.jpg\" alt=\"O VIDRO CONFERE AMPLITUDE AO LOCAL\" title=\"\"><figcaption class=\"wp-caption-text\">O VIDRO CONFERE AMPLITUDE AO LOCAL<\/figcaption><\/figure>\n<p>Um guarda-corpo de vidro n\u00e3o se limita a um \u00fanico estilo. Ele pode <strong>harmonizar-se perfeitamente com ambientes cl\u00e1ssicos, modernos ou at\u00e9 minimalistas.<\/strong> A versatilidade do vidro permite que voc\u00ea se mantenha fiel ao seu estilo pessoal sem abrir m\u00e3o da seguran\u00e7a.<\/p>\n<h3>Aspectos Funcionais vs. Est\u00e9ticos<\/h3>\n<p><iframe title=\"YouTube video player\" src=\"https:\/\/www.youtube.com\/embed\/UHtkoGvZLEA\" width=\"560\" height=\"315\" frameborder=\"0\" allowfullscreen=\"allowfullscreen\"><\/iframe><\/p>\n<p>\u00c9 interessante observar que, embora o guarda-corpo tenha funcionalidades claras, ele tamb\u00e9m \u00e9 uma pe\u00e7a de design por si s\u00f3. <strong>Pense nele como uma obra de arte que protege ao mesmo tempo que embeleza.<\/strong> Para muitos arquitetos e designers, a est\u00e9tica deve sempre ser uma prioridade.<\/p>\n<h2>Conclus\u00e3o<\/h2>\n<p>Investir em um guarda-corpo de vidro \u00e9 uma decis\u00e3o acertada para quem busca modernidade e seguran\u00e7a. Ao considerar as vantagens, aplica\u00e7\u00f5es, materiais e a manuten\u00e7\u00e3o necess\u00e1ria, fica claro que essa op\u00e7\u00e3o \u00e9 mais do que proteger &#8211; \u00e9 sobre integrar e valorizar seu espa\u00e7o. Afinal, <strong>um ambiente bem projetado n\u00e3o \u00e9 apenas funcional, \u00e9 uma experi\u00eancia.<\/strong> Portanto, considere cuidadosamente seu design e n\u00e3o hesite em buscar a ajuda de um profissional para garantir que a instala\u00e7\u00e3o seja a mais segura e est\u00e9tica poss\u00edvel. Que tal dar um upgrade na sua casa com essa solu\u00e7\u00e3o incr\u00edvel?<\/p>\n<p><\/body><\/p>\n<figure style=\"width: 1024px\" class=\"wp-caption aligncenter\"><img decoding=\"async\" src=\"https:\/\/tuacasa.uol.com.br\/wp-content\/uploads\/2018\/10\/guarda-corpo-de-vidro-5.JPG\" alt=\"O VIDRO PROPORCIONA FLUIDEZ \u00c0 DECORA\u00c7\u00c3O\" title=\"\"><figcaption class=\"wp-caption-text\">O VIDRO PROPORCIONA FLUIDEZ \u00c0 DECORA\u00c7\u00c3O<\/figcaption><\/figure>\n","protected":false},"excerpt":{"rendered":"<p>Explore 70 ideias incr\u00edveis de guarda-corpo de vidro que garantem seguran\u00e7a e modernidade para a sua casa.<\/p>\n","protected":false},"author":102,"featured_media":140769,"comment_status":"closed","ping_status":"closed","sticky":false,"template":"","format":"standard","meta":{"footnotes":""},"categories":[1507,249],"tags":[],"class_list":["post-140775","post","type-post","status-publish","format-standard","has-post-thumbnail","category-arquitetura","category-engenharia-e-construcao-civil"],"_wp_attached_file":null,"_wp_attachment_metadata":null,"_wp_attachment_context":null,"_wp_attachment_is_custom_header":null,"geo_longitude":null,"geo_public":null,"geo_latitude":null,"_publicize_done_external":null,"_wpas_done_3897181":null,"publicize_twitter_user":null,"_wpas_done_3897175":null,"_wpas_skip_3897181":null,"_wpas_skip_3897175":null,"_wpas_skip_3924723":null,"_wpas_mess":null,"_wpas_done_3924723":null,"wps_subtitle":"","_links":{"self":[{"href":"https:\/\/www.aarquiteta.com.br\/blog\/wp-json\/wp\/v2\/posts\/140775","targetHints":{"allow":["GET"]}}],"collection":[{"href":"https:\/\/www.aarquiteta.com.br\/blog\/wp-json\/wp\/v2\/posts"}],"about":[{"href":"https:\/\/www.aarquiteta.com.br\/blog\/wp-json\/wp\/v2\/types\/post"}],"author":[{"embeddable":true,"href":"https:\/\/www.aarquiteta.com.br\/blog\/wp-json\/wp\/v2\/users\/102"}],"replies":[{"embeddable":true,"href":"https:\/\/www.aarquiteta.com.br\/blog\/wp-json\/wp\/v2\/comments?post=140775"}],"version-history":[{"count":0,"href":"https:\/\/www.aarquiteta.com.br\/blog\/wp-json\/wp\/v2\/posts\/140775\/revisions"}],"wp:featuredmedia":[{"embeddable":true,"href":"https:\/\/www.aarquiteta.com.br\/blog\/wp-json\/wp\/v2\/media\/140769"}],"wp:attachment":[{"href":"https:\/\/www.aarquiteta.com.br\/blog\/wp-json\/wp\/v2\/media?parent=140775"}],"wp:term":[{"taxonomy":"category","embeddable":true,"href":"https:\/\/www.aarquiteta.com.br\/blog\/wp-json\/wp\/v2\/categories?post=140775"},{"taxonomy":"post_tag","embeddable":true,"href":"https:\/\/www.aarquiteta.com.br\/blog\/wp-json\/wp\/v2\/tags?post=140775"}],"curies":[{"name":"wp","href":"https:\/\/api.w.org\/{rel}","templated":true}]}}