{"id":140688,"date":"2025-01-15T20:15:20","date_gmt":"2025-01-15T23:15:20","guid":{"rendered":"https:\/\/www.aarquiteta.com.br\/blog\/decoracao-varandas-integradas-sala\/"},"modified":"2025-01-15T20:15:20","modified_gmt":"2025-01-15T23:15:20","slug":"decoracao-varandas-integradas-sala","status":"publish","type":"post","link":"https:\/\/www.aarquiteta.com.br\/blog\/decoracao-varandas-integradas-sala\/","title":{"rendered":"Decora\u00e7\u00e3o De Varandas Integradas \u00c0 Sala De Estar"},"content":{"rendered":"<p>Transformar varandas em extens\u00f5es da sala de estar \u00e9 uma tend\u00eancia que une conforto e estilo, permitindo criar ambientes agrad\u00e1veis e funcionais. Descubra como decorar sua varanda integrada \u00e0 sala de estar e aproveite ao m\u00e1ximo esse espa\u00e7o.<\/p>\n<h2>Destaques principais<\/h2>\n<ul>\n<li><b>Vantagens de Integrar a Varanda:<\/b> A uni\u00e3o da varanda com a sala de estar amplia o espa\u00e7o e proporciona um ambiente mais arejado e iluminado.<\/li>\n<li><b>Escolha do Mobili\u00e1rio:<\/b> M\u00f3veis confort\u00e1veis e funcionais s\u00e3o essenciais para criar um espa\u00e7o acolhedor e pr\u00e1tico.<\/li>\n<li><b>Ilumina\u00e7\u00e3o e Plantas:<\/b> A ilumina\u00e7\u00e3o adequada e a presen\u00e7a de plantas trazem vida e aconchego ao ambiente.<\/li>\n<\/ul>\n<h2>1. Vantagens de Integrar a Varanda \u00e0 Sala de Estar<\/h2>\n<p>Integrar a varanda \u00e0 sala de estar \u00e9 uma <b>decis\u00e3o inteligente<\/b> que traz uma s\u00e9rie de benef\u00edcios. Primeiramente, essa uni\u00e3o cria uma sensa\u00e7\u00e3o de amplitude, fazendo com que o espa\u00e7o pare\u00e7a maior e mais convidativo. Al\u00e9m disso, a ventila\u00e7\u00e3o e a ilumina\u00e7\u00e3o natural s\u00e3o amplificadas, proporcionando um ambiente mais saud\u00e1vel e agrad\u00e1vel. Voc\u00ea j\u00e1 imaginou como \u00e9 bom ter um espa\u00e7o que se conecta com a natureza, mesmo dentro de casa?<\/p>\n<h2>2. Escolhendo o Mobili\u00e1rio Ideal<\/h2>\n<p>O mobili\u00e1rio \u00e9 um dos aspectos mais importantes na decora\u00e7\u00e3o de uma varanda integrada. \u00c9 fundamental escolher pe\u00e7as que sejam <b>confort\u00e1veis<\/b> e que se adequem ao estilo do ambiente.<\/p>\n<h3>2.1 Sof\u00e1s e Poltronas Confort\u00e1veis<\/h3>\n<figure style=\"width: 1024px\" class=\"wp-caption aligncenter\"><img decoding=\"async\" src=\"https:\/\/www.aarquiteta.com.br\/blog\/wp-content\/uploads\/2025\/01\/decoracao-varandas-integradas-sala04.jpg\" alt=\"Decora\u00e7\u00e3o De Varandas Integradas \u00c0 Sala De Estar\" width=\"1024\" height=\"1024\" title=\"\"><figcaption class=\"wp-caption-text\">Decora\u00e7\u00e3o De Varandas Integradas \u00c0 Sala De Estar<\/figcaption><\/figure>\n<p>Um sof\u00e1 ou poltrona confort\u00e1vel pode ser o cora\u00e7\u00e3o da sua varanda. Opte por tecidos que resistam \u00e0s intemp\u00e9ries e que sejam f\u00e1ceis de limpar. Um bom exemplo s\u00e3o os <b>m\u00f3veis de fibra sint\u00e9tica<\/b>, que combinam durabilidade e estilo.<\/p>\n<h3>2.2 Mesas e Cadeiras para Refei\u00e7\u00f5es<\/h3>\n<figure style=\"width: 1024px\" class=\"wp-caption aligncenter\"><img decoding=\"async\" src=\"https:\/\/www.aarquiteta.com.br\/blog\/wp-content\/uploads\/2025\/01\/decoracao-varandas-integradas-sala03.jpg\" alt=\"Decora\u00e7\u00e3o De Varandas Integradas \u00c0 Sala De Estar\" width=\"1024\" height=\"1024\" title=\"\"><figcaption class=\"wp-caption-text\">Decora\u00e7\u00e3o De Varandas Integradas \u00c0 Sala De Estar<\/figcaption><\/figure>\n<p>Se voc\u00ea gosta de receber amigos e familiares, uma mesa de jantar na varanda \u00e9 uma excelente escolha. Escolha cadeiras que sejam <b>ergon\u00f4micas<\/b> e que complementem o estilo do sof\u00e1. Assim, voc\u00ea ter\u00e1 um espa\u00e7o perfeito para refei\u00e7\u00f5es ao ar livre.<\/p>\n<h2>3. Ilumina\u00e7\u00e3o: Criando Ambientes Aconchegantes<\/h2>\n<p>A ilumina\u00e7\u00e3o \u00e9 um dos elementos que mais impactam a atmosfera de um ambiente. Uma boa ilumina\u00e7\u00e3o pode transformar sua varanda em um <b>ref\u00fagio acolhedor<\/b>.<\/p>\n<h3>3.1 Luz Natural e Cortinas<\/h3>\n<figure style=\"width: 1024px\" class=\"wp-caption aligncenter\"><img decoding=\"async\" src=\"https:\/\/www.aarquiteta.com.br\/blog\/wp-content\/uploads\/2025\/01\/decoracao-varandas-integradas-sala02.jpg\" alt=\"Decora\u00e7\u00e3o De Varandas Integradas \u00c0 Sala De Estar\" width=\"1024\" height=\"1024\" title=\"\"><figcaption class=\"wp-caption-text\">Decora\u00e7\u00e3o De Varandas Integradas \u00c0 Sala De Estar<\/figcaption><\/figure>\n<p>Utilizar cortinas leves pode ajudar a filtrar a luz natural, criando um ambiente mais suave e relaxante. Al\u00e9m disso, elas oferecem privacidade sem bloquear completamente a luz do sol.<\/p>\n<h3>3.2 Ilumina\u00e7\u00e3o Artificial Estrat\u00e9gica<\/h3>\n<figure style=\"width: 1024px\" class=\"wp-caption aligncenter\"><img decoding=\"async\" src=\"https:\/\/www.aarquiteta.com.br\/blog\/wp-content\/uploads\/2025\/01\/decoracao-varandas-integradas-sala01.jpg\" alt=\"Decora\u00e7\u00e3o De Varandas Integradas \u00c0 Sala De Estar\" width=\"1024\" height=\"1024\" title=\"\"><figcaption class=\"wp-caption-text\">Decora\u00e7\u00e3o De Varandas Integradas \u00c0 Sala De Estar<\/figcaption><\/figure>\n<p>Invista em lumin\u00e1rias pendentes ou abajures que possam ser usados \u00e0 noite. A ilumina\u00e7\u00e3o indireta, como fitas de LED, pode criar um efeito m\u00e1gico e convidativo. Voc\u00ea j\u00e1 pensou em como a luz pode mudar a percep\u00e7\u00e3o de um espa\u00e7o?<\/p>\n<h2>4. Plantas e Elementos Naturais<\/h2>\n<p>Adicionar plantas \u00e0 sua varanda \u00e9 uma maneira incr\u00edvel de trazer vida e frescor ao ambiente. As plantas n\u00e3o apenas embelezam, mas tamb\u00e9m purificam o ar.<\/p>\n<h3>4.1 Jardins Verticais<\/h3>\n<p style=\"text-align: center;\">[amazon table=&#8221;87455&#8243;]\n<p>Os jardins verticais s\u00e3o uma \u00f3tima solu\u00e7\u00e3o para quem tem pouco espa\u00e7o. Eles podem ser montados em paredes e oferecem uma variedade de op\u00e7\u00f5es de plantas, criando um <b>visual deslumbrante<\/b>.<\/p>\n<h3>4.2 Vasos e Arranjos Florais<\/h3>\n<h3>Assista agora a minha recomenda\u00e7\u00e3o de video abaixo sobre o tema que estamos tratando neste artigo: <\/h3>\n<p><div class=\"youtube-embed\" data-video_id=\"Ye8gGtTIXTE\"><iframe title=\"SALA PARA APARTAMENTOS COM VARANDA GOURMET\" width=\"696\" height=\"392\" src=\"https:\/\/www.youtube.com\/embed\/Ye8gGtTIXTE?feature=oembed&#038;enablejsapi=1\" frameborder=\"0\" allow=\"accelerometer; autoplay; clipboard-write; encrypted-media; gyroscope; picture-in-picture; web-share\" referrerpolicy=\"strict-origin-when-cross-origin\" allowfullscreen><\/iframe><\/div>\n<\/p>\n<p>Vasos com flores coloridas ou ervas arom\u00e1ticas podem ser dispostos em mesas ou prateleiras. Al\u00e9m de decorativos, eles trazem um aroma agrad\u00e1vel e um toque de natureza ao ambiente.<\/p>\n<h2>5. Estilo e Tem\u00e1tica na Decora\u00e7\u00e3o<\/h2>\n<p>Definir um estilo para a sua varanda \u00e9 essencial para criar uma atmosfera coesa e harmoniosa. O estilo deve refletir a sua personalidade e o uso que voc\u00ea pretende dar ao espa\u00e7o.<\/p>\n<h3>5.1 Estilos Modernos e Minimalistas<\/h3>\n<p>Se voc\u00ea prefere um visual mais clean, opte por m\u00f3veis com linhas retas e cores neutras. O minimalismo traz uma sensa\u00e7\u00e3o de tranquilidade e organiza\u00e7\u00e3o.<\/p>\n<h3>5.2 Temas R\u00fasticos e Aconchegantes<\/h3>\n<p>Para um ambiente mais acolhedor, escolha m\u00f3veis de madeira e elementos decorativos que remetam ao campo. O estilo r\u00fastico \u00e9 perfeito para quem busca um espa\u00e7o <b>quente e convidativo<\/b>.<\/p>\n<h2>6. Dicas de Manuten\u00e7\u00e3o e Cuidados<\/h2>\n<p>Manter a varanda em bom estado \u00e9 fundamental para garantir que ela continue sendo um espa\u00e7o agrad\u00e1vel. Aqui est\u00e3o algumas dicas pr\u00e1ticas.<\/p>\n<h3>6.1 Protegendo M\u00f3veis Externos<\/h3>\n<p>Use capas protetoras para os m\u00f3veis quando n\u00e3o estiverem em uso. Isso ajuda a preservar a apar\u00eancia e a durabilidade dos materiais, especialmente em climas mais rigorosos.<\/p>\n<h3>6.2 Cuidados com Plantas e Flores<\/h3>\n<p>Regue as plantas regularmente e fique atento a pragas. Um cuidado constante garante que seu espa\u00e7o verde permane\u00e7a vibrante e saud\u00e1vel.<\/p>\n<h2>Conclus\u00e3o: Aproveite sua Varanda Integrada<\/h2>\n<p>Integrar a varanda \u00e0 sala de estar \u00e9 uma maneira de criar um espa\u00e7o \u00fanico e funcional. Com as dicas apresentadas, voc\u00ea pode transformar sua varanda em um verdadeiro <b>ref\u00fagio de conforto e estilo<\/b>. N\u00e3o hesite em explorar sua criatividade e fazer desse espa\u00e7o um lugar especial para voc\u00ea e sua fam\u00edlia. Afinal, a vida \u00e9 feita de momentos, e nada melhor do que desfrut\u00e1-los em um ambiente que voc\u00ea ama!<\/p>\n","protected":false},"excerpt":{"rendered":"<p>Saiba como integrar varandas \u00e0 sala de estar com charme e funcionalidade.<\/p>\n","protected":false},"author":102,"featured_media":140685,"comment_status":"closed","ping_status":"closed","sticky":false,"template":"","format":"standard","meta":{"footnotes":""},"categories":[1484,971,18792,18794],"tags":[],"class_list":["post-140688","post","type-post","status-publish","format-standard","has-post-thumbnail","category-decoracao","category-design-de-interiores","category-decoracao-de-apartamento","category-projetos-de-decoracao-de-casas"],"_wp_attached_file":null,"_wp_attachment_metadata":null,"_wp_attachment_context":null,"_wp_attachment_is_custom_header":null,"geo_longitude":null,"geo_public":null,"geo_latitude":null,"_publicize_done_external":null,"_wpas_done_3897181":null,"publicize_twitter_user":null,"_wpas_done_3897175":null,"_wpas_skip_3897181":null,"_wpas_skip_3897175":null,"_wpas_skip_3924723":null,"_wpas_mess":null,"_wpas_done_3924723":null,"wps_subtitle":"","_links":{"self":[{"href":"https:\/\/www.aarquiteta.com.br\/blog\/wp-json\/wp\/v2\/posts\/140688","targetHints":{"allow":["GET"]}}],"collection":[{"href":"https:\/\/www.aarquiteta.com.br\/blog\/wp-json\/wp\/v2\/posts"}],"about":[{"href":"https:\/\/www.aarquiteta.com.br\/blog\/wp-json\/wp\/v2\/types\/post"}],"author":[{"embeddable":true,"href":"https:\/\/www.aarquiteta.com.br\/blog\/wp-json\/wp\/v2\/users\/102"}],"replies":[{"embeddable":true,"href":"https:\/\/www.aarquiteta.com.br\/blog\/wp-json\/wp\/v2\/comments?post=140688"}],"version-history":[{"count":0,"href":"https:\/\/www.aarquiteta.com.br\/blog\/wp-json\/wp\/v2\/posts\/140688\/revisions"}],"wp:featuredmedia":[{"embeddable":true,"href":"https:\/\/www.aarquiteta.com.br\/blog\/wp-json\/wp\/v2\/media\/140685"}],"wp:attachment":[{"href":"https:\/\/www.aarquiteta.com.br\/blog\/wp-json\/wp\/v2\/media?parent=140688"}],"wp:term":[{"taxonomy":"category","embeddable":true,"href":"https:\/\/www.aarquiteta.com.br\/blog\/wp-json\/wp\/v2\/categories?post=140688"},{"taxonomy":"post_tag","embeddable":true,"href":"https:\/\/www.aarquiteta.com.br\/blog\/wp-json\/wp\/v2\/tags?post=140688"}],"curies":[{"name":"wp","href":"https:\/\/api.w.org\/{rel}","templated":true}]}}