{"id":140589,"date":"2025-01-15T05:09:15","date_gmt":"2025-01-15T08:09:15","guid":{"rendered":"https:\/\/www.aarquiteta.com.br\/blog\/o-que-e-grade-curricular\/"},"modified":"2025-01-15T05:09:15","modified_gmt":"2025-01-15T08:09:15","slug":"o-que-e-grade-curricular","status":"publish","type":"post","link":"https:\/\/www.aarquiteta.com.br\/blog\/o-que-e-grade-curricular\/","title":{"rendered":"Descubra como a grade curricular impacta sua forma\u00e7\u00e3o."},"content":{"rendered":"<p>Voc\u00ea j\u00e1 parou para pensar na import\u00e2ncia da <b>grade curricular<\/b> na sua forma\u00e7\u00e3o acad\u00eamica? Ela \u00e9 a espinha dorsal do seu curso, moldando o que voc\u00ea vai aprender e como isso se relaciona com o mercado de trabalho. Neste artigo, vamos explorar o que \u00e9 uma grade curricular, como ela \u00e9 estruturada e por que voc\u00ea deve analis\u00e1-la antes de escolher sua faculdade.<\/p>\n<h2>O que \u00e9 grade curricular?<\/h2>\n<p>A <b>grade curricular<\/b> \u00e9 um documento que organiza todas as disciplinas que um aluno deve cursar durante sua gradua\u00e7\u00e3o ou p\u00f3s-gradua\u00e7\u00e3o. \u00c9 como um mapa que guia o estudante ao longo de sua jornada acad\u00eamica, mostrando o que ser\u00e1 estudado e quando. Para quem est\u00e1 prestes a entrar na faculdade, entender a grade curricular \u00e9 fundamental, pois ela pode influenciar diretamente na escolha da institui\u00e7\u00e3o e do curso.<\/p>\n<h3>Composi\u00e7\u00e3o da grade curricular<\/h3>\n<p>Basicamente, a grade curricular \u00e9 dividida em quatro componentes principais: <b>disciplinas obrigat\u00f3rias<\/b>, <b>disciplinas optativas<\/b>, <b>atividades complementares<\/b> e <b>est\u00e1gios<\/b>. Cada um desses elementos desempenha um papel crucial na forma\u00e7\u00e3o do aluno.<\/p>\n<h4>Disciplinas obrigat\u00f3rias<\/h4>\n<p>As <b>disciplinas obrigat\u00f3rias<\/b> s\u00e3o aquelas que todos os alunos devem cursar, independentemente da institui\u00e7\u00e3o. Elas formam a base do conhecimento necess\u00e1rio para a forma\u00e7\u00e3o em um determinado campo. Por exemplo, em um curso de Engenharia, disciplinas como Matem\u00e1tica e F\u00edsica s\u00e3o essenciais e n\u00e3o podem ser ignoradas.<\/p>\n<h4>Disciplinas optativas<\/h4>\n<p>As <b>disciplinas optativas<\/b> oferecem ao aluno a oportunidade de personalizar sua forma\u00e7\u00e3o. Cada faculdade pode ter um conjunto diferente de disciplinas optativas, permitindo que o estudante escolha aquelas que mais se alinham com seus interesses e objetivos profissionais. Isso \u00e9 como escolher os ingredientes de uma receita: voc\u00ea pode adicionar o que mais gosta!<\/p>\n<h4>Atividades complementares<\/h4>\n<p>As <b>atividades complementares<\/b> s\u00e3o experi\u00eancias que v\u00e3o al\u00e9m da sala de aula. Elas incluem workshops, interc\u00e2mbios e participa\u00e7\u00e3o em eventos. Essas atividades s\u00e3o essenciais para enriquecer o aprendizado e proporcionar uma vis\u00e3o mais ampla do mercado de trabalho. Ao final do curso, o aluno deve reunir uma quantidade m\u00ednima de cr\u00e9ditos obtidos por meio dessas atividades.<\/p>\n<h4>Est\u00e1gios<\/h4>\n<p>Os <b>est\u00e1gios<\/b> s\u00e3o uma parte fundamental da forma\u00e7\u00e3o pr\u00e1tica do aluno. Eles oferecem a oportunidade de aplicar o conhecimento adquirido em situa\u00e7\u00f5es reais de trabalho. Cada curso tem uma carga hor\u00e1ria m\u00ednima de est\u00e1gio que deve ser cumprida, e essa experi\u00eancia \u00e9 muitas vezes o primeiro passo para a inser\u00e7\u00e3o no mercado de trabalho.<\/p>\n<h3>Diferen\u00e7a entre grade curricular e matriz curricular<\/h3>\n<figure style=\"width: 1024px\" class=\"wp-caption aligncenter\"><img decoding=\"async\" src=\"https:\/\/www.aarquiteta.com.br\/blog\/wp-content\/uploads\/2025\/01\/original-cde7c5dda533b56c6a976f996e05c0d1.jpg\" alt=\"Descubra como a grade curricular impacta sua forma\u00e7\u00e3o.\" width=\"1024\" height=\"1024\" title=\"\"><figcaption class=\"wp-caption-text\">Fonte: <a href=\"https:\/\/blog.anhanguera.com\/o-que-e-grade-curricular\/\" target=\"_blank\" rel=\"noopener\">Blog anhanguera<\/a><\/figcaption><\/figure>\n<p>\u00c9 importante n\u00e3o confundir <b>grade curricular<\/b> com <b>matriz curricular<\/b>. A matriz curricular \u00e9 o esqueleto do curso, definindo os pilares do ensino e as diretrizes pedag\u00f3gicas. A grade curricular, por sua vez, \u00e9 a aplica\u00e7\u00e3o pr\u00e1tica dessa matriz, mostrando como as disciplinas ser\u00e3o organizadas e oferecidas aos alunos. O Minist\u00e9rio da Educa\u00e7\u00e3o (MEC) estabelece as diretrizes gerais, mas cada institui\u00e7\u00e3o tem liberdade para adaptar sua grade curricular conforme suas necessidades e objetivos.<\/p>\n<h3>Quem \u00e9 respons\u00e1vel por definir a grade curricular de um curso?<\/h3>\n<p>A responsabilidade pela defini\u00e7\u00e3o da grade curricular recai sobre as institui\u00e7\u00f5es de ensino, que devem seguir as orienta\u00e7\u00f5es do MEC. Cada faculdade tem uma comiss\u00e3o pedag\u00f3gica que analisa as diretrizes e elabora a grade curricular de acordo com as necessidades do mercado e as inova\u00e7\u00f5es tecnol\u00f3gicas. Isso significa que, ao escolher uma faculdade, voc\u00ea deve considerar como ela se adapta \u00e0s mudan\u00e7as e demandas do mundo atual.<\/p>\n<h3>A grade curricular pode mudar de tempos em tempos?<\/h3>\n<p>Sim, a <b>grade curricular<\/b> pode e deve ser atualizada. As mudan\u00e7as no mercado de trabalho, novas tecnologias e altera\u00e7\u00f5es na legisla\u00e7\u00e3o s\u00e3o fatores que podem levar as institui\u00e7\u00f5es a revisar suas grades. Essa flexibilidade \u00e9 crucial para garantir que os alunos estejam sempre preparados para os desafios do mundo profissional. As propostas de altera\u00e7\u00e3o s\u00e3o discutidas pela comiss\u00e3o pedag\u00f3gica e, ap\u00f3s aprova\u00e7\u00e3o, s\u00e3o enviadas ao MEC para avalia\u00e7\u00e3o.<\/p>\n<h3>Por que analisar a grade curricular antes de iniciar a faculdade?<\/h3>\n<p>Analisar a <b>grade curricular<\/b> \u00e9 um passo essencial na escolha da faculdade. Uma grade bem estruturada pode indicar que a institui\u00e7\u00e3o est\u00e1 atenta \u00e0s necessidades do mercado e \u00e0s expectativas dos alunos. Se a grade parecer desatualizada ou r\u00edgida, isso pode ser um sinal de que a forma\u00e7\u00e3o oferecida n\u00e3o est\u00e1 alinhada com as exig\u00eancias do mercado de trabalho. Portanto, \u00e9 fundamental que o estudante fa\u00e7a essa an\u00e1lise antes de tomar uma decis\u00e3o.<\/p>\n<h2>Conclus\u00e3o<\/h2>\n<p>Em resumo, a <b>grade curricular<\/b> \u00e9 um elemento vital na forma\u00e7\u00e3o acad\u00eamica e profissional de qualquer estudante. Ela n\u00e3o apenas define o que ser\u00e1 aprendido, mas tamb\u00e9m como isso se relaciona com o mercado de trabalho. Ao escolher uma faculdade, \u00e9 imprescind\u00edvel que o aluno analise a grade curricular, garantindo que ela atenda \u00e0s suas expectativas e prepare-o adequadamente para sua futura carreira. Para mais informa\u00e7\u00f5es sobre diretrizes e regulamenta\u00e7\u00f5es, voc\u00ea pode acessar o site do <a href=\"https:\/\/www.mec.gov.br\/\" target=\"_blank\" rel=\"noopener\">MEC<\/a>.<\/p>\n<p><iframe width=\"560\" height=\"315\" src=\"https:\/\/www.youtube.com\/embed\/NyMqu2enuCs\" title=\"YouTube video player\" frameborder=\"0\" allow=\"accelerometer; autoplay; clipboard-write; encrypted-media; gyroscope; picture-in-picture; web-share\" referrerpolicy=\"strict-origin-when-cross-origin\" allowfullscreen><\/iframe><\/p>\n","protected":false},"excerpt":{"rendered":"<p>Voc\u00ea j\u00e1 parou para pensar na import\u00e2ncia da grade curricular na sua forma\u00e7\u00e3o acad\u00eamica? Ela \u00e9 a espinha dorsal do seu curso, moldando o que voc\u00ea vai aprender e como isso se relaciona com o mercado de trabalho. Neste artigo, vamos explorar o que \u00e9 uma grade curricular, como ela \u00e9 estruturada e por que [&hellip;]<\/p>\n","protected":false},"author":20,"featured_media":140588,"comment_status":"closed","ping_status":"closed","sticky":false,"template":"","format":"standard","meta":{"footnotes":""},"categories":[6,35497],"tags":[],"class_list":["post-140589","post","type-post","status-publish","format-standard","has-post-thumbnail","category-carreira-de-arquitetura","category-estudante"],"_wp_attached_file":null,"_wp_attachment_metadata":null,"_wp_attachment_context":null,"_wp_attachment_is_custom_header":null,"geo_longitude":null,"geo_public":null,"geo_latitude":null,"_publicize_done_external":null,"_wpas_done_3897181":null,"publicize_twitter_user":null,"_wpas_done_3897175":null,"_wpas_skip_3897181":null,"_wpas_skip_3897175":null,"_wpas_skip_3924723":null,"_wpas_mess":null,"_wpas_done_3924723":null,"wps_subtitle":"","_links":{"self":[{"href":"https:\/\/www.aarquiteta.com.br\/blog\/wp-json\/wp\/v2\/posts\/140589","targetHints":{"allow":["GET"]}}],"collection":[{"href":"https:\/\/www.aarquiteta.com.br\/blog\/wp-json\/wp\/v2\/posts"}],"about":[{"href":"https:\/\/www.aarquiteta.com.br\/blog\/wp-json\/wp\/v2\/types\/post"}],"author":[{"embeddable":true,"href":"https:\/\/www.aarquiteta.com.br\/blog\/wp-json\/wp\/v2\/users\/20"}],"replies":[{"embeddable":true,"href":"https:\/\/www.aarquiteta.com.br\/blog\/wp-json\/wp\/v2\/comments?post=140589"}],"version-history":[{"count":0,"href":"https:\/\/www.aarquiteta.com.br\/blog\/wp-json\/wp\/v2\/posts\/140589\/revisions"}],"wp:featuredmedia":[{"embeddable":true,"href":"https:\/\/www.aarquiteta.com.br\/blog\/wp-json\/wp\/v2\/media\/140588"}],"wp:attachment":[{"href":"https:\/\/www.aarquiteta.com.br\/blog\/wp-json\/wp\/v2\/media?parent=140589"}],"wp:term":[{"taxonomy":"category","embeddable":true,"href":"https:\/\/www.aarquiteta.com.br\/blog\/wp-json\/wp\/v2\/categories?post=140589"},{"taxonomy":"post_tag","embeddable":true,"href":"https:\/\/www.aarquiteta.com.br\/blog\/wp-json\/wp\/v2\/tags?post=140589"}],"curies":[{"name":"wp","href":"https:\/\/api.w.org\/{rel}","templated":true}]}}