{"id":140586,"date":"2025-01-14T21:49:24","date_gmt":"2025-01-15T00:49:24","guid":{"rendered":"https:\/\/www.aarquiteta.com.br\/blog\/o-que-sao-cores-analogas-definicao-para-iniciantes\/"},"modified":"2025-01-14T21:49:24","modified_gmt":"2025-01-15T00:49:24","slug":"o-que-sao-cores-analogas-definicao-para-iniciantes","status":"publish","type":"post","link":"https:\/\/www.aarquiteta.com.br\/blog\/o-que-sao-cores-analogas-definicao-para-iniciantes\/","title":{"rendered":"O que s\u00e3o Cores An\u00e1logas? Defini\u00e7\u00e3o para Iniciantes na Decora\u00e7\u00e3o"},"content":{"rendered":"<p><body><\/p>\n<p>As cores an\u00e1logas s\u00e3o combina\u00e7\u00f5es de tons que est\u00e3o pr\u00f3ximas na roda de cores, proporcionando uma est\u00e9tica harmoniosa e equilibrada. Neste artigo, vamos explorar como identificar, combinar e aplicar essas cores na decora\u00e7\u00e3o de ambientes, trazendo beleza e conforto aos espa\u00e7os.<\/p>\n<h2>Destaques principais<\/h2>\n<ul>\n<li><b>O que s\u00e3o Cores An\u00e1logas?<\/b> &#8211; Entenda o conceito e a import\u00e2ncia das cores an\u00e1logas na decora\u00e7\u00e3o.<\/li>\n<li><b>Benef\u00edcios de Usar Cores An\u00e1logas<\/b> &#8211; Descubra como essas combina\u00e7\u00f5es podem transformar seus ambientes.<\/li>\n<li><b>Dicas Pr\u00e1ticas<\/b> &#8211; Aprenda a aplicar cores an\u00e1logas de forma eficaz em diferentes espa\u00e7os.<\/li>\n<\/ul>\n<h2>O que s\u00e3o Cores An\u00e1logas?<\/h2>\n<p>As <b>cores an\u00e1logas<\/b> s\u00e3o aquelas que est\u00e3o lado a lado na roda de cores. Por exemplo, o azul, o azul-esverdeado e o verde formam uma paleta an\u00e1loga. Essas cores criam uma sensa\u00e7\u00e3o de <b>harmonia<\/b> e fluidez, sendo ideais para quem busca um ambiente acolhedor e equilibrado.<\/p>\n<h2>Como Identificar Cores An\u00e1logas<\/h2>\n<p>Identificar cores an\u00e1logas \u00e9 simples. Basta olhar para a roda de cores e escolher tr\u00eas ou quatro tons que estejam pr\u00f3ximos. Uma dica \u00e9 usar uma <b>ferramenta de design<\/b> ou aplicativos que ajudam a visualizar essas combina\u00e7\u00f5es. Ao fazer isso, voc\u00ea pode garantir que as cores escolhidas se complementem e criem um efeito visual agrad\u00e1vel.<\/p>\n<h3>Exemplo Pr\u00e1tico<\/h3>\n<figure style=\"width: 1024px\" class=\"wp-caption aligncenter\"><img decoding=\"async\" src=\"https:\/\/www.aarquiteta.com.br\/blog\/wp-content\/uploads\/2025\/01\/o-que-sao-cores-analogas-definicao-para-iniciantes04.jpg\" alt=\"O que s\u00e3o Cores An\u00e1logas? Defini\u00e7\u00e3o para Iniciantes na Decora\u00e7\u00e3o\" width=\"1024\" height=\"1024\" title=\"\"><figcaption class=\"wp-caption-text\">O que s\u00e3o Cores An\u00e1logas? Defini\u00e7\u00e3o para Iniciantes na Decora\u00e7\u00e3o<\/figcaption><\/figure>\n<p>Se voc\u00ea escolher o <b>laranja<\/b> como cor principal, as cores an\u00e1logas seriam o vermelho e o amarelo. Essa combina\u00e7\u00e3o pode ser usada em paredes, m\u00f3veis e acess\u00f3rios, criando um ambiente vibrante e acolhedor.<\/p>\n<h2>Benef\u00edcios de Usar Cores An\u00e1logas na Decora\u00e7\u00e3o<\/h2>\n<p>Usar cores an\u00e1logas na decora\u00e7\u00e3o traz diversos <b>benef\u00edcios<\/b>. Primeiramente, elas ajudam a criar um ambiente coeso, onde os elementos se conectam visualmente. Al\u00e9m disso, essas cores podem influenciar o <b>humor<\/b> e a sensa\u00e7\u00e3o de conforto em um espa\u00e7o.<\/p>\n<h3>Ambientes Aconchegantes<\/h3>\n<figure style=\"width: 1024px\" class=\"wp-caption aligncenter\"><img decoding=\"async\" src=\"https:\/\/www.aarquiteta.com.br\/blog\/wp-content\/uploads\/2025\/01\/o-que-sao-cores-analogas-definicao-para-iniciantes03.jpg\" alt=\"O que s\u00e3o Cores An\u00e1logas? Defini\u00e7\u00e3o para Iniciantes na Decora\u00e7\u00e3o\" width=\"1024\" height=\"1024\" title=\"\"><figcaption class=\"wp-caption-text\">O que s\u00e3o Cores An\u00e1logas? Defini\u00e7\u00e3o para Iniciantes na Decora\u00e7\u00e3o<\/figcaption><\/figure>\n<p>Ambientes decorados com cores an\u00e1logas tendem a ser mais <b>aconchegantes<\/b> e convidativos. Por exemplo, uma sala de estar em tons de verde e azul pode transmitir uma sensa\u00e7\u00e3o de tranquilidade e relaxamento.<\/p>\n<h2>Exemplos de Combina\u00e7\u00f5es de Cores An\u00e1logas<\/h2>\n<p>Vamos explorar algumas combina\u00e7\u00f5es populares de cores an\u00e1logas:<\/p>\n<ul>\n<li><b>Azul, Azul-esverdeado e Verde<\/b> &#8211; Ideal para ambientes que buscam frescor.<\/li>\n<li><b>Vermelho, Vermelho-alaranjado e Laranja<\/b> &#8211; Perfeito para espa\u00e7os vibrantes e energ\u00e9ticos.<\/li>\n<li><b>Amarelo, Amarelo-esverdeado e Verde<\/b> &#8211; Uma paleta que traz alegria e luminosidade.<\/li>\n<\/ul>\n<h2>Dicas para Usar Cores An\u00e1logas em Ambientes<\/h2>\n<p>Ao aplicar cores an\u00e1logas, algumas <b>dicas pr\u00e1ticas<\/b> podem ajudar:<\/p>\n<ol>\n<li><b>Escolha uma cor principal<\/b> &#8211; Defina qual ser\u00e1 a cor predominante no ambiente.<\/li>\n<li><b>Use diferentes tonalidades<\/b> &#8211; Brinque com varia\u00e7\u00f5es de intensidade para criar profundidade.<\/li>\n<li><b>Equilibre com neutros<\/b> &#8211; Adicione cores neutras para equilibrar a paleta e evitar excessos.<\/li>\n<\/ol>\n<h3>Exemplo de Aplica\u00e7\u00e3o<\/h3>\n<figure style=\"width: 1024px\" class=\"wp-caption aligncenter\"><img decoding=\"async\" src=\"https:\/\/www.aarquiteta.com.br\/blog\/wp-content\/uploads\/2025\/01\/o-que-sao-cores-analogas-definicao-para-iniciantes02.jpg\" alt=\"O que s\u00e3o Cores An\u00e1logas? Defini\u00e7\u00e3o para Iniciantes na Decora\u00e7\u00e3o\" width=\"1024\" height=\"1024\" title=\"\"><figcaption class=\"wp-caption-text\">O que s\u00e3o Cores An\u00e1logas? Defini\u00e7\u00e3o para Iniciantes na Decora\u00e7\u00e3o<\/figcaption><\/figure>\n<p>Se voc\u00ea optar por um esquema de azul, considere usar um sof\u00e1 azul claro, almofadas em azul escuro e detalhes em verde-\u00e1gua. Isso cria um espa\u00e7o visualmente interessante e harmonioso.<\/p>\n<h2>Erros Comuns ao Usar Cores An\u00e1logas<\/h2>\n<p>\u00c9 f\u00e1cil cometer erros ao trabalhar com cores an\u00e1logas. Aqui est\u00e3o alguns dos mais comuns:<\/p>\n<ul>\n<li><b>Excesso de cores<\/b> &#8211; Usar muitas cores an\u00e1logas pode sobrecarregar o ambiente.<\/li>\n<li><b>Falta de contraste<\/b> &#8211; N\u00e3o incluir elementos contrastantes pode deixar o espa\u00e7o mon\u00f3tono.<\/li>\n<li><b>Desconsiderar a ilumina\u00e7\u00e3o<\/b> &#8211; A luz natural e artificial pode alterar a percep\u00e7\u00e3o das cores.<\/li>\n<\/ul>\n<h2>Conclus\u00e3o<\/h2>\n<p>As <b>cores an\u00e1logas<\/b> s\u00e3o uma excelente escolha para quem deseja criar ambientes harmoniosos e equilibrados. Ao entender como identific\u00e1-las e aplic\u00e1-las, voc\u00ea pode transformar seus espa\u00e7os de forma significativa. Lembre-se de sempre considerar a <b>ilumina\u00e7\u00e3o<\/b> e o equil\u00edbrio entre as cores para garantir um resultado final que traga conforto e beleza ao seu lar.<\/p>\n<p><\/body><br \/>\n<figure style=\"width: 1024px\" class=\"wp-caption aligncenter\"><img decoding=\"async\" src=\"https:\/\/www.aarquiteta.com.br\/blog\/wp-content\/uploads\/2025\/01\/o-que-sao-cores-analogas-definicao-para-iniciantes01.jpg\" alt=\"O que s\u00e3o Cores An\u00e1logas? Defini\u00e7\u00e3o para Iniciantes na Decora\u00e7\u00e3o\" width=\"1024\" height=\"1024\" title=\"\"><figcaption class=\"wp-caption-text\">O que s\u00e3o Cores An\u00e1logas? Defini\u00e7\u00e3o para Iniciantes na Decora\u00e7\u00e3o<\/figcaption><\/figure>\n<p style=\"text-align: center;\">[amazon table=&#8221;90360&#8243;]\n<h3>Assista agora a minha recomenda\u00e7\u00e3o de video abaixo sobre o tema que estamos tratando neste artigo: <\/h3>\n<p><div class=\"youtube-embed\" data-video_id=\"r3NH9QVZunk\"><iframe title=\"O QUE S\u00c3O CORES AN\u00c1LOGAS E OPOSTAS + RECOMENDA\u00c7\u00c3O PARA INICIANTES | BRENDA BOSSATO\" width=\"696\" height=\"392\" src=\"https:\/\/www.youtube.com\/embed\/r3NH9QVZunk?feature=oembed&#038;enablejsapi=1\" frameborder=\"0\" allow=\"accelerometer; autoplay; clipboard-write; encrypted-media; gyroscope; picture-in-picture; web-share\" referrerpolicy=\"strict-origin-when-cross-origin\" allowfullscreen><\/iframe><\/div><\/p>\n","protected":false},"excerpt":{"rendered":"<p>Saiba como identificar, combinar e aplicar cores an\u00e1logas em diferentes ambientes, trazendo harmonia e equil\u00edbrio aos espa\u00e7os.<\/p>\n","protected":false},"author":102,"featured_media":140583,"comment_status":"closed","ping_status":"closed","sticky":false,"template":"","format":"standard","meta":{"footnotes":""},"categories":[1484,971,18792,18794],"tags":[],"class_list":["post-140586","post","type-post","status-publish","format-standard","has-post-thumbnail","category-decoracao","category-design-de-interiores","category-decoracao-de-apartamento","category-projetos-de-decoracao-de-casas"],"_wp_attached_file":null,"_wp_attachment_metadata":null,"_wp_attachment_context":null,"_wp_attachment_is_custom_header":null,"geo_longitude":null,"geo_public":null,"geo_latitude":null,"_publicize_done_external":null,"_wpas_done_3897181":null,"publicize_twitter_user":null,"_wpas_done_3897175":null,"_wpas_skip_3897181":null,"_wpas_skip_3897175":null,"_wpas_skip_3924723":null,"_wpas_mess":null,"_wpas_done_3924723":null,"wps_subtitle":"","_links":{"self":[{"href":"https:\/\/www.aarquiteta.com.br\/blog\/wp-json\/wp\/v2\/posts\/140586","targetHints":{"allow":["GET"]}}],"collection":[{"href":"https:\/\/www.aarquiteta.com.br\/blog\/wp-json\/wp\/v2\/posts"}],"about":[{"href":"https:\/\/www.aarquiteta.com.br\/blog\/wp-json\/wp\/v2\/types\/post"}],"author":[{"embeddable":true,"href":"https:\/\/www.aarquiteta.com.br\/blog\/wp-json\/wp\/v2\/users\/102"}],"replies":[{"embeddable":true,"href":"https:\/\/www.aarquiteta.com.br\/blog\/wp-json\/wp\/v2\/comments?post=140586"}],"version-history":[{"count":0,"href":"https:\/\/www.aarquiteta.com.br\/blog\/wp-json\/wp\/v2\/posts\/140586\/revisions"}],"wp:featuredmedia":[{"embeddable":true,"href":"https:\/\/www.aarquiteta.com.br\/blog\/wp-json\/wp\/v2\/media\/140583"}],"wp:attachment":[{"href":"https:\/\/www.aarquiteta.com.br\/blog\/wp-json\/wp\/v2\/media?parent=140586"}],"wp:term":[{"taxonomy":"category","embeddable":true,"href":"https:\/\/www.aarquiteta.com.br\/blog\/wp-json\/wp\/v2\/categories?post=140586"},{"taxonomy":"post_tag","embeddable":true,"href":"https:\/\/www.aarquiteta.com.br\/blog\/wp-json\/wp\/v2\/tags?post=140586"}],"curies":[{"name":"wp","href":"https:\/\/api.w.org\/{rel}","templated":true}]}}