{"id":140499,"date":"2025-01-14T07:24:32","date_gmt":"2025-01-14T10:24:32","guid":{"rendered":"https:\/\/www.aarquiteta.com.br\/blog\/amarilis-murchando\/"},"modified":"2025-01-14T07:24:32","modified_gmt":"2025-01-14T10:24:32","slug":"amarilis-murchando","status":"publish","type":"post","link":"https:\/\/www.aarquiteta.com.br\/blog\/amarilis-murchando\/","title":{"rendered":"Como Cuidar da Sua Amar\u00edlis: Dicas para Evitar o Murchamento"},"content":{"rendered":"<p>Se voc\u00ea notou que sua amar\u00edlis est\u00e1 murchando, pode ser devido a excesso ou falta de \u00e1gua. Aprenda a cuidar da sua planta e descubra se o clima tamb\u00e9m pode estar afetando sua sa\u00fade.<\/p>\n<h2>Destaques principais<\/h2>\n<ul>\n<li><b>Causas do murchamento:<\/b> Entenda os fatores que podem levar sua amar\u00edlis a murchar, como a quantidade de \u00e1gua e as condi\u00e7\u00f5es clim\u00e1ticas.<\/li>\n<li><b>Cuidados com a rega:<\/b> Aprenda a verificar a umidade do solo e a import\u00e2ncia de evitar o ac\u00famulo de \u00e1gua.<\/li>\n<li><b>Impacto das esta\u00e7\u00f5es:<\/b> Descubra como as mudan\u00e7as sazonais afetam a sa\u00fade da sua amar\u00edlis e como cuidar dela durante a dorm\u00eancia.<\/li>\n<\/ul>\n<h2>O que causa o murchamento das folhas da amar\u00edlis?<\/h2>\n<p>O murchamento das folhas da amar\u00edlis pode ser um sinal de que algo n\u00e3o est\u00e1 certo. <b>Excesso ou falta de \u00e1gua<\/b> s\u00e3o as causas mais comuns. Quando a planta recebe \u00e1gua demais, as ra\u00edzes podem apodrecer, levando ao murchamento. Por outro lado, se a planta n\u00e3o recebe \u00e1gua suficiente, as folhas tamb\u00e9m ficam moles e caem.<\/p>\n<h2>Como saber a quantidade certa de \u00e1gua para a amar\u00edlis?<\/h2>\n<p>Determinar a quantidade ideal de \u00e1gua para sua amar\u00edlis \u00e9 crucial. <b>Verifique a umidade do solo<\/b> colocando o dedo na terra. Se estiver seco, \u00e9 hora de regar. Mas cuidado: nunca deixe \u00e1gua acumulada no pratinho, pois isso pode causar o apodrecimento das ra\u00edzes.<\/p>\n<h3>Verificando a umidade do solo<\/h3>\n<figure style=\"width: 1024px\" class=\"wp-caption aligncenter\"><img decoding=\"async\" src=\"https:\/\/www.aarquiteta.com.br\/blog\/wp-content\/uploads\/2025\/01\/amarilis-murchando-04.jpg\" alt=\"Como Cuidar da Sua Amar\u00edlis: Dicas para Evitar o Murchamento\" width=\"1024\" height=\"1024\" title=\"\"><figcaption class=\"wp-caption-text\">Como Cuidar da Sua Amar\u00edlis: Dicas para Evitar o Murchamento<\/figcaption><\/figure>\n<p>Uma maneira simples de verificar a umidade \u00e9 usar o m\u00e9todo do dedo. <b>Coloque o dedo no solo<\/b> at\u00e9 a segunda articula\u00e7\u00e3o. Se sentir que est\u00e1 seco, \u00e9 hora de regar. Caso contr\u00e1rio, aguarde mais um pouco.<\/p>\n<h3>Import\u00e2ncia de n\u00e3o deixar \u00e1gua acumulada<\/h3>\n<figure style=\"width: 1024px\" class=\"wp-caption aligncenter\"><img decoding=\"async\" src=\"https:\/\/www.aarquiteta.com.br\/blog\/wp-content\/uploads\/2025\/01\/amarilis-murchando-03.jpg\" alt=\"Como Cuidar da Sua Amar\u00edlis: Dicas para Evitar o Murchamento\" width=\"1024\" height=\"1024\" title=\"\"><figcaption class=\"wp-caption-text\">Como Cuidar da Sua Amar\u00edlis: Dicas para Evitar o Murchamento<\/figcaption><\/figure>\n<p>Deixar \u00e1gua acumulada no fundo do vaso \u00e9 um erro comum. <b>Isso pode causar apodrecimento das ra\u00edzes<\/b>, levando ao murchamento das folhas. Sempre esvazie o pratinho ap\u00f3s a rega.<\/p>\n<h2>Impacto das esta\u00e7\u00f5es do ano na amar\u00edlis<\/h2>\n<p>As esta\u00e7\u00f5es do ano t\u00eam um grande impacto na sa\u00fade da amar\u00edlis. Durante o inverno, a planta entra em um estado de dorm\u00eancia, o que pode causar o amarelecimento e a queda das folhas.<\/p>\n<h3>Comportamento da planta no inverno<\/h3>\n<figure style=\"width: 1024px\" class=\"wp-caption aligncenter\"><img decoding=\"async\" src=\"https:\/\/www.aarquiteta.com.br\/blog\/wp-content\/uploads\/2025\/01\/amarilis-murchando-02.jpg\" alt=\"Como Cuidar da Sua Amar\u00edlis: Dicas para Evitar o Murchamento\" width=\"1024\" height=\"1024\" title=\"\"><figcaption class=\"wp-caption-text\">Como Cuidar da Sua Amar\u00edlis: Dicas para Evitar o Murchamento<\/figcaption><\/figure>\n<p>No inverno, a amar\u00edlis pode parecer estar morrendo, mas isso \u00e9 normal. <b>As folhas amarelecem e caem<\/b> como parte do ciclo natural da planta. \u00c9 importante n\u00e3o se preocupar e suspender as regas at\u00e9 a primavera.<\/p>\n<h3>Como cuidar da amar\u00edlis durante a dorm\u00eancia<\/h3>\n<figure style=\"width: 1024px\" class=\"wp-caption aligncenter\"><img decoding=\"async\" src=\"https:\/\/www.aarquiteta.com.br\/blog\/wp-content\/uploads\/2025\/01\/amarilis-murchando-01.jpg\" alt=\"Como Cuidar da Sua Amar\u00edlis: Dicas para Evitar o Murchamento\" width=\"1024\" height=\"1024\" title=\"\"><figcaption class=\"wp-caption-text\">Como Cuidar da Sua Amar\u00edlis: Dicas para Evitar o Murchamento<\/figcaption><\/figure>\n<p>Durante a dorm\u00eancia, \u00e9 essencial <b>reduzir a rega<\/b> e manter a planta em um local fresco e seco. Quando a primavera chega, voc\u00ea pode retomar os cuidados e ver sua amar\u00edlis florescer novamente.<\/p>\n<h2>Dicas para manter sua amar\u00edlis saud\u00e1vel<\/h2>\n<ul>\n<li><b>Escolha do vaso:<\/b> Use um vaso com furos de drenagem para evitar o ac\u00famulo de \u00e1gua.<\/li>\n<li><b>Localiza\u00e7\u00e3o:<\/b> Coloque sua amar\u00edlis em um local com luz indireta, evitando a luz solar direta.<\/li>\n<li><b>Aduba\u00e7\u00e3o:<\/b> Utilize um fertilizante equilibrado durante a fase de crescimento para promover flores saud\u00e1veis.<\/li>\n<\/ul>\n<h2>Conclus\u00e3o: Cuidados essenciais para a amar\u00edlis<\/h2>\n<p>Cuidar da amar\u00edlis pode parecer desafiador, mas com as informa\u00e7\u00f5es certas, voc\u00ea pode garantir que sua planta permane\u00e7a saud\u00e1vel e vibrante. <b>Verifique a umidade do solo, evite o ac\u00famulo de \u00e1gua e esteja atento \u00e0s mudan\u00e7as sazonais<\/b>. Com esses cuidados, sua amar\u00edlis certamente florescer\u00e1 ano ap\u00f3s ano.<\/p>\n<h3>Assista agora a minha recomenda\u00e7\u00e3o de video abaixo sobre o tema que estamos tratando neste artigo: <\/h3>\n<p><div class=\"youtube-embed\" data-video_id=\"w9lv3kL_tMI\"><iframe title=\"O QUE FAZER PARA O AMAR\u00cdLIS FLORESCER SEMPRE | N\u00f4 Figueiredo\" width=\"696\" height=\"392\" src=\"https:\/\/www.youtube.com\/embed\/w9lv3kL_tMI?feature=oembed&#038;enablejsapi=1\" frameborder=\"0\" allow=\"accelerometer; autoplay; clipboard-write; encrypted-media; gyroscope; picture-in-picture; web-share\" referrerpolicy=\"strict-origin-when-cross-origin\" allowfullscreen><\/iframe><\/div><\/p>\n","protected":false},"excerpt":{"rendered":"<p>Se voc\u00ea notou que sua amar\u00edlis est\u00e1 murchando, pode ser devido a excesso ou falta de \u00e1gua. Aprenda a cuidar da sua planta e descubra se o clima tamb\u00e9m pode estar afetando sua sa\u00fade. Destaques principais Causas do murchamento: Entenda os fatores que podem levar sua amar\u00edlis a murchar, como a quantidade de \u00e1gua e [&hellip;]<\/p>\n","protected":false},"author":102,"featured_media":140496,"comment_status":"closed","ping_status":"closed","sticky":false,"template":"","format":"standard","meta":{"footnotes":""},"categories":[9612,18792,18794],"tags":[],"class_list":["post-140499","post","type-post","status-publish","format-standard","has-post-thumbnail","category-jardinagem","category-decoracao-de-apartamento","category-projetos-de-decoracao-de-casas"],"_wp_attached_file":null,"_wp_attachment_metadata":null,"_wp_attachment_context":null,"_wp_attachment_is_custom_header":null,"geo_longitude":null,"geo_public":null,"geo_latitude":null,"_publicize_done_external":null,"_wpas_done_3897181":null,"publicize_twitter_user":null,"_wpas_done_3897175":null,"_wpas_skip_3897181":null,"_wpas_skip_3897175":null,"_wpas_skip_3924723":null,"_wpas_mess":null,"_wpas_done_3924723":null,"wps_subtitle":"","_links":{"self":[{"href":"https:\/\/www.aarquiteta.com.br\/blog\/wp-json\/wp\/v2\/posts\/140499","targetHints":{"allow":["GET"]}}],"collection":[{"href":"https:\/\/www.aarquiteta.com.br\/blog\/wp-json\/wp\/v2\/posts"}],"about":[{"href":"https:\/\/www.aarquiteta.com.br\/blog\/wp-json\/wp\/v2\/types\/post"}],"author":[{"embeddable":true,"href":"https:\/\/www.aarquiteta.com.br\/blog\/wp-json\/wp\/v2\/users\/102"}],"replies":[{"embeddable":true,"href":"https:\/\/www.aarquiteta.com.br\/blog\/wp-json\/wp\/v2\/comments?post=140499"}],"version-history":[{"count":0,"href":"https:\/\/www.aarquiteta.com.br\/blog\/wp-json\/wp\/v2\/posts\/140499\/revisions"}],"wp:featuredmedia":[{"embeddable":true,"href":"https:\/\/www.aarquiteta.com.br\/blog\/wp-json\/wp\/v2\/media\/140496"}],"wp:attachment":[{"href":"https:\/\/www.aarquiteta.com.br\/blog\/wp-json\/wp\/v2\/media?parent=140499"}],"wp:term":[{"taxonomy":"category","embeddable":true,"href":"https:\/\/www.aarquiteta.com.br\/blog\/wp-json\/wp\/v2\/categories?post=140499"},{"taxonomy":"post_tag","embeddable":true,"href":"https:\/\/www.aarquiteta.com.br\/blog\/wp-json\/wp\/v2\/tags?post=140499"}],"curies":[{"name":"wp","href":"https:\/\/api.w.org\/{rel}","templated":true}]}}