{"id":140486,"date":"2025-01-13T21:23:16","date_gmt":"2025-01-14T00:23:16","guid":{"rendered":"https:\/\/www.aarquiteta.com.br\/blog\/resumo-profissional\/"},"modified":"2025-01-13T21:23:16","modified_gmt":"2025-01-14T00:23:16","slug":"resumo-profissional","status":"publish","type":"post","link":"https:\/\/www.aarquiteta.com.br\/blog\/resumo-profissional\/","title":{"rendered":"Descubra como criar um resumo profissional eficaz."},"content":{"rendered":"<p>Se voc\u00ea est\u00e1 em busca de uma vaga de emprego, um curr\u00edculo bem estruturado \u00e9 fundamental. Um resumo profissional claro e objetivo pode ser a chave para chamar a aten\u00e7\u00e3o do recrutador e garantir uma entrevista. Aqui est\u00e3o algumas dicas valiosas para te ajudar a criar um resumo que se destaque.<\/p>\n<h2>Pontos principais do artigo:<\/h2>\n<ul>\n<li><b>Nome da profiss\u00e3o:<\/b> Comece seu resumo com o nome da sua profiss\u00e3o para garantir clareza e objetividade.<\/li>\n<li><b>Anos de experi\u00eancia:<\/b> Mencione quantos anos de experi\u00eancia voc\u00ea tem na \u00e1rea, isso ajuda a mostrar sua bagagem profissional.<\/li>\n<li><b>Experi\u00eancia profissional:<\/b> Liste suas experi\u00eancias anteriores de forma concisa, destacando cargos relevantes.<\/li>\n<li><b>Conquistas:<\/b> Fale sobre suas conquistas e como elas se relacionam com a vaga desejada.<\/li>\n<li><b>Benef\u00edcios ao empregador:<\/b> Mostre como suas habilidades podem beneficiar a empresa.<\/li>\n<li><b>Personaliza\u00e7\u00e3o:<\/b> Personalize seu resumo para cada vaga, destacando o que \u00e9 mais relevante.<\/li>\n<\/ul>\n<h2>O que \u00e9 um resumo profissional?<\/h2>\n<p>Um resumo profissional \u00e9 uma <b>s\u00edntese<\/b> das suas experi\u00eancias e habilidades que deve ser inclu\u00edda no curr\u00edculo. Ele serve como uma introdu\u00e7\u00e3o ao seu perfil profissional, permitindo que o recrutador tenha uma vis\u00e3o geral das suas qualifica\u00e7\u00f5es. \u00c9 como um cart\u00e3o de visita, mas em forma de texto, que deve ser claro e direto ao ponto.<\/p>\n<h3>Comece com o nome da sua profiss\u00e3o<\/h3>\n<p>Quando eu estou montando meu curr\u00edculo, a primeira coisa que fa\u00e7o \u00e9 colocar o <b>nome da minha profiss\u00e3o<\/b>. Isso \u00e9 crucial, pois ajuda o recrutador a entender rapidamente qual \u00e9 a sua \u00e1rea de atua\u00e7\u00e3o. Em um mercado de trabalho t\u00e3o competitivo, ser objetivo \u00e9 fundamental. Ao colocar o nome da sua profiss\u00e3o logo de cara, voc\u00ea facilita a vida do recrutador, que pode estar analisando dezenas de curr\u00edculos ao mesmo tempo.<\/p>\n<h3>Coloque os anos de experi\u00eancia<\/h3>\n<figure style=\"width: 1024px\" class=\"wp-caption aligncenter\"><img decoding=\"async\" src=\"https:\/\/www.aarquiteta.com.br\/blog\/wp-content\/uploads\/2025\/01\/resumo-profissional.jpg\" alt=\"Descubra como criar um resumo profissional eficaz.\" width=\"1024\" height=\"1024\" title=\"\"><figcaption class=\"wp-caption-text\">Fonte: <a href=\"https:\/\/blog.anhanguera.com\/resumo-profissional\/\" target=\"_blank\" rel=\"noopener\">Blog anhanguera<\/a><\/figcaption><\/figure>\n<p>Outro ponto que n\u00e3o pode faltar \u00e9 a men\u00e7\u00e3o dos <b>anos de experi\u00eancia<\/b>. Se voc\u00ea tem um hist\u00f3rico robusto, isso pode ser um grande diferencial. Por exemplo, se voc\u00ea tem 7 anos de experi\u00eancia na \u00e1rea de marketing digital, isso mostra que voc\u00ea n\u00e3o \u00e9 um novato e que j\u00e1 enfrentou diversos desafios. O recrutador vai querer saber como essa experi\u00eancia pode ser aplicada na nova posi\u00e7\u00e3o, ent\u00e3o n\u00e3o hesite em destacar isso.<\/p>\n<h3>Mencione a sua experi\u00eancia profissional<\/h3>\n<p>Na hora de listar sua <b>experi\u00eancia profissional<\/b>, \u00e9 importante ser conciso. N\u00e3o \u00e9 necess\u00e1rio entrar em detalhes excessivos, mas voc\u00ea deve mencionar os cargos que ocupou e as empresas em que trabalhou. Isso d\u00e1 ao recrutador uma ideia clara do seu percurso profissional. Lembre-se de que cada palavra conta, ent\u00e3o escolha com sabedoria o que incluir. Se voc\u00ea trabalhou em empresas renomadas, isso pode ser um grande atrativo.<\/p>\n<h3>Fale sobre as suas conquistas<\/h3>\n<p>N\u00e3o se esque\u00e7a de incluir suas <b>conquistas<\/b>. Isso pode ser um divisor de \u00e1guas na hora da sele\u00e7\u00e3o. Ao inv\u00e9s de simplesmente afirmar que voc\u00ea \u00e9 bom em vendas, que tal mencionar que, em um determinado per\u00edodo, voc\u00ea aumentou o faturamento da empresa em 20%? Isso d\u00e1 um peso muito maior \u00e0 sua afirma\u00e7\u00e3o e mostra resultados concretos. O recrutador vai querer saber como voc\u00ea pode trazer esse tipo de resultado para a nova empresa.<\/p>\n<h3>Compartilhe como voc\u00ea pretende beneficiar o empregador<\/h3>\n<p>\u00c9 essencial que voc\u00ea mostre como suas habilidades podem <b>beneficiar o empregador<\/b>. Pense nas compet\u00eancias que voc\u00ea possui e que s\u00e3o relevantes para a vaga. Se voc\u00ea tem facilidade com idiomas, por exemplo, isso pode ser um grande diferencial, especialmente em empresas multinacionais. Ao alinhar suas habilidades com as necessidades da empresa, voc\u00ea aumenta suas chances de ser notado.<\/p>\n<h3>Personalize seu resumo<\/h3>\n<p><iframe width=\"560\" height=\"315\" src=\"https:\/\/www.youtube.com\/embed\/CsE87046MHw\" title=\"YouTube video player\" frameborder=\"0\" allow=\"accelerometer; autoplay; clipboard-write; encrypted-media; gyroscope; picture-in-picture; web-share\" referrerpolicy=\"strict-origin-when-cross-origin\" allowfullscreen><\/iframe><\/p>\n<p>Por \u00faltimo, mas n\u00e3o menos importante, personalize seu resumo para cada vaga. Isso significa que voc\u00ea deve adaptar o conte\u00fado de acordo com o que a empresa est\u00e1 buscando. Se a descri\u00e7\u00e3o da vaga menciona a necessidade de habilidades em lideran\u00e7a, destaque suas experi\u00eancias que envolvem essa compet\u00eancia. Essa personaliza\u00e7\u00e3o mostra que voc\u00ea se importa e que est\u00e1 realmente interessado na vaga.<\/p>\n<h2>Conclus\u00e3o<\/h2>\n<p>Em resumo, um <b>resumo profissional<\/b> bem elaborado pode ser a chave para abrir portas no mercado de trabalho. Ao seguir essas dicas, voc\u00ea estar\u00e1 mais preparado para criar um curr\u00edculo que se destaque e que chame a aten\u00e7\u00e3o dos recrutadores. Lembre-se de que cada detalhe conta e que a personaliza\u00e7\u00e3o \u00e9 fundamental. Se voc\u00ea quiser saber mais sobre como colocar sua gradua\u00e7\u00e3o no curr\u00edculo, acesse o conte\u00fado em <a href=\"https:\/\/blog.anhanguera.com\/como-colocar-graduacao-no-curriculo\/\" target=\"_blank\" rel=\"noopener\">https:\/\/blog.anhanguera.com\/como-colocar-graduacao-no-curriculo\/<\/a>. Boa sorte na sua busca pela vaga dos sonhos!<\/p>\n","protected":false},"excerpt":{"rendered":"<p>Se voc\u00ea est\u00e1 em busca de uma vaga de emprego, um curr\u00edculo bem estruturado \u00e9 fundamental. Um resumo profissional claro e objetivo pode ser a chave para chamar a aten\u00e7\u00e3o do recrutador e garantir uma entrevista. Aqui est\u00e3o algumas dicas valiosas para te ajudar a criar um resumo que se destaque. Pontos principais do artigo: [&hellip;]<\/p>\n","protected":false},"author":20,"featured_media":140485,"comment_status":"closed","ping_status":"closed","sticky":false,"template":"","format":"standard","meta":{"footnotes":""},"categories":[6,35497],"tags":[],"class_list":["post-140486","post","type-post","status-publish","format-standard","has-post-thumbnail","category-carreira-de-arquitetura","category-estudante"],"_wp_attached_file":null,"_wp_attachment_metadata":null,"_wp_attachment_context":null,"_wp_attachment_is_custom_header":null,"geo_longitude":null,"geo_public":null,"geo_latitude":null,"_publicize_done_external":null,"_wpas_done_3897181":null,"publicize_twitter_user":null,"_wpas_done_3897175":null,"_wpas_skip_3897181":null,"_wpas_skip_3897175":null,"_wpas_skip_3924723":null,"_wpas_mess":null,"_wpas_done_3924723":null,"wps_subtitle":"","_links":{"self":[{"href":"https:\/\/www.aarquiteta.com.br\/blog\/wp-json\/wp\/v2\/posts\/140486","targetHints":{"allow":["GET"]}}],"collection":[{"href":"https:\/\/www.aarquiteta.com.br\/blog\/wp-json\/wp\/v2\/posts"}],"about":[{"href":"https:\/\/www.aarquiteta.com.br\/blog\/wp-json\/wp\/v2\/types\/post"}],"author":[{"embeddable":true,"href":"https:\/\/www.aarquiteta.com.br\/blog\/wp-json\/wp\/v2\/users\/20"}],"replies":[{"embeddable":true,"href":"https:\/\/www.aarquiteta.com.br\/blog\/wp-json\/wp\/v2\/comments?post=140486"}],"version-history":[{"count":0,"href":"https:\/\/www.aarquiteta.com.br\/blog\/wp-json\/wp\/v2\/posts\/140486\/revisions"}],"wp:featuredmedia":[{"embeddable":true,"href":"https:\/\/www.aarquiteta.com.br\/blog\/wp-json\/wp\/v2\/media\/140485"}],"wp:attachment":[{"href":"https:\/\/www.aarquiteta.com.br\/blog\/wp-json\/wp\/v2\/media?parent=140486"}],"wp:term":[{"taxonomy":"category","embeddable":true,"href":"https:\/\/www.aarquiteta.com.br\/blog\/wp-json\/wp\/v2\/categories?post=140486"},{"taxonomy":"post_tag","embeddable":true,"href":"https:\/\/www.aarquiteta.com.br\/blog\/wp-json\/wp\/v2\/tags?post=140486"}],"curies":[{"name":"wp","href":"https:\/\/api.w.org\/{rel}","templated":true}]}}