{"id":140377,"date":"2025-01-12T17:30:33","date_gmt":"2025-01-12T20:30:33","guid":{"rendered":"https:\/\/www.aarquiteta.com.br\/blog\/aprender-montar-espaco-externo-para-verao\/"},"modified":"2025-01-12T17:30:33","modified_gmt":"2025-01-12T20:30:33","slug":"aprender-montar-espaco-externo-para-verao","status":"publish","type":"post","link":"https:\/\/www.aarquiteta.com.br\/blog\/aprender-montar-espaco-externo-para-verao\/","title":{"rendered":"5 maneiras criativas de transformar varandas e quintais para o ver\u00e3o."},"content":{"rendered":"<p>Com a chegada do ver\u00e3o, a vontade de aproveitar os dias ensolarados se intensifica. Transformar varandas e quintais em espa\u00e7os aconchegantes e convidativos \u00e9 a chave para desfrutar ao m\u00e1ximo essa esta\u00e7\u00e3o. Aqui est\u00e3o algumas dicas valiosas para criar o ambiente perfeito para relaxar e receber amigos.<\/p>\n<h2>Transformando o Espa\u00e7o Externo para o Ver\u00e3o<\/h2>\n<h3>Aposte nas Plantas<\/h3>\n<p>Quando se fala em <b>decorar<\/b> o espa\u00e7o externo, as plantas s\u00e3o verdadeiros trunfos. Elas n\u00e3o apenas embelezam o ambiente, mas tamb\u00e9m trazem um toque de natureza que pode transformar o humor de qualquer um. Imagine um <b>jardim vertical<\/b> repleto de folhagens verdes ou um canto com flores coloridas. O contato com a natureza \u00e9 como um b\u00e1lsamo para a alma, proporcionando um relaxamento que faz toda a diferen\u00e7a. Portanto, n\u00e3o hesite em usar a criatividade e escolher as plantas que mais combinam com seu estilo.<\/p>\n<h3>Crie um Cantinho para Receber os Amigos<\/h3>\n<figure style=\"width: 1024px\" class=\"wp-caption aligncenter\"><img decoding=\"async\" src=\"https:\/\/www.aarquiteta.com.br\/blog\/wp-content\/uploads\/2025\/01\/piscina.jpg\" alt=\"5 maneiras criativas de transformar varandas e quintais para o ver\u00e3o.\" width=\"1024\" height=\"1024\" title=\"\"><figcaption class=\"wp-caption-text\">Source: <a href=\"https:\/\/ndmais.com.br\/arquitetura-e-decoracao\/aprenda-a-montar-o-espaco-externo-ideal-para-o-verao-dicas-para-varandas-e-quintais\/\" target=\"_blank\" rel=\"noopener\">NDMAIS<\/a><\/figcaption><\/figure>\n<p>O ver\u00e3o \u00e9 a \u00e9poca perfeita para <b>reunir amigos<\/b> e familiares. Para isso, \u00e9 essencial ter um espa\u00e7o dedicado a essas intera\u00e7\u00f5es. Mesas e cadeiras confort\u00e1veis s\u00e3o fundamentais para criar um ambiente acolhedor. Ao escolher os m\u00f3veis, opte por materiais naturais, como madeira e cer\u00e2mica, que trazem um ar r\u00fastico e charmoso. Al\u00e9m disso, tecidos leves e coloridos podem dar um toque especial, tornando o espa\u00e7o ainda mais convidativo. Afinal, quem n\u00e3o gosta de um bom bate-papo ao ar livre, com uma brisa suave e um copo de bebida gelada na m\u00e3o?<\/p>\n<h3>Espa\u00e7o para Relaxamento em Ambientes Pequenos<\/h3>\n<p>Mesmo quem tem um espa\u00e7o reduzido pode criar um <b>cantinho de relaxamento<\/b>. As redes, por exemplo, s\u00e3o uma excelente op\u00e7\u00e3o. Elas s\u00e3o vers\u00e1teis e est\u00e3o dispon\u00edveis em diversas cores e estampas, permitindo que cada um escolha a que mais combina com seu estilo. Imagine-se balan\u00e7ando suavemente em uma rede, ouvindo o canto dos p\u00e1ssaros e sentindo a brisa fresca do ver\u00e3o. \u00c9 um convite ao descanso e \u00e0 tranquilidade, n\u00e3o \u00e9 mesmo?<\/p>\n<h3>Incorpore uma Piscina ao Quintal<\/h3>\n<h3>Assista agora a minha recomenda\u00e7\u00e3o de video abaixo sobre o tema que estamos tratando neste artigo: <\/h3>\n<p><iframe title=\"YouTube video player\" src=\"\" width=\"560\" height=\"315\" frameborder=\"0\" allowfullscreen=\"allowfullscreen\"><\/iframe><\/p>\n<p>Se o quintal \u00e9 espa\u00e7oso, a ideia de ter uma <b>piscina<\/b> pode ser irresist\u00edvel. Mesmo que n\u00e3o tenha planejado uma piscina na constru\u00e7\u00e3o, existem op\u00e7\u00f5es de modelos de pl\u00e1stico e madeira que podem ser facilmente instalados. Complementar o espa\u00e7o com espregui\u00e7adeiras e ombrelones cria um verdadeiro o\u00e1sis de lazer. E quem n\u00e3o gostaria de se refrescar em um dia quente de ver\u00e3o, cercado por amigos e boas risadas? Al\u00e9m disso, boias divertidas podem adicionar um toque de criatividade e divers\u00e3o ao ambiente.<\/p>\n<h3>Ilumina\u00e7\u00e3o Adequada para as Noites de Ver\u00e3o<\/h3>\n<p>\u00c0 medida que o sol se p\u00f5e, a ilumina\u00e7\u00e3o se torna um elemento crucial para manter a atmosfera do espa\u00e7o externo. Luzes de <b>cord\u00e3o<\/b>, lanternas ou at\u00e9 mesmo velas podem criar um clima m\u00e1gico e acolhedor. Imagine um jantar sob as estrelas, com uma ilumina\u00e7\u00e3o suave que destaca a beleza do ambiente. A ilumina\u00e7\u00e3o n\u00e3o s\u00f3 embeleza, mas tamb\u00e9m proporciona seguran\u00e7a e conforto, permitindo que as noites de ver\u00e3o sejam aproveitadas ao m\u00e1ximo.<\/p>\n<h3>Toques Pessoais e Criativos<\/h3>\n<p>Por fim, n\u00e3o se esque\u00e7a de adicionar <b>toques pessoais<\/b> ao espa\u00e7o. Isso pode incluir almofadas coloridas, quadros decorativos ou at\u00e9 mesmo uma pequena fonte de \u00e1gua. Esses detalhes fazem toda a diferen\u00e7a e tornam o ambiente \u00fanico e especial. Afinal, cada espa\u00e7o deve refletir a personalidade de quem o utiliza, criando um verdadeiro lar ao ar livre.<\/p>\n<h2>Conclus\u00e3o<\/h2>\n<p>Transformar varandas e quintais em espa\u00e7os ideais para o ver\u00e3o \u00e9 uma tarefa que pode ser divertida e gratificante. Com as dicas apresentadas, \u00e9 poss\u00edvel criar um ambiente acolhedor, relaxante e perfeito para receber amigos e familiares. Portanto, n\u00e3o perca tempo e comece a planejar o seu espa\u00e7o externo hoje mesmo. O ver\u00e3o est\u00e1 chamando, e a divers\u00e3o est\u00e1 a apenas alguns passos de dist\u00e2ncia!<\/p>\n","protected":false},"excerpt":{"rendered":"<p>Com a chegada do ver\u00e3o, a vontade de aproveitar os dias ensolarados se intensifica. Transformar varandas e quintais em espa\u00e7os aconchegantes e convidativos \u00e9 a chave para desfrutar ao m\u00e1ximo essa esta\u00e7\u00e3o. Aqui est\u00e3o algumas dicas valiosas para criar o ambiente perfeito para relaxar e receber amigos. Transformando o Espa\u00e7o Externo para o Ver\u00e3o Aposte [&hellip;]<\/p>\n","protected":false},"author":102,"featured_media":140376,"comment_status":"closed","ping_status":"closed","sticky":false,"template":"","format":"standard","meta":{"footnotes":""},"categories":[249,19127],"tags":[],"class_list":["post-140377","post","type-post","status-publish","format-standard","has-post-thumbnail","category-engenharia-e-construcao-civil","category-reforma-e-manutencao"],"_wp_attached_file":null,"_wp_attachment_metadata":null,"_wp_attachment_context":null,"_wp_attachment_is_custom_header":null,"geo_longitude":null,"geo_public":null,"geo_latitude":null,"_publicize_done_external":null,"_wpas_done_3897181":null,"publicize_twitter_user":null,"_wpas_done_3897175":null,"_wpas_skip_3897181":null,"_wpas_skip_3897175":null,"_wpas_skip_3924723":null,"_wpas_mess":null,"_wpas_done_3924723":null,"wps_subtitle":"","_links":{"self":[{"href":"https:\/\/www.aarquiteta.com.br\/blog\/wp-json\/wp\/v2\/posts\/140377","targetHints":{"allow":["GET"]}}],"collection":[{"href":"https:\/\/www.aarquiteta.com.br\/blog\/wp-json\/wp\/v2\/posts"}],"about":[{"href":"https:\/\/www.aarquiteta.com.br\/blog\/wp-json\/wp\/v2\/types\/post"}],"author":[{"embeddable":true,"href":"https:\/\/www.aarquiteta.com.br\/blog\/wp-json\/wp\/v2\/users\/102"}],"replies":[{"embeddable":true,"href":"https:\/\/www.aarquiteta.com.br\/blog\/wp-json\/wp\/v2\/comments?post=140377"}],"version-history":[{"count":0,"href":"https:\/\/www.aarquiteta.com.br\/blog\/wp-json\/wp\/v2\/posts\/140377\/revisions"}],"wp:featuredmedia":[{"embeddable":true,"href":"https:\/\/www.aarquiteta.com.br\/blog\/wp-json\/wp\/v2\/media\/140376"}],"wp:attachment":[{"href":"https:\/\/www.aarquiteta.com.br\/blog\/wp-json\/wp\/v2\/media?parent=140377"}],"wp:term":[{"taxonomy":"category","embeddable":true,"href":"https:\/\/www.aarquiteta.com.br\/blog\/wp-json\/wp\/v2\/categories?post=140377"},{"taxonomy":"post_tag","embeddable":true,"href":"https:\/\/www.aarquiteta.com.br\/blog\/wp-json\/wp\/v2\/tags?post=140377"}],"curies":[{"name":"wp","href":"https:\/\/api.w.org\/{rel}","templated":true}]}}