{"id":140363,"date":"2025-01-12T15:53:15","date_gmt":"2025-01-12T18:53:15","guid":{"rendered":"https:\/\/www.aarquiteta.com.br\/blog\/cadeira-para-quarto\/"},"modified":"2025-01-12T15:53:15","modified_gmt":"2025-01-12T18:53:15","slug":"cadeira-para-quarto","status":"publish","type":"post","link":"https:\/\/www.aarquiteta.com.br\/blog\/cadeira-para-quarto\/","title":{"rendered":"Cadeiras para Quarto: 10 Melhores Modelos para quem Busca Praticidade"},"content":{"rendered":"<p><body><\/p>\n<p>Quando falamos sobre a <b>cadeira para quarto<\/b>, logo pensamos em um item fundamental que serve tanto para conforto quanto para estilo. Escolher o modelo ideal pode elevar a decora\u00e7\u00e3o do seu espa\u00e7o e ainda proporcionar um local perfeito para relaxar e trabalhar.<\/p>\n<h2>Principais T\u00f3picos a Serem Explorados<\/h2>\n<ul>\n<li><b>A Import\u00e2ncia da Cadeira no Quarto:<\/b> saiba como a cadeira se torna um elemento essencial no ambiente.<\/li>\n<li><b>Tipos de Cadeiras:<\/b> conhe\u00e7a as op\u00e7\u00f5es estofadas, de madeira e girat\u00f3rias, e suas vantagens.<\/li>\n<li><b>Modelos e Estilos:<\/b> descubra como escolher a cadeira perfeita para o seu estilo de decora\u00e7\u00e3o.<\/li>\n<li><b>Dicas de Personaliza\u00e7\u00e3o:<\/b> aprenda a agregar conforto e est\u00e9tica ao seu espa\u00e7o.<\/li>\n<li><b>Espa\u00e7os Funcionais:<\/b> ideias para integrar cadeiras em \u00e1reas de estudo ou leitura no quarto.<\/li>\n<li><b>Cuidados e Manuten\u00e7\u00e3o:<\/b> como preservar a beleza e durabilidade da sua cadeira.<\/li>\n<\/ul>\n<h2>1. A Import\u00e2ncia da Cadeira no Quarto<\/h2>\n<p>Voc\u00ea j\u00e1 parou para pensar na <b>import\u00e2ncia da cadeira<\/b> no seu quarto? Al\u00e9m de ser um item decorativo, a cadeira integra-se \u00e0 funcionalidade do ambiente. Por exemplo, quando estou estudando ou lendo um bom livro, o conforto da cadeira se transforma em um aliado essencial. Se o seu quarto conta com uma cadeira bem posicionada, d\u00e1 pra notar como o ambiente se torna mais acolhedor e produtivo.<\/p>\n<p>A cadeira n\u00e3o s\u00f3 oferece um espa\u00e7o para relaxar como tamb\u00e9m contribui para a est\u00e9tica do seu quarto. Com a escolha certa, esse m\u00f3vel pode se transformar em um ponto focal que articula os outros elementos decorativos.<\/p>\n<h2>2. Tipos de Cadeiras Ideais para Quartos<\/h2>\n<h3>2.1 Cadeiras Estofadas<\/h3>\n<figure style=\"width: 1024px\" class=\"wp-caption aligncenter\"><img decoding=\"async\" src=\"https:\/\/www.aarquiteta.com.br\/blog\/wp-content\/uploads\/2025\/01\/cadeira-para-quarto-6-730x903.jpg\" alt=\"cadeira rosa escrivaninha azul\" title=\"\"><figcaption class=\"wp-caption-text\">cadeira rosa escrivaninha azul<\/figcaption><\/figure>\n<p>Quando penso em <b>conforto<\/b>, as cadeiras estofadas s\u00e3o imbat\u00edveis. Elas oferecem aquele aconchego que muitos buscamos ao final de um dia longo. Al\u00e9m disso, as op\u00e7\u00f5es de tecido e padronagem d\u00e3o um toque especial e personalizam o ambiente. Posso afirmar que essa escolha traz n\u00e3o apenas um assento macio, mas tamb\u00e9m um elemento que embeleza o quarto com estilo e cor, tornando-se uma extens\u00e3o da sua personalidade.<\/p>\n<h3>2.2 Cadeiras de Madeira<\/h3>\n<figure style=\"width: 1024px\" class=\"wp-caption aligncenter\"><img decoding=\"async\" src=\"https:\/\/www.aarquiteta.com.br\/blog\/wp-content\/uploads\/2025\/01\/cadeira-para-quarto01.jpg\" alt=\"Cadeiras para Quarto: 70 Melhores Modelos para quem Busca Praticidade\" width=\"1024\" height=\"1024\" title=\"\"><figcaption class=\"wp-caption-text\">Cadeiras para Quarto: 70 Melhores Modelos para quem Busca Praticidade<\/figcaption><\/figure>\n<p>Se voc\u00ea busca <b>durabilidade<\/b> e um toque r\u00fastico, as cadeiras de madeira s\u00e3o ideais. Elas s\u00e3o vers\u00e1teis e v\u00e3o bem em estilos cl\u00e1ssico e moderno. A sensa\u00e7\u00e3o de estar sentado em um material natural promove aconchego. Num ambiente com madeira, a cadeira se transforma em uma verdadeira obra de arte, harmonizando com os outros m\u00f3veis.<\/p>\n<h3>2.3 Cadeiras Girat\u00f3rias<\/h3>\n<figure style=\"width: 1024px\" class=\"wp-caption aligncenter\"><img decoding=\"async\" src=\"https:\/\/www.aarquiteta.com.br\/blog\/wp-content\/uploads\/2025\/01\/cadeira-para-quarto-1-730x704.jpg\" alt=\"cadeira para quarto branca\" title=\"\"><figcaption class=\"wp-caption-text\">cadeira para quarto branca<\/figcaption><\/figure>\n<p>A inclus\u00e3o de <b>cadeiras girat\u00f3rias<\/b> no quarto adiciona uma dose de modernidade e praticidade. Ser capaz de girar e se mover de forma flu\u00edda \u00e9 uma ben\u00e7\u00e3o, principalmente em espa\u00e7os diminu\u00eddos. Elas permitem f\u00e1cil acesso a diferentes \u00e1reas do ambiente sem precisar se levantar. Em escrit\u00f3rios ou cantinhos de leitura, esse tipo de cadeira \u00e9 tudo de bom!<\/p>\n<h2>3. Modelos que Combinam com Diversos Estilos de Decora\u00e7\u00e3o<\/h2>\n<p>Na hora de escolher a cadeira perfeita, \u00e9 fundamental como ela se integra ao estilo do seu quarto. Se seu espa\u00e7o \u00e9 minimalista, opte por linhas limpas e formas simples. J\u00e1 para um ambiente <b>cl\u00e1ssico<\/b>, modelos com detalhes em madeira ou estofado rico podem ser um grande diferencial. Um contraste harmonioso entre cadeira e decora\u00e7\u00e3o \u00e9 o que torna o espa\u00e7o pessoal e \u00fanico.<\/p>\n<h2>4. Dicas de Personaliza\u00e7\u00e3o e Aconchego<\/h2>\n<h3>4.1 Almofadas e Coberturas<\/h3>\n<figure style=\"width: 1024px\" class=\"wp-caption aligncenter\"><img decoding=\"async\" src=\"https:\/\/www.aarquiteta.com.br\/blog\/wp-content\/uploads\/2025\/01\/cadeira-para-quarto02.jpg\" alt=\"Cadeiras para Quarto: 70 Melhores Modelos para quem Busca Praticidade\" width=\"1024\" height=\"1024\" title=\"\"><figcaption class=\"wp-caption-text\">Cadeiras para Quarto: 70 Melhores Modelos para quem Busca Praticidade<\/figcaption><\/figure>\n<p>Para adicionar um toque de charme e conforto, <b>almofadas<\/b> s\u00e3o essenciais. Elas n\u00e3o s\u00f3 garantem aconchego, mas tamb\u00e9m possuem um papel decorativo. Brinque com diferentes tamanhos, texturas e cores para criar um visual atraente!<\/p>\n<h3>4.2 Cores e Texturas<\/h3>\n<figure style=\"width: 1024px\" class=\"wp-caption aligncenter\"><img decoding=\"async\" src=\"https:\/\/www.aarquiteta.com.br\/blog\/wp-content\/uploads\/2025\/01\/cadeira-para-quarto-2-730x730.jpg\" alt=\"quarto tons de azul com escrivaninha\" title=\"\"><figcaption class=\"wp-caption-text\">quarto tons de azul com escrivaninha<\/figcaption><\/figure>\n<p>A escolha de <b>cores e texturas<\/b> impacta diretamente na atmosfera do quarto. Cores quentes trazem aconchego, enquanto tons frios podem gerar calma e serenidade. O segredo \u00e9 equilibrar as cores da cadeira com o restante do ambiente, criando harmonia e fluidez.<\/p>\n<h2>5. Criando Espa\u00e7os Funcionais com Cadeiras<\/h2>\n<p>Utilizar a cadeira de forma funcional \u00e9 um desafio que pode ser superado. Podemos criar <b>cantinhos de estudo<\/b> super agrad\u00e1veis! Colocando uma cadeira confort\u00e1vel perto da estante, por exemplo, conseguimos um espa\u00e7o onde estudar se torna uma tarefa prazerosa. Al\u00e9m disso, ao integrar esses elementos, o quarto vira um verdadeiro santu\u00e1rio de criatividade e produtividade.<\/p>\n<h2>6. Cuidados e Manuten\u00e7\u00e3o<\/h2>\n<p>Ap\u00f3s escolher a cadeira ideal, \u00e9 crucial cuidar dela. Isso inclui limpeza regular e prote\u00e7\u00e3o adequada contra desgastes. A <b>manuten\u00e7\u00e3o preventiva<\/b> \u00e9 a chave para garantir a longevidade do seu investimento. Protetores de tecido e tratamento de madeira s\u00e3o duas maneiras eficazes de manter a beleza do m\u00f3vel por muito mais tempo.<\/p>\n<h2>Conclus\u00e3o: A Cadeira Ideal para Seu Quarto<\/h2>\n<p>Em resumo, a escolha da <b>cadeira ideal<\/b> transforma seu quarto em um espa\u00e7o acolhedor e funcional. Leve em conta seu estilo pessoal, as necessidades do ambiente e o conforto proporcionado. Com as dicas e ideias apresentadas, tenho certeza que voc\u00ea far\u00e1 a escolha certa, tornando seu espa\u00e7o ainda mais especial e personalizado.<\/p>\n<p><\/body><br \/>\n<figure style=\"width: 1024px\" class=\"wp-caption aligncenter\"><img decoding=\"async\" src=\"https:\/\/www.aarquiteta.com.br\/blog\/wp-content\/uploads\/2025\/01\/cadeira-para-quarto03.jpg\" alt=\"Cadeiras para Quarto: 70 Melhores Modelos para quem Busca Praticidade\" width=\"1024\" height=\"1024\" title=\"\"><figcaption class=\"wp-caption-text\">Cadeiras para Quarto: 70 Melhores Modelos para quem Busca Praticidade<\/figcaption><\/figure>\n<figure style=\"width: 1024px\" class=\"wp-caption aligncenter\"><img decoding=\"async\" src=\"https:\/\/www.aarquiteta.com.br\/blog\/wp-content\/uploads\/2025\/01\/cadeira-para-quarto-3-730x713.jpg\" alt=\"decora\u00e7\u00e3o de quarto futebol\" title=\"\"><figcaption class=\"wp-caption-text\">decora\u00e7\u00e3o de quarto futebol<\/figcaption><\/figure>\n<figure style=\"width: 1024px\" class=\"wp-caption aligncenter\"><img decoding=\"async\" src=\"https:\/\/www.aarquiteta.com.br\/blog\/wp-content\/uploads\/2025\/01\/cadeira-para-quarto4.jpg\" alt=\"Cadeiras para Quarto: 70 Melhores Modelos para quem Busca Praticidade\" width=\"1024\" height=\"1024\" title=\"\"><figcaption class=\"wp-caption-text\">Cadeiras para Quarto: 70 Melhores Modelos para quem Busca Praticidade<\/figcaption><\/figure>\n<figure style=\"width: 1024px\" class=\"wp-caption aligncenter\"><img decoding=\"async\" src=\"https:\/\/www.aarquiteta.com.br\/blog\/wp-content\/uploads\/2025\/01\/cadeira-para-quarto-4-730x730.jpg\" alt=\"elemento decorativo rosa\" title=\"\"><figcaption class=\"wp-caption-text\">elemento decorativo rosa<\/figcaption><\/figure>\n<h3>Para se aprofundar mais sobre o tema, veja a minha recomenda\u00e7\u00e3o sobre o tema deste artigo no v\u00eddeo a seguir abaixo:<\/h3>\n<p><iframe title=\"YouTube video player\" src=\"https:\/\/www.youtube.com\/embed\/Z9C2HJhhez4\" width=\"560\" height=\"315\" frameborder=\"0\" allowfullscreen=\"allowfullscreen\"><\/iframe><\/p>\n<figure style=\"width: 1024px\" class=\"wp-caption aligncenter\"><img decoding=\"async\" src=\"https:\/\/www.aarquiteta.com.br\/blog\/wp-content\/uploads\/2025\/01\/cadeira-para-quarto-5-730x489.jpg\" alt=\"cama azul com cadeira ao lado\" title=\"\"><figcaption class=\"wp-caption-text\">cama azul com cadeira ao lado<\/figcaption><\/figure>\n","protected":false},"excerpt":{"rendered":"<p>Descubra 70 modelos de cadeiras para quarto que aliam estilo e praticidade. Ideias para deixar seu espa\u00e7o mais aconchegante e funcional.<\/p>\n","protected":false},"author":102,"featured_media":140356,"comment_status":"closed","ping_status":"closed","sticky":false,"template":"","format":"standard","meta":{"footnotes":""},"categories":[1484],"tags":[],"class_list":["post-140363","post","type-post","status-publish","format-standard","has-post-thumbnail","category-decoracao"],"_wp_attached_file":null,"_wp_attachment_metadata":null,"_wp_attachment_context":null,"_wp_attachment_is_custom_header":null,"geo_longitude":null,"geo_public":null,"geo_latitude":null,"_publicize_done_external":null,"_wpas_done_3897181":null,"publicize_twitter_user":null,"_wpas_done_3897175":null,"_wpas_skip_3897181":null,"_wpas_skip_3897175":null,"_wpas_skip_3924723":null,"_wpas_mess":null,"_wpas_done_3924723":null,"wps_subtitle":"","_links":{"self":[{"href":"https:\/\/www.aarquiteta.com.br\/blog\/wp-json\/wp\/v2\/posts\/140363","targetHints":{"allow":["GET"]}}],"collection":[{"href":"https:\/\/www.aarquiteta.com.br\/blog\/wp-json\/wp\/v2\/posts"}],"about":[{"href":"https:\/\/www.aarquiteta.com.br\/blog\/wp-json\/wp\/v2\/types\/post"}],"author":[{"embeddable":true,"href":"https:\/\/www.aarquiteta.com.br\/blog\/wp-json\/wp\/v2\/users\/102"}],"replies":[{"embeddable":true,"href":"https:\/\/www.aarquiteta.com.br\/blog\/wp-json\/wp\/v2\/comments?post=140363"}],"version-history":[{"count":0,"href":"https:\/\/www.aarquiteta.com.br\/blog\/wp-json\/wp\/v2\/posts\/140363\/revisions"}],"wp:featuredmedia":[{"embeddable":true,"href":"https:\/\/www.aarquiteta.com.br\/blog\/wp-json\/wp\/v2\/media\/140356"}],"wp:attachment":[{"href":"https:\/\/www.aarquiteta.com.br\/blog\/wp-json\/wp\/v2\/media?parent=140363"}],"wp:term":[{"taxonomy":"category","embeddable":true,"href":"https:\/\/www.aarquiteta.com.br\/blog\/wp-json\/wp\/v2\/categories?post=140363"},{"taxonomy":"post_tag","embeddable":true,"href":"https:\/\/www.aarquiteta.com.br\/blog\/wp-json\/wp\/v2\/tags?post=140363"}],"curies":[{"name":"wp","href":"https:\/\/api.w.org\/{rel}","templated":true}]}}