{"id":140295,"date":"2025-01-12T08:57:08","date_gmt":"2025-01-12T11:57:08","guid":{"rendered":"https:\/\/www.aarquiteta.com.br\/blog\/estante-de-gesso-para-sala\/"},"modified":"2025-01-12T08:57:08","modified_gmt":"2025-01-12T11:57:08","slug":"estante-de-gesso-para-sala","status":"publish","type":"post","link":"https:\/\/www.aarquiteta.com.br\/blog\/estante-de-gesso-para-sala\/","title":{"rendered":"10 FOTOS DE ESTANTE DE GESSO PARA SALA PARA VOC\u00ca SE APAIXONAR"},"content":{"rendered":"<p><body><\/p>\n<p>As estantes de gesso para sala est\u00e3o em alta por sua <b>versatilidade<\/b> e <b>design personaliz\u00e1vel<\/b>, permitindo que voc\u00ea transforme qualquer ambiente em um espa\u00e7o elegante e funcional. Neste artigo, vou explorar as vantagens, dicas de instala\u00e7\u00e3o e combina\u00e7\u00f5es de materiais que podem deixar a sua sala ainda mais especial.<\/p>\n<h2>O que \u00e9 uma Estante de Gesso?<\/h2>\n<p>A estante de gesso \u00e9 uma estrutura feita com gesso acartonado ou drywall, ideal para <b>organizar e embelezar<\/b> o ambiente. Al\u00e9m de sua funcionalidade, ela proporciona um acabamento moderno e pode ser moldada de acordo com o estilo da sua sala.<\/p>\n<h2>Vantagens de Usar Estantes de Gesso<\/h2>\n<h3>Design Personalizado<\/h3>\n<figure style=\"width: 1024px\" class=\"wp-caption aligncenter\"><img decoding=\"async\" src=\"https:\/\/www.aarquiteta.com.br\/blog\/wp-content\/uploads\/2025\/01\/estante-de-gesso-para-sala-4.jpg\" alt=\"Foto de estante de gesso para sala 6 - 6\" title=\"\"><figcaption class=\"wp-caption-text\">Foto de estante de gesso para sala 6 &#8211; 6<\/figcaption><\/figure>\n<p>Uma das principais vantagens \u00e9 a capacidade de criar um <b>design \u00fanico<\/b> e adaptado ao seu espa\u00e7o. Voc\u00ea pode escolher o formato, as dimens\u00f5es e at\u00e9 mesmo as cores que mais combinam com o seu estilo. Assim, cada projeto se torna uma <b>express\u00e3o<\/b> da sua personalidade.<\/p>\n<h3>Versatilidade na Decora\u00e7\u00e3o<\/h3>\n<figure style=\"width: 1024px\" class=\"wp-caption aligncenter\"><img decoding=\"async\" src=\"https:\/\/www.aarquiteta.com.br\/blog\/wp-content\/uploads\/2025\/01\/estante-de-gesso-para-sala01.jpg\" alt=\"40 FOTOS DE ESTANTE DE GESSO PARA SALA PARA VOC\u00ca SE APAIXONAR\" width=\"1024\" height=\"1024\" title=\"\"><figcaption class=\"wp-caption-text\">40 FOTOS DE ESTANTE DE GESSO PARA SALA PARA VOC\u00ca SE APAIXONAR<\/figcaption><\/figure>\n<p>Estantes de gesso se adaptam a diferentes estilos de decora\u00e7\u00e3o, desde o mais <b>cl\u00e1ssico<\/b> at\u00e9 o contempor\u00e2neo. Seja para uma sala de estar ou um escrit\u00f3rio, elas se encaixam perfeitamente em qualquer contexto, oferecendo sempre um toque especial.<\/p>\n<h3>Otimiza\u00e7\u00e3o de Espa\u00e7o<\/h3>\n<figure style=\"width: 1024px\" class=\"wp-caption aligncenter\"><img decoding=\"async\" src=\"https:\/\/www.aarquiteta.com.br\/blog\/wp-content\/uploads\/2025\/01\/estante-de-gesso-para-sala-00.png\" alt=\"Foto de estante de gesso para sala 1 - 1\" title=\"\"><figcaption class=\"wp-caption-text\">Foto de estante de gesso para sala 1 &#8211; 1<\/figcaption><\/figure>\n<p>Al\u00e9m do design, as estantes de gesso s\u00e3o ideais para <b>maximizar o espa\u00e7o<\/b> dispon\u00edvel. Voc\u00ea pode utiliz\u00e1-las em ambientes pequenos, ocupando cantos ou \u00e1reas inutilizadas, como abaixo da escada, sem deixar o espa\u00e7o apertado.<\/p>\n<h2>Estantes de Gesso para Ambientes Pequenos<\/h2>\n<h3>Uso sob Escadas<\/h3>\n<figure style=\"width: 1024px\" class=\"wp-caption aligncenter\"><img decoding=\"async\" src=\"https:\/\/www.aarquiteta.com.br\/blog\/wp-content\/uploads\/2025\/01\/estante-de-gesso-para-sala02.jpg\" alt=\"40 FOTOS DE ESTANTE DE GESSO PARA SALA PARA VOC\u00ca SE APAIXONAR\" width=\"1024\" height=\"1024\" title=\"\"><figcaption class=\"wp-caption-text\">40 FOTOS DE ESTANTE DE GESSO PARA SALA PARA VOC\u00ca SE APAIXONAR<\/figcaption><\/figure>\n<p>Se voc\u00ea tem uma escada em casa, considere a instala\u00e7\u00e3o de uma estante de gesso embaixo dela. \u00c9 uma <b>solu\u00e7\u00e3o inteligente<\/b> para aproveitar um espa\u00e7o que, muitas vezes, acaba sendo esquecido. Al\u00e9m de criar um charme a mais, voc\u00ea pode armazenar livros, objetos decorativos e at\u00e9 plantas.<\/p>\n<h3>Nichos Inteligentes<\/h3>\n<figure style=\"width: 1024px\" class=\"wp-caption aligncenter\"><img decoding=\"async\" src=\"https:\/\/www.aarquiteta.com.br\/blog\/wp-content\/uploads\/2025\/01\/IMG_3879-100x100.jpg\" alt=\"Foto de estante de gesso para sala 2 - 2\" title=\"\"><figcaption class=\"wp-caption-text\">Foto de estante de gesso para sala 2 &#8211; 2<\/figcaption><\/figure>\n<p>Outra op\u00e7\u00e3o para ambientes pequenos \u00e9 a cria\u00e7\u00e3o de <b>nichos<\/b> embutidos na parede. Isso pode ajudar a criar um efeito de profundidade e deixar a decora\u00e7\u00e3o mais leve, ao mesmo tempo que mant\u00e9m tudo organizado.<\/p>\n<h2>Estantes de Gesso e Ilumina\u00e7\u00e3o<\/h2>\n<h3>Efeitos de Luz com LEDs<\/h3>\n<figure style=\"width: 1024px\" class=\"wp-caption aligncenter\"><img decoding=\"async\" src=\"https:\/\/www.aarquiteta.com.br\/blog\/wp-content\/uploads\/2025\/01\/estante-de-gesso-para-sala03.jpg\" alt=\"40 FOTOS DE ESTANTE DE GESSO PARA SALA PARA VOC\u00ca SE APAIXONAR\" width=\"1024\" height=\"1024\" title=\"\"><figcaption class=\"wp-caption-text\">40 FOTOS DE ESTANTE DE GESSO PARA SALA PARA VOC\u00ca SE APAIXONAR<\/figcaption><\/figure>\n<p>A ilumina\u00e7\u00e3o \u00e9 um aspecto crucial na decora\u00e7\u00e3o de uma sala. Com a instala\u00e7\u00e3o de <b>LEDs<\/b> nas estantes de gesso, voc\u00ea pode real\u00e7ar objetos decorativos e criar um clima aconchegante. A luz suave d\u00e1 um toque moderno e sofisticado ao ambiente.<\/p>\n<h3>Integra\u00e7\u00e3o com Sancas de Gesso<\/h3>\n<figure style=\"width: 1024px\" class=\"wp-caption aligncenter\"><img decoding=\"async\" src=\"https:\/\/www.aarquiteta.com.br\/blog\/wp-content\/uploads\/2025\/01\/estante-de-gesso-para-sala-1.jpg\" alt=\"Foto de estante de gesso para sala 3 - 3\" title=\"\"><figcaption class=\"wp-caption-text\">Foto de estante de gesso para sala 3 &#8211; 3<\/figcaption><\/figure>\n<p>Caso voc\u00ea tenha sancas de gesso, a combina\u00e7\u00e3o dessas estruturas com a estante pode resultar em um <b>visual harmonioso<\/b>. Brincar com a ilumina\u00e7\u00e3o embutida nas sancas criar\u00e1 uma atmosfera acolhedora e agrad\u00e1vel ao mesmo tempo.<\/p>\n<h2>Combina\u00e7\u00f5es de Materiais e Estilos<\/h2>\n<h3>Gesso com Vidro<\/h3>\n<figure style=\"width: 1024px\" class=\"wp-caption aligncenter\"><img decoding=\"async\" src=\"https:\/\/www.aarquiteta.com.br\/blog\/wp-content\/uploads\/2025\/01\/estante-de-gesso-para-sala4.jpg\" alt=\"40 FOTOS DE ESTANTE DE GESSO PARA SALA PARA VOC\u00ca SE APAIXONAR\" width=\"1024\" height=\"1024\" title=\"\"><figcaption class=\"wp-caption-text\">40 FOTOS DE ESTANTE DE GESSO PARA SALA PARA VOC\u00ca SE APAIXONAR<\/figcaption><\/figure>\n<p>Combinar gesso com vidro \u00e9 uma forma de adicionar <b>eleg\u00e2ncia<\/b> \u00e0 sua estante. O vidro pode ser utilizado em prateleiras ou portas, criando uma sensa\u00e7\u00e3o de leveza e modernidade, al\u00e9m de destacar os objetos dentro da estante.<\/p>\n<h3>Texturas e Cores S\u00f3brias<\/h3>\n<figure style=\"width: 1024px\" class=\"wp-caption aligncenter\"><img decoding=\"async\" src=\"https:\/\/www.aarquiteta.com.br\/blog\/wp-content\/uploads\/2025\/01\/estante-de-gesso-para-sala-2.jpg\" alt=\"Foto de estante de gesso para sala 4 - 4\" title=\"\"><figcaption class=\"wp-caption-text\">Foto de estante de gesso para sala 4 &#8211; 4<\/figcaption><\/figure>\n<p>Usar cores neutras e texturas s\u00f3brias em estantes de gesso d\u00e1 um ar de <b>sofistica\u00e7\u00e3o<\/b> ao ambiente. Voc\u00ea pode combinar a estante com m\u00f3veis de madeiras claras ou escuras, equilibrando o visual da sala.<\/p>\n<h2>Dicas para Aproveitar ao M\u00e1ximo a Estante de Gesso<\/h2>\n<h3>Localiza\u00e7\u00e3o e Layout<\/h3>\n<h3>Para se aprofundar mais sobre o tema, veja a minha recomenda\u00e7\u00e3o sobre o tema deste artigo no v\u00eddeo a seguir abaixo:<\/h3>\n<p><iframe title=\"YouTube video player\" src=\"https:\/\/www.youtube.com\/embed\/29ghvN5h26g\" width=\"560\" height=\"315\" frameborder=\"0\" allowfullscreen=\"allowfullscreen\"><\/iframe><\/p>\n<p>Para obter o m\u00e1ximo de efeito da sua estante de gesso, a <b>localiza\u00e7\u00e3o<\/b> \u00e9 essencial. Pense onde ela pode causar mais impacto visual e funcionalidade. Colocar a estante em um local estrat\u00e9gico pode transformar o espa\u00e7o como um todo.<\/p>\n<h3>Decora\u00e7\u00e3o e Acess\u00f3rios<\/h3>\n<figure style=\"width: 1024px\" class=\"wp-caption aligncenter\"><img decoding=\"async\" src=\"https:\/\/www.aarquiteta.com.br\/blog\/wp-content\/uploads\/2025\/01\/estante-de-gesso-para-sala-3.jpg\" alt=\"Foto de estante de gesso para sala 5 - 5\" title=\"\"><figcaption class=\"wp-caption-text\">Foto de estante de gesso para sala 5 &#8211; 5<\/figcaption><\/figure>\n<p>N\u00e3o se esque\u00e7a de usar <b>acess\u00f3rios decorativos<\/b> que complementem a estante. Pequenas esculturas, livros ou plantas podem dar vida e personalidade ao ambiente, tornando-o mais convidativo.<\/p>\n<h2>Conclus\u00e3o<\/h2>\n<p>As estantes de gesso s\u00e3o <b>uma excelente op\u00e7\u00e3o<\/b> para quem deseja transformar a sala em um ambiente \u00fanico e cheio de estilo. Com a possibilidade de personaliza\u00e7\u00e3o e integra\u00e7\u00e3o com outros elementos de decora\u00e7\u00e3o, elas se destacam como uma tend\u00eancia que veio para ficar. Aposte nessa solu\u00e7\u00e3o e aproveite ao m\u00e1ximo o potencial do gesso na sua decora\u00e7\u00e3o!<\/p>\n<p><\/body><\/p>\n","protected":false},"excerpt":{"rendered":"<p>Explore 40 ideias inspiradoras de estantes de gesso para transformar sua sala com estilo e praticidade.<\/p>\n","protected":false},"author":102,"featured_media":140289,"comment_status":"closed","ping_status":"closed","sticky":false,"template":"","format":"standard","meta":{"footnotes":""},"categories":[1484],"tags":[],"class_list":["post-140295","post","type-post","status-publish","format-standard","has-post-thumbnail","category-decoracao"],"_wp_attached_file":null,"_wp_attachment_metadata":null,"_wp_attachment_context":null,"_wp_attachment_is_custom_header":null,"geo_longitude":null,"geo_public":null,"geo_latitude":null,"_publicize_done_external":null,"_wpas_done_3897181":null,"publicize_twitter_user":null,"_wpas_done_3897175":null,"_wpas_skip_3897181":null,"_wpas_skip_3897175":null,"_wpas_skip_3924723":null,"_wpas_mess":null,"_wpas_done_3924723":null,"wps_subtitle":"","_links":{"self":[{"href":"https:\/\/www.aarquiteta.com.br\/blog\/wp-json\/wp\/v2\/posts\/140295","targetHints":{"allow":["GET"]}}],"collection":[{"href":"https:\/\/www.aarquiteta.com.br\/blog\/wp-json\/wp\/v2\/posts"}],"about":[{"href":"https:\/\/www.aarquiteta.com.br\/blog\/wp-json\/wp\/v2\/types\/post"}],"author":[{"embeddable":true,"href":"https:\/\/www.aarquiteta.com.br\/blog\/wp-json\/wp\/v2\/users\/102"}],"replies":[{"embeddable":true,"href":"https:\/\/www.aarquiteta.com.br\/blog\/wp-json\/wp\/v2\/comments?post=140295"}],"version-history":[{"count":0,"href":"https:\/\/www.aarquiteta.com.br\/blog\/wp-json\/wp\/v2\/posts\/140295\/revisions"}],"wp:featuredmedia":[{"embeddable":true,"href":"https:\/\/www.aarquiteta.com.br\/blog\/wp-json\/wp\/v2\/media\/140289"}],"wp:attachment":[{"href":"https:\/\/www.aarquiteta.com.br\/blog\/wp-json\/wp\/v2\/media?parent=140295"}],"wp:term":[{"taxonomy":"category","embeddable":true,"href":"https:\/\/www.aarquiteta.com.br\/blog\/wp-json\/wp\/v2\/categories?post=140295"},{"taxonomy":"post_tag","embeddable":true,"href":"https:\/\/www.aarquiteta.com.br\/blog\/wp-json\/wp\/v2\/tags?post=140295"}],"curies":[{"name":"wp","href":"https:\/\/api.w.org\/{rel}","templated":true}]}}