{"id":140268,"date":"2025-01-11T18:01:25","date_gmt":"2025-01-11T21:01:25","guid":{"rendered":"https:\/\/www.aarquiteta.com.br\/blog\/desvendando-cantos-alemaes-guia-acolhedor-pequeninos-ambientes\/"},"modified":"2025-01-11T18:01:25","modified_gmt":"2025-01-11T21:01:25","slug":"desvendando-cantos-alemaes-guia-acolhedor-pequeninos-ambientes","status":"publish","type":"post","link":"https:\/\/www.aarquiteta.com.br\/blog\/desvendando-cantos-alemaes-guia-acolhedor-pequeninos-ambientes\/","title":{"rendered":"Desvendando Cantos Alem\u00e3es: Um Guia Acolhedor para Pequeninos Ambientes"},"content":{"rendered":"<p><body><\/p>\n<p>Descubra como transformar pequenos ambientes com os encantadores cantos alem\u00e3es, que combinam funcionalidade e est\u00e9tica, criando espa\u00e7os acolhedores e cheios de personalidade.<\/p>\n<h2>O que s\u00e3o Cantos Alem\u00e3es?<\/h2>\n<p>Os <b>cantos alem\u00e3es<\/b> s\u00e3o solu\u00e7\u00f5es de mobili\u00e1rio que aproveitam ao m\u00e1ximo os espa\u00e7os dispon\u00edveis, especialmente em ambientes pequenos. Eles consistem em bancos ou assentos que se encaixam em esquinas, proporcionando um local confort\u00e1vel para sentar e socializar. Essa abordagem n\u00e3o s\u00f3 otimiza o espa\u00e7o, mas tamb\u00e9m adiciona um toque de charme e estilo ao ambiente.<\/p>\n<h2>Caracter\u00edsticas dos Cantos Alem\u00e3es<\/h2>\n<h3>Design Funcional<\/h3>\n<figure style=\"width: 1024px\" class=\"wp-caption aligncenter\"><img decoding=\"async\" src=\"https:\/\/www.aarquiteta.com.br\/blog\/wp-content\/uploads\/2025\/01\/desvendando-cantos-alemaes-guia-acolhedor-pequeninos-ambientes04.jpg\" alt=\"Desvendando Cantos Alem\u00e3es: Um Guia Acolhedor para Pequeninos Ambientes\" width=\"1024\" height=\"1024\" title=\"\"><figcaption class=\"wp-caption-text\">Desvendando Cantos Alem\u00e3es: Um Guia Acolhedor para Pequeninos Ambientes<\/figcaption><\/figure>\n<p>O design dos cantos alem\u00e3es \u00e9 pensado para ser <b>pr\u00e1tico<\/b> e funcional. Eles s\u00e3o projetados para se adaptar a diferentes tamanhos de espa\u00e7o, permitindo que voc\u00ea crie \u00e1reas de estar aconchegantes, mesmo em locais reduzidos. A versatilidade \u00e9 uma das principais caracter\u00edsticas que tornam esses cantos t\u00e3o populares.<\/p>\n<h3>Materiais Utilizados<\/h3>\n<figure style=\"width: 1024px\" class=\"wp-caption aligncenter\"><img decoding=\"async\" src=\"https:\/\/www.aarquiteta.com.br\/blog\/wp-content\/uploads\/2025\/01\/desvendando-cantos-alemaes-guia-acolhedor-pequeninos-ambientes03.jpg\" alt=\"Desvendando Cantos Alem\u00e3es: Um Guia Acolhedor para Pequeninos Ambientes\" width=\"1024\" height=\"1024\" title=\"\"><figcaption class=\"wp-caption-text\">Desvendando Cantos Alem\u00e3es: Um Guia Acolhedor para Pequeninos Ambientes<\/figcaption><\/figure>\n<p>Os materiais utilizados na fabrica\u00e7\u00e3o dos cantos alem\u00e3es variam, mas geralmente incluem <b>madeira<\/b>, estofados e acabamentos que garantem durabilidade e conforto. A escolha dos materiais \u00e9 crucial para garantir que o m\u00f3vel n\u00e3o apenas se encaixe no espa\u00e7o, mas tamb\u00e9m complemente a decora\u00e7\u00e3o existente.<\/p>\n<h2>Como Incorporar Cantos Alem\u00e3es em Pequenos Ambientes<\/h2>\n<h3>Escolha do Mobili\u00e1rio<\/h3>\n<figure style=\"width: 1024px\" class=\"wp-caption aligncenter\"><img decoding=\"async\" src=\"https:\/\/www.aarquiteta.com.br\/blog\/wp-content\/uploads\/2025\/01\/desvendando-cantos-alemaes-guia-acolhedor-pequeninos-ambientes02.jpg\" alt=\"Desvendando Cantos Alem\u00e3es: Um Guia Acolhedor para Pequeninos Ambientes\" width=\"1024\" height=\"1024\" title=\"\"><figcaption class=\"wp-caption-text\">Desvendando Cantos Alem\u00e3es: Um Guia Acolhedor para Pequeninos Ambientes<\/figcaption><\/figure>\n<p>Ao escolher o mobili\u00e1rio para um canto alem\u00e3o, \u00e9 importante considerar o <b>tamanho<\/b> e a propor\u00e7\u00e3o do espa\u00e7o. Optar por m\u00f3veis que n\u00e3o sejam excessivamente grandes ajuda a manter a fluidez do ambiente. Al\u00e9m disso, escolher pe\u00e7as que possam ser facilmente movidas ou rearranjadas pode ser uma boa estrat\u00e9gia.<\/p>\n<h3>Uso de Cores e Ilumina\u00e7\u00e3o<\/h3>\n<figure style=\"width: 1024px\" class=\"wp-caption aligncenter\"><img decoding=\"async\" src=\"https:\/\/www.aarquiteta.com.br\/blog\/wp-content\/uploads\/2025\/01\/desvendando-cantos-alemaes-guia-acolhedor-pequeninos-ambientes01.jpg\" alt=\"Desvendando Cantos Alem\u00e3es: Um Guia Acolhedor para Pequeninos Ambientes\" width=\"1024\" height=\"1024\" title=\"\"><figcaption class=\"wp-caption-text\">Desvendando Cantos Alem\u00e3es: Um Guia Acolhedor para Pequeninos Ambientes<\/figcaption><\/figure>\n<p>A escolha das <b>cores<\/b> e da ilumina\u00e7\u00e3o \u00e9 fundamental para criar uma atmosfera acolhedora. Cores claras podem fazer o espa\u00e7o parecer maior, enquanto uma ilumina\u00e7\u00e3o suave pode adicionar um toque de aconchego. Experimente usar lumin\u00e1rias pendentes ou luzes embutidas para destacar o canto alem\u00e3o.<\/p>\n<h2>Vantagens dos Cantos Alem\u00e3es<\/h2>\n<h3>Espa\u00e7o Otimizado<\/h3>\n<p style=\"text-align: center;\">[amazon table=&#8221;82943&#8243;]\n<p>Uma das maiores vantagens dos cantos alem\u00e3es \u00e9 a <b>otimiza\u00e7\u00e3o do espa\u00e7o<\/b>. Eles permitem que voc\u00ea utilize \u00e1reas que muitas vezes ficam esquecidas, como cantos e esquinas, transformando-os em locais funcionais e agrad\u00e1veis.<\/p>\n<h3>Estilo e Conforto<\/h3>\n<h3>Assista agora a minha recomenda\u00e7\u00e3o de video abaixo sobre o tema que estamos tratando neste artigo: <\/h3>\n<p>https:\/\/www.youtube.com\/watch?v=<\/p>\n<p>Al\u00e9m de serem pr\u00e1ticos, os cantos alem\u00e3es tamb\u00e9m oferecem um <b>estilo \u00fanico<\/b> e conforto. Eles podem ser personalizados com almofadas e tecidos que refletem a sua personalidade, tornando o ambiente mais acolhedor e convidativo.<\/p>\n<h2>Exemplos de Cantos Alem\u00e3es em A\u00e7\u00e3o<\/h2>\n<h3>Salas de Estar<\/h3>\n<p>Em salas de estar, os cantos alem\u00e3es podem ser usados para criar um espa\u00e7o de conviv\u00eancia. Imagine um canto com um banco estofado, rodeado por almofadas coloridas, onde amigos e familiares podem se reunir para conversar e relaxar.<\/p>\n<h3>Quartos e Escrit\u00f3rios<\/h3>\n<p>Nos quartos, um canto alem\u00e3o pode servir como um local de leitura ou um espa\u00e7o para relaxar. Em escrit\u00f3rios, ele pode ser transformado em uma \u00e1rea de descanso, onde voc\u00ea pode fazer uma pausa durante o trabalho. A versatilidade \u00e9 o que torna esses cantos t\u00e3o especiais.<\/p>\n<h2>Cuidados e Manuten\u00e7\u00e3o<\/h2>\n<h3>Limpeza e Conserva\u00e7\u00e3o<\/h3>\n<p>Para garantir que os cantos alem\u00e3es permane\u00e7am bonitos e funcionais, \u00e9 essencial realizar uma <b>manuten\u00e7\u00e3o regular<\/b>. Limpar os estofados e verificar a estrutura do m\u00f3vel s\u00e3o passos importantes para prolongar a vida \u00fatil do seu canto.<\/p>\n<h3>Atualiza\u00e7\u00f5es e Reformas<\/h3>\n<p>Com o tempo, pode ser necess\u00e1rio fazer algumas <b>atualiza\u00e7\u00f5es<\/b> ou reformas. Trocar o tecido do estofado ou adicionar novos acess\u00f3rios pode dar uma nova vida ao seu canto alem\u00e3o, mantendo-o sempre moderno e atraente.<\/p>\n<h2>Conclus\u00e3o<\/h2>\n<p>Os cantos alem\u00e3es s\u00e3o uma solu\u00e7\u00e3o incr\u00edvel para quem deseja otimizar pequenos ambientes sem abrir m\u00e3o do estilo e do conforto. Ao incorporar esses m\u00f3veis, voc\u00ea n\u00e3o apenas transforma o espa\u00e7o, mas tamb\u00e9m cria um local acolhedor e cheio de personalidade. Experimente essa tend\u00eancia e veja como ela pode fazer a diferen\u00e7a na sua casa!<\/p>\n<h2>Destaques principais<\/h2>\n<ul>\n<li><b>O que s\u00e3o Cantos Alem\u00e3es?<\/b> &#8211; Solu\u00e7\u00f5es de mobili\u00e1rio que aproveitam espa\u00e7os pequenos, criando \u00e1reas confort\u00e1veis e funcionais.<\/li>\n<li><b>Caracter\u00edsticas e Materiais<\/b> &#8211; Design pr\u00e1tico e uso de materiais dur\u00e1veis que garantem conforto e estilo.<\/li>\n<li><b>Vantagens e Exemplos<\/b> &#8211; Otimiza\u00e7\u00e3o do espa\u00e7o e versatilidade em diferentes ambientes, como salas e quartos.<\/li>\n<\/ul>\n<p><\/body><\/p>\n","protected":false},"excerpt":{"rendered":"<p>Saiba como montar bancos em \u201cL\u201d e aproveitar esquinas pouco usadas, criando uma charmosa \u00e1rea de refei\u00e7\u00f5es ou de conv\u00edvio.<\/p>\n","protected":false},"author":102,"featured_media":140265,"comment_status":"closed","ping_status":"closed","sticky":false,"template":"","format":"standard","meta":{"footnotes":""},"categories":[1484,971,18792,18794],"tags":[],"class_list":["post-140268","post","type-post","status-publish","format-standard","has-post-thumbnail","category-decoracao","category-design-de-interiores","category-decoracao-de-apartamento","category-projetos-de-decoracao-de-casas"],"_wp_attached_file":null,"_wp_attachment_metadata":null,"_wp_attachment_context":null,"_wp_attachment_is_custom_header":null,"geo_longitude":null,"geo_public":null,"geo_latitude":null,"_publicize_done_external":null,"_wpas_done_3897181":null,"publicize_twitter_user":null,"_wpas_done_3897175":null,"_wpas_skip_3897181":null,"_wpas_skip_3897175":null,"_wpas_skip_3924723":null,"_wpas_mess":null,"_wpas_done_3924723":null,"wps_subtitle":"","_links":{"self":[{"href":"https:\/\/www.aarquiteta.com.br\/blog\/wp-json\/wp\/v2\/posts\/140268","targetHints":{"allow":["GET"]}}],"collection":[{"href":"https:\/\/www.aarquiteta.com.br\/blog\/wp-json\/wp\/v2\/posts"}],"about":[{"href":"https:\/\/www.aarquiteta.com.br\/blog\/wp-json\/wp\/v2\/types\/post"}],"author":[{"embeddable":true,"href":"https:\/\/www.aarquiteta.com.br\/blog\/wp-json\/wp\/v2\/users\/102"}],"replies":[{"embeddable":true,"href":"https:\/\/www.aarquiteta.com.br\/blog\/wp-json\/wp\/v2\/comments?post=140268"}],"version-history":[{"count":0,"href":"https:\/\/www.aarquiteta.com.br\/blog\/wp-json\/wp\/v2\/posts\/140268\/revisions"}],"wp:featuredmedia":[{"embeddable":true,"href":"https:\/\/www.aarquiteta.com.br\/blog\/wp-json\/wp\/v2\/media\/140265"}],"wp:attachment":[{"href":"https:\/\/www.aarquiteta.com.br\/blog\/wp-json\/wp\/v2\/media?parent=140268"}],"wp:term":[{"taxonomy":"category","embeddable":true,"href":"https:\/\/www.aarquiteta.com.br\/blog\/wp-json\/wp\/v2\/categories?post=140268"},{"taxonomy":"post_tag","embeddable":true,"href":"https:\/\/www.aarquiteta.com.br\/blog\/wp-json\/wp\/v2\/tags?post=140268"}],"curies":[{"name":"wp","href":"https:\/\/api.w.org\/{rel}","templated":true}]}}