{"id":140237,"date":"2025-01-11T11:19:17","date_gmt":"2025-01-11T14:19:17","guid":{"rendered":"https:\/\/www.aarquiteta.com.br\/blog\/quarto-cinza-e-rosa\/"},"modified":"2025-01-11T11:19:17","modified_gmt":"2025-01-11T14:19:17","slug":"quarto-cinza-e-rosa","status":"publish","type":"post","link":"https:\/\/www.aarquiteta.com.br\/blog\/quarto-cinza-e-rosa\/","title":{"rendered":"10 Fotos de Quarto Cinza e Rosa para uma Decora\u00e7\u00e3o Chique e Delicada"},"content":{"rendered":"<p><body><\/p>\n<p>Neste artigo, voc\u00ea vai descobrir como a combina\u00e7\u00e3o de <b>cinza e rosa<\/b> pode transformar seu quarto em um espa\u00e7o sofisticado e encantador. Essas cores, al\u00e9m de elegantes, trazem um toque de suavidade, perfeitas para criar um ambiente acolhedor e feminino.<\/p>\n<h2>Introdu\u00e7\u00e3o<\/h2>\n<p>A mistura entre <b>cinza e rosa<\/b> \u00e9 como um abra\u00e7o caloroso que acolhe sem sufocar. Essa combina\u00e7\u00e3o traz um <b>equil\u00edbrio perfeito<\/b> e \u00e9 ideal para diferentes estilos de decora\u00e7\u00e3o, especialmente em quartos. Vamos explorar juntos como essas cores podem fazer toda a diferen\u00e7a no seu espa\u00e7o.<\/p>\n<h2>1. A Combina\u00e7\u00e3o Perfeita<\/h2>\n<h3>O que o Cinza e o Rosa Representam<\/h3>\n<figure style=\"width: 1024px\" class=\"wp-caption aligncenter\"><img decoding=\"async\" src=\"https:\/\/www.aarquiteta.com.br\/blog\/wp-content\/uploads\/2025\/01\/quarto-cinza-e-rosa-5-730x487.jpg\" alt=\"Foto de quarto cinza e rosa 6 - 6\" title=\"\"><figcaption class=\"wp-caption-text\">Foto de quarto cinza e rosa 6 &#8211; 6<\/figcaption><\/figure>\n<p>O cinza, com sua presen\u00e7a s\u00f3bria, <b>transmite eleg\u00e2ncia<\/b> e sofistica\u00e7\u00e3o, enquanto o rosa, com suas nuances suaves, traz <b>gentileza e leveza<\/b> ao ambiente. Juntas, essas cores criam um clima que \u00e9 ao mesmo tempo sereno e fascinante.<\/p>\n<h2>2. Versatilidade das Cores<\/h2>\n<h3>Como Utilizar em Diferentes Ambientes<\/h3>\n<figure style=\"width: 1024px\" class=\"wp-caption aligncenter\"><img decoding=\"async\" src=\"https:\/\/www.aarquiteta.com.br\/blog\/wp-content\/uploads\/2025\/01\/quarto-cinza-e-rosa01.jpg\" alt=\"40 Fotos de Quarto Cinza e Rosa para uma Decora\u00e7\u00e3o Chique e Delicada\" width=\"1024\" height=\"1024\" title=\"\"><figcaption class=\"wp-caption-text\">40 Fotos de Quarto Cinza e Rosa para uma Decora\u00e7\u00e3o Chique e Delicada<\/figcaption><\/figure>\n<p>Seja para um quarto infantil ou um espa\u00e7o para adultos, a combina\u00e7\u00e3o de <b>cinza e rosa<\/b> se adapta como uma luva. Voc\u00ea pode usar o cinza nas paredes e detalhes em rosa nos acess\u00f3rios, ou vice-versa, dependendo do seu estilo pessoal e da atmosfera que deseja criar.<\/p>\n<h2>3. Elementos de Decora\u00e7\u00e3o<\/h2>\n<h3>M\u00f3veis e Detalhes<\/h3>\n<figure style=\"width: 1024px\" class=\"wp-caption aligncenter\"><img decoding=\"async\" src=\"https:\/\/www.aarquiteta.com.br\/blog\/wp-content\/uploads\/2025\/01\/quarto-cinza-e-rosa-00.jpg\" alt=\"Foto de quarto cinza e rosa 1 - 1\" title=\"\"><figcaption class=\"wp-caption-text\">Foto de quarto cinza e rosa 1 &#8211; 1<\/figcaption><\/figure>\n<p>Os m\u00f3veis em cinza s\u00e3o como o fundo de uma <b>pintura<\/b>: eles fazem os detalhes em rosa se destacarem mais. Pense em uma cama cinza com almofadas rosa, ou uma cadeira rosa em um canto de leitura. Essa combina\u00e7\u00e3o cria um ponto focal e a sensa\u00e7\u00e3o de bem-estar.<\/p>\n<h2>4. Decora\u00e7\u00e3o Tem\u00e1tica<\/h2>\n<h3>Quartos Infantis e de Casal<\/h3>\n<figure style=\"width: 1024px\" class=\"wp-caption aligncenter\"><img decoding=\"async\" src=\"https:\/\/www.aarquiteta.com.br\/blog\/wp-content\/uploads\/2025\/01\/quarto-cinza-e-rosa02.jpg\" alt=\"40 Fotos de Quarto Cinza e Rosa para uma Decora\u00e7\u00e3o Chique e Delicada\" width=\"1024\" height=\"1024\" title=\"\"><figcaption class=\"wp-caption-text\">40 Fotos de Quarto Cinza e Rosa para uma Decora\u00e7\u00e3o Chique e Delicada<\/figcaption><\/figure>\n<p>No quarto infantil, o rosa pode ser usado nas paredes ou em papel de parede l\u00fadico, enquanto o cinza pode aparecer em m\u00f3veis e acess\u00f3rios. Para um quarto de casal, a escolha de um <b>quadro moderno<\/b> com esses tons pode adicionar um toque contempor\u00e2neo e atrativo.<\/p>\n<h2>5. Toques Especiais com Rosa<\/h2>\n<h3>Usando Diferentes Tonalidades<\/h3>\n<figure style=\"width: 1024px\" class=\"wp-caption aligncenter\"><img decoding=\"async\" src=\"https:\/\/www.aarquiteta.com.br\/blog\/wp-content\/uploads\/2025\/01\/quarto-cinza-e-rosa-1-730x912.jpg\" alt=\"Foto de quarto cinza e rosa 2 - 2\" title=\"\"><figcaption class=\"wp-caption-text\">Foto de quarto cinza e rosa 2 &#8211; 2<\/figcaption><\/figure>\n<p>A paleta de rosa \u00e9 vasta, variando do <b>p\u00e1lido ao vibrante<\/b>. Ao optar por um rosa mais ousado, voc\u00ea traz energia e dinamismo ao espa\u00e7o, enquanto as tonalidades mais suaves proporcionam um ambiente relaxante, ideal para dormir.<\/p>\n<h2>6. Dicas de Equil\u00edbrio e Estilo<\/h2>\n<h3>Harmonizando com Outras Cores<\/h3>\n<figure style=\"width: 1024px\" class=\"wp-caption aligncenter\"><img decoding=\"async\" src=\"https:\/\/www.aarquiteta.com.br\/blog\/wp-content\/uploads\/2025\/01\/quarto-cinza-e-rosa03.jpg\" alt=\"40 Fotos de Quarto Cinza e Rosa para uma Decora\u00e7\u00e3o Chique e Delicada\" width=\"1024\" height=\"1024\" title=\"\"><figcaption class=\"wp-caption-text\">40 Fotos de Quarto Cinza e Rosa para uma Decora\u00e7\u00e3o Chique e Delicada<\/figcaption><\/figure>\n<p>Para equilibrar o casal de cores, adicionar elementos neutros como <b>bege ou branco<\/b> pode ser uma excelente estrat\u00e9gia. Tudo deve se encaixar em uma dan\u00e7a harm\u00f4nica, onde cada cor tem seu espa\u00e7o e brilho.<\/p>\n<h2>7. A Import\u00e2ncia da Luz Natural<\/h2>\n<h3>Como a Luz Afeta Sua Decora\u00e7\u00e3o<\/h3>\n<figure style=\"width: 1024px\" class=\"wp-caption aligncenter\"><img decoding=\"async\" src=\"https:\/\/www.aarquiteta.com.br\/blog\/wp-content\/uploads\/2025\/01\/quarto-cinza-e-rosa-2-730x487.jpg\" alt=\"Foto de quarto cinza e rosa 3 - 3\" title=\"\"><figcaption class=\"wp-caption-text\">Foto de quarto cinza e rosa 3 &#8211; 3<\/figcaption><\/figure>\n<p>A luz natural \u00e9 uma aliada poderosa. Ela pode <b>real\u00e7ar as cores<\/b> e fazer com que o cinza se torne mais suave e o rosa mais vibrante. Certifique-se de que seu quarto tenha boa ilumina\u00e7\u00e3o, seja com janelas amplas ou luzes decorativas.<\/p>\n<h2>8. Elementos Sustent\u00e1veis<\/h2>\n<h3>Incorporando a Natureza na Decora\u00e7\u00e3o<\/h3>\n<figure style=\"width: 1024px\" class=\"wp-caption aligncenter\"><img decoding=\"async\" src=\"https:\/\/www.aarquiteta.com.br\/blog\/wp-content\/uploads\/2025\/01\/quarto-cinza-e-rosa4.jpg\" alt=\"40 Fotos de Quarto Cinza e Rosa para uma Decora\u00e7\u00e3o Chique e Delicada\" width=\"1024\" height=\"1024\" title=\"\"><figcaption class=\"wp-caption-text\">40 Fotos de Quarto Cinza e Rosa para uma Decora\u00e7\u00e3o Chique e Delicada<\/figcaption><\/figure>\n<p>Adicionar plantas ao seu espa\u00e7o n\u00e3o s\u00f3 proporciona frescor, mas tamb\u00e9m cria uma conex\u00e3o com a natureza. <b>Verde<\/b> harmoniza bem com cinza e rosa, tornando a atmosfera ainda mais aconchegante e revitalizante.<\/p>\n<h2>9. Acess\u00f3rios que Fazem a Diferen\u00e7a<\/h2>\n<h3>Objetos Decorativos e T\u00eaxteis<\/h3>\n<figure style=\"width: 1024px\" class=\"wp-caption aligncenter\"><img decoding=\"async\" src=\"https:\/\/www.aarquiteta.com.br\/blog\/wp-content\/uploads\/2025\/01\/quarto-cinza-e-rosa-3-730x487.jpg\" alt=\"Foto de quarto cinza e rosa 4 - 4\" title=\"\"><figcaption class=\"wp-caption-text\">Foto de quarto cinza e rosa 4 &#8211; 4<\/figcaption><\/figure>\n<p>N\u00e3o esque\u00e7a dos <b>acess\u00f3rios<\/b>: almofadas, tapetes e cortinas nas cores escolhidas podem dar aquele toque final. Eles t\u00eam o poder de transformar a sensa\u00e7\u00e3o do quarto sem a necessidade de grandes reformas.<\/p>\n<h2>10. Mantendo a Limpeza e Organiza\u00e7\u00e3o<\/h2>\n<h3>A Import\u00e2ncia do Espa\u00e7o Limpo<\/h3>\n<h3>Para se aprofundar mais sobre o tema, veja a minha recomenda\u00e7\u00e3o sobre o tema deste artigo no v\u00eddeo a seguir abaixo:<\/h3>\n<p><iframe title=\"YouTube video player\" src=\"https:\/\/www.youtube.com\/embed\/lZrsQot5OnI\" width=\"560\" height=\"315\" frameborder=\"0\" allowfullscreen=\"allowfullscreen\"><\/iframe><\/p>\n<p>Uma decora\u00e7\u00e3o linda precisa ser mantida. Ensine-se a <b>organizar<\/b> e cuidar bem dos seus objetos para que a beleza do ambiente seja sempre preservada. Um espa\u00e7o limpo e arrumado real\u00e7a ainda mais a combina\u00e7\u00e3o de cinza e rosa.<\/p>\n<h2>Conclus\u00e3o<\/h2>\n<p>Adotar a combina\u00e7\u00e3o de <b>cinza e rosa<\/b> em quartos \u00e9 uma forma de expressar um estilo pessoal que \u00e9 ao mesmo tempo elegante e acolhedor. Ao seguir estas dicas, voc\u00ea certamente criar\u00e1 um espa\u00e7o que n\u00e3o s\u00f3 reflete sua personalidade, mas que tamb\u00e9m se torna um ref\u00fagio para momentos de descanso e relaxamento.<\/p>\n<p><\/body><br \/>\n<figure style=\"width: 1024px\" class=\"wp-caption aligncenter\"><img decoding=\"async\" src=\"https:\/\/www.aarquiteta.com.br\/blog\/wp-content\/uploads\/2025\/01\/quarto-cinza-e-rosa-4.jpg\" alt=\"Foto de quarto cinza e rosa 5 - 5\" title=\"\"><figcaption class=\"wp-caption-text\">Foto de quarto cinza e rosa 5 &#8211; 5<\/figcaption><\/figure>\n","protected":false},"excerpt":{"rendered":"<p>Descubra 40 inspira\u00e7\u00f5es de quartos cinza e rosa que trazem uma decora\u00e7\u00e3o sofisticada e delicada para seu espa\u00e7o.<\/p>\n","protected":false},"author":102,"featured_media":140230,"comment_status":"closed","ping_status":"closed","sticky":false,"template":"","format":"standard","meta":{"footnotes":""},"categories":[1484],"tags":[],"class_list":["post-140237","post","type-post","status-publish","format-standard","has-post-thumbnail","category-decoracao"],"_wp_attached_file":null,"_wp_attachment_metadata":null,"_wp_attachment_context":null,"_wp_attachment_is_custom_header":null,"geo_longitude":null,"geo_public":null,"geo_latitude":null,"_publicize_done_external":null,"_wpas_done_3897181":null,"publicize_twitter_user":null,"_wpas_done_3897175":null,"_wpas_skip_3897181":null,"_wpas_skip_3897175":null,"_wpas_skip_3924723":null,"_wpas_mess":null,"_wpas_done_3924723":null,"wps_subtitle":"","_links":{"self":[{"href":"https:\/\/www.aarquiteta.com.br\/blog\/wp-json\/wp\/v2\/posts\/140237","targetHints":{"allow":["GET"]}}],"collection":[{"href":"https:\/\/www.aarquiteta.com.br\/blog\/wp-json\/wp\/v2\/posts"}],"about":[{"href":"https:\/\/www.aarquiteta.com.br\/blog\/wp-json\/wp\/v2\/types\/post"}],"author":[{"embeddable":true,"href":"https:\/\/www.aarquiteta.com.br\/blog\/wp-json\/wp\/v2\/users\/102"}],"replies":[{"embeddable":true,"href":"https:\/\/www.aarquiteta.com.br\/blog\/wp-json\/wp\/v2\/comments?post=140237"}],"version-history":[{"count":0,"href":"https:\/\/www.aarquiteta.com.br\/blog\/wp-json\/wp\/v2\/posts\/140237\/revisions"}],"wp:featuredmedia":[{"embeddable":true,"href":"https:\/\/www.aarquiteta.com.br\/blog\/wp-json\/wp\/v2\/media\/140230"}],"wp:attachment":[{"href":"https:\/\/www.aarquiteta.com.br\/blog\/wp-json\/wp\/v2\/media?parent=140237"}],"wp:term":[{"taxonomy":"category","embeddable":true,"href":"https:\/\/www.aarquiteta.com.br\/blog\/wp-json\/wp\/v2\/categories?post=140237"},{"taxonomy":"post_tag","embeddable":true,"href":"https:\/\/www.aarquiteta.com.br\/blog\/wp-json\/wp\/v2\/tags?post=140237"}],"curies":[{"name":"wp","href":"https:\/\/api.w.org\/{rel}","templated":true}]}}