{"id":140226,"date":"2025-01-11T11:00:18","date_gmt":"2025-01-11T14:00:18","guid":{"rendered":"https:\/\/www.aarquiteta.com.br\/blog\/sofa-preto\/"},"modified":"2025-01-11T11:00:18","modified_gmt":"2025-01-11T14:00:18","slug":"sofa-preto","status":"publish","type":"post","link":"https:\/\/www.aarquiteta.com.br\/blog\/sofa-preto\/","title":{"rendered":"Sof\u00e1 Preto: 10 Modelos para Decorar sua Sala de Estar"},"content":{"rendered":"<p><body><\/p>\n<p>Transformar sua sala de estar em um espa\u00e7o elegante e funcional \u00e9 f\u00e1cil com um sof\u00e1 preto, um m\u00f3vel vers\u00e1til que combina com diferentes estilos de decora\u00e7\u00e3o. Descubra dicas pr\u00e1ticas e ideias criativas para valorizar essa pe\u00e7a essencial.<\/p>\n<h2>Guia Definitivo Sobre Sof\u00e1s Pretos<\/h2>\n<h2>Contexto Breve: Principais T\u00f3picos<\/h2>\n<ul>\n<li><b>Estilos Diversos:<\/b> Abordaremos os diferentes tipos de sof\u00e1s pretos, desde os retr\u00e1teis at\u00e9 os cl\u00e1ssicos, ideal para todos os gostos.<\/li>\n<li><b>Combina\u00e7\u00f5es de Almofadas:<\/b> Dicas de como escolher almofadas que realcem a eleg\u00e2ncia do sof\u00e1 e tragam cor ao ambiente.<\/li>\n<li><b>Materiais e Manuten\u00e7\u00e3o:<\/b> Compara\u00e7\u00e3o entre os tecidos dispon\u00edveis, como couro e suede, e suas particularidades.<\/li>\n<li><b>Escolha do Tamanho:<\/b> A import\u00e2ncia de medir o espa\u00e7o para garantir que o sof\u00e1 se encaixe perfeitamente na sua sala.<\/li>\n<li><b>Decora\u00e7\u00e3o Aconchegante:<\/b> Sugest\u00f5es de acess\u00f3rios que combinam com o sof\u00e1 preto e como us\u00e1-los na sua decora\u00e7\u00e3o.<\/li>\n<li><b>Conforto em Primeiro Lugar:<\/b> Conquistando a ergonomia perfeita para momentos de descontra\u00e7\u00e3o com a fam\u00edlia.<\/li>\n<\/ul>\n<h2>Estilos de Sof\u00e1 Preto<\/h2>\n<p>O sof\u00e1 preto n\u00e3o \u00e9 apenas um m\u00f3vel, mas um verdadeiro statement na sala. Sua <b>versatilidade<\/b> permite o uso em diversos estilos de decora\u00e7\u00e3o, desde o <b>cl\u00e1ssico<\/b> ao <b>moderno<\/b>. Com um sof\u00e1 preto, voc\u00ea tem um ponto de partida ideal para ousar nas combina\u00e7\u00f5es.<\/p>\n<h3>Sof\u00e1 Retr\u00e1til<\/h3>\n<figure style=\"width: 1024px\" class=\"wp-caption aligncenter\"><img decoding=\"async\" src=\"https:\/\/www.aarquiteta.com.br\/blog\/wp-content\/uploads\/2025\/01\/sofa-preto-5.jpg\" alt=\"Inclua almofadas coloridas para o sof\u00e1 preto.\" title=\"\"><figcaption class=\"wp-caption-text\">Inclua almofadas coloridas para o sof\u00e1 preto.<\/figcaption><\/figure>\n<p>Os sof\u00e1s retr\u00e1teis s\u00e3o a sensa\u00e7\u00e3o em qualquer sala! Eles oferecem n\u00e3o s\u00f3 conforto, mas tamb\u00e9m a <b>praticidade<\/b> de se adequar ao tamanho do ambiente. A flexibilidade que esse tipo de sof\u00e1 proporciona \u00e9 um convite para receber amigos ou mesmo para aquelas sonecas depois do almo\u00e7o.<\/p>\n<h3>Sof\u00e1 de Canto<\/h3>\n<figure style=\"width: 1024px\" class=\"wp-caption aligncenter\"><img decoding=\"async\" src=\"https:\/\/www.aarquiteta.com.br\/blog\/wp-content\/uploads\/2025\/01\/sofa-preto01.jpg\" alt=\"Sof\u00e1 Preto: 50 Modelos para Decorar sua Sala de Estar\" width=\"1024\" height=\"1024\" title=\"\"><figcaption class=\"wp-caption-text\">Sof\u00e1 Preto: 50 Modelos para Decorar sua Sala de Estar<\/figcaption><\/figure>\n<p>Uma das op\u00e7\u00f5es mais inteligentes para aproveitar o espa\u00e7o \u00e9 o sof\u00e1 de canto. Ele transforma qualquer cantinho em um lugar aconchegante para a fam\u00edlia. Al\u00e9m disso, esses sof\u00e1s permitem criar uma <b>atmosfera intimista<\/b> para momentos especiais, como uma sess\u00e3o de filme em casa.<\/p>\n<h3>Sof\u00e1 Cl\u00e1ssico vs. Sof\u00e1 Moderno<\/h3>\n<figure style=\"width: 1024px\" class=\"wp-caption aligncenter\"><img decoding=\"async\" src=\"https:\/\/www.aarquiteta.com.br\/blog\/wp-content\/uploads\/2025\/01\/sofa-preto.jpg\" alt=\"O sof\u00e1 \u00e9 um dos m\u00f3veis mais importantes na hora de decorar a sala de estar.\" title=\"\"><figcaption class=\"wp-caption-text\">O sof\u00e1 \u00e9 um dos m\u00f3veis mais importantes na hora de decorar a sala de estar.<\/figcaption><\/figure>\n<p>Quando falamos de sof\u00e1s pretos, \u00e9 imposs\u00edvel ignorar a dualidade entre o cl\u00e1ssico e o moderno. Um sofa cl\u00e1ssico traz um <b>charme atemporal<\/b>, enquanto o moderno pode ser arrojado e ousado. Ambas as op\u00e7\u00f5es t\u00eam seu espa\u00e7o e podem brincar com a decora\u00e7\u00e3o ao redor.<\/p>\n<h2>A Combina\u00e7\u00e3o Perfeita com Almofadas<\/h2>\n<p>As almofadas s\u00e3o como a cereja do bolo na decora\u00e7\u00e3o. Um sof\u00e1 preto permite uma infinidade de <b>combina\u00e7\u00f5es vibrantes<\/b>. Seja pela adi\u00e7\u00e3o de almofadas coloridas ou com estampas divertidas, o importante \u00e9 criar um visual que dialogue com o resto da sala.<\/p>\n<h3>Almofadas Coloridas<\/h3>\n<figure style=\"width: 1024px\" class=\"wp-caption aligncenter\"><img decoding=\"async\" src=\"https:\/\/www.aarquiteta.com.br\/blog\/wp-content\/uploads\/2025\/01\/sofa-preto02.jpg\" alt=\"Sof\u00e1 Preto: 50 Modelos para Decorar sua Sala de Estar\" width=\"1024\" height=\"1024\" title=\"\"><figcaption class=\"wp-caption-text\">Sof\u00e1 Preto: 50 Modelos para Decorar sua Sala de Estar<\/figcaption><\/figure>\n<p><b>Adicionar um toque de cor<\/b> \u00e9 simples com almofadas! Usar cores complementares ou at\u00e9 mesmo contrastantes pode energizar o espa\u00e7o e torn\u00e1-lo mais descontra\u00eddo. Por exemplo, um sof\u00e1 preto com almofadas amarelas ou verdes pode trazer um frescor incr\u00edvel ao ambiente.<\/p>\n<h3>Mistura de Estampas<\/h3>\n<figure style=\"width: 1024px\" class=\"wp-caption aligncenter\"><img decoding=\"async\" src=\"https:\/\/www.aarquiteta.com.br\/blog\/wp-content\/uploads\/2025\/01\/sofa-preto-3.jpg\" alt=\"Este sof\u00e1 preto retr\u00e1til comporta at\u00e9 duas pessoas.\" title=\"\"><figcaption class=\"wp-caption-text\">Este sof\u00e1 preto retr\u00e1til comporta at\u00e9 duas pessoas.<\/figcaption><\/figure>\n<p>A ousadia \u00e9 a chave! Misturar diferentes <b>estampas<\/b> nas almofadas pode gerar um efeito visual surpreendente. Combine padr\u00f5es geom\u00e9tricos, florais ou at\u00e9 mesmo texturas diferentes, sempre harmonizando com a cor do sof\u00e1 e outros m\u00f3veis da sala.<\/p>\n<h2>Materiais do Sof\u00e1 Preto<\/h2>\n<p>A escolha do material \u00e9 fundamental para garantir a <b>durabilidade<\/b> e a est\u00e9tica do seu sof\u00e1. Cada material tem suas vantagens e desvantagens, e entender isso pode ajudar na decis\u00e3o final.<\/p>\n<h3>Couro vs. Suede<\/h3>\n<figure style=\"width: 1024px\" class=\"wp-caption aligncenter\"><img decoding=\"async\" src=\"https:\/\/www.aarquiteta.com.br\/blog\/wp-content\/uploads\/2025\/01\/sofa-preto03.jpg\" alt=\"Sof\u00e1 Preto: 50 Modelos para Decorar sua Sala de Estar\" width=\"1024\" height=\"1024\" title=\"\"><figcaption class=\"wp-caption-text\">Sof\u00e1 Preto: 50 Modelos para Decorar sua Sala de Estar<\/figcaption><\/figure>\n<p>O couro \u00e9 conhecido por sua <b>eleg\u00e2ncia e resist\u00eancia<\/b>, al\u00e9m de ser mais f\u00e1cil de limpar. J\u00e1 o suede oferece um toque suave e sofisticado, ideal para aqueles dias de frio, mas sua manuten\u00e7\u00e3o \u00e9 um pouco mais trabalhosa. Conhecer as particularidades de cada um \u00e9 essencial na hora da escolha.<\/p>\n<h3>Estilo e Manuten\u00e7\u00e3o<\/h3>\n<figure style=\"width: 1024px\" class=\"wp-caption aligncenter\"><img decoding=\"async\" src=\"https:\/\/www.aarquiteta.com.br\/blog\/wp-content\/uploads\/2025\/01\/sofa-preto-2-960x1200.jpg\" alt=\"O modelo escuro combina com qualquer estilo.\" title=\"\"><figcaption class=\"wp-caption-text\">O modelo escuro combina com qualquer estilo.<\/figcaption><\/figure>\n<p>Independentemente do material escolhido, a <b>manuten\u00e7\u00e3o<\/b> deve ser sempre considerada. Um sof\u00e1 em couro pode ser limpo com um pano \u00famido, enquanto o suede pode exigir produtos espec\u00edficos. Mantenha seu sof\u00e1 sempre limpo para garantir beleza e durabilidade.<\/p>\n<h2>Como Escolher o Tamanho Ideal<\/h2>\n<p>Um sof\u00e1 perfeito deve se encaixar como uma luva no seu espa\u00e7o. A escolha do <b>tamanho<\/b> \u00e9 crucial para garantir um ambiente harmonioso e funcional.<\/p>\n<h3>Medindo o Espa\u00e7o<\/h3>\n<figure style=\"width: 1024px\" class=\"wp-caption aligncenter\"><img decoding=\"async\" src=\"https:\/\/www.aarquiteta.com.br\/blog\/wp-content\/uploads\/2025\/01\/sofa-preto4.jpg\" alt=\"Sof\u00e1 Preto: 50 Modelos para Decorar sua Sala de Estar\" width=\"1024\" height=\"1024\" title=\"\"><figcaption class=\"wp-caption-text\">Sof\u00e1 Preto: 50 Modelos para Decorar sua Sala de Estar<\/figcaption><\/figure>\n<p>Antes de qualquer compra, pegue a <b>fita m\u00e9trica<\/b> e comece a medir! \u00c9 fundamental entender quanto espa\u00e7o realmente temos, levando em conta a circula\u00e7\u00e3o e o layout da sala. Um sof\u00e1 muito grande pode tornar o ambiente claustrof\u00f3bico, enquanto um muito pequeno pode parecer perdido no espa\u00e7o.<\/p>\n<h3>Sof\u00e1s para Fam\u00edlias Grandes<\/h3>\n<figure style=\"width: 1024px\" class=\"wp-caption aligncenter\"><img decoding=\"async\" src=\"https:\/\/www.aarquiteta.com.br\/blog\/wp-content\/uploads\/2025\/01\/sofa-preto-1.jpg\" alt=\"Desde o mais cl\u00e1ssico.\" title=\"\"><figcaption class=\"wp-caption-text\">Desde o mais cl\u00e1ssico.<\/figcaption><\/figure>\n<p>Se voc\u00ea tem uma fam\u00edlia grande ou gosta de receber amigos, um sof\u00e1 que acomode a todos \u00e9 um <b>must have<\/b>. Optar por modelos modular ou retr\u00e1til pode ser uma solu\u00e7\u00e3o pr\u00e1tica. Pense em como seu sof\u00e1 pode ser funcional sem comprometer o conforto de todos.<\/p>\n<h2>Ideias de Decora\u00e7\u00e3o para Acompanhar o Sof\u00e1 Preto<\/h2>\n<p>A decora\u00e7\u00e3o ao redor do sof\u00e1 \u00e9 t\u00e3o importante quanto ele mesmo. \u00c9 incr\u00edvel como <b>detalhes simples<\/b> podem elevar o ambiente a outro n\u00edvel.<\/p>\n<h3>Mantas e Acess\u00f3rios<\/h3>\n<h3>Para se aprofundar mais sobre o tema, veja a minha recomenda\u00e7\u00e3o sobre o tema deste artigo no v\u00eddeo a seguir abaixo:<\/h3>\n<p><iframe title=\"YouTube video player\" src=\"https:\/\/www.youtube.com\/embed\/w1yvoTMVe6M\" width=\"560\" height=\"315\" frameborder=\"0\" allowfullscreen=\"allowfullscreen\"><\/iframe><\/p>\n<p>Incluir mantas no sof\u00e1 traz aconchego e \u00e9 uma \u00f3tima maneira de personalizar o visual. Um sof\u00e1 preto com uma <b>manta colorida<\/b> ou texturizada pode ser um belo ponto focal na sala, promovendo aquele aspecto acolhedor.<\/p>\n<h3>Combinando com a Paleta de Cores da Sala<\/h3>\n<figure style=\"width: 1024px\" class=\"wp-caption aligncenter\"><img decoding=\"async\" src=\"https:\/\/www.aarquiteta.com.br\/blog\/wp-content\/uploads\/2025\/01\/sofa-preto-4-960x1200.jpg\" alt=\"At\u00e9 o mais despojado.\" title=\"\"><figcaption class=\"wp-caption-text\">At\u00e9 o mais despojado.<\/figcaption><\/figure>\n<p>Harmonizar o sof\u00e1 preto com a paleta de cores da sala \u00e9 essencial. Considere as <b>cores das paredes<\/b>, m\u00f3veis e acess\u00f3rios ao redor. Um sof\u00e1 preto pode funcionar como um excelente pano de fundo para cores vibrantes ou padr\u00f5es mais suaves e delicados.<\/p>\n<h2>Considerando o Conforto<\/h2>\n<p>Conforto \u00e9 a palavra de ordem quando falamos de sof\u00e1s. Um sof\u00e1 deve ser um convite a relaxar ap\u00f3s um longo dia.<\/p>\n<h3>Escolhendo o N\u00edvel de Conforto<\/h3>\n<p>Priorize modelos que ofere\u00e7am uma boa <b>ergonomia<\/b>. Testar o sof\u00e1 pessoalmente \u00e9 sempre o melhor caminho, j\u00e1 que cada pessoa tem suas pr\u00f3prias prefer\u00eancias quanto a densidade de espuma e firmeza.<\/p>\n<h3>Longas Sess\u00f5es de TV com a Fam\u00edlia<\/h3>\n<p>Se voc\u00ea e sua fam\u00edlia s\u00e3o adeptos de maratonas de s\u00e9ries, escolher um sof\u00e1 com espa\u00e7o suficiente e muito conforto \u00e9 essencial. Uma <b>zona de conforto<\/b> com almofadas e mantas faz toda a diferen\u00e7a na hora de curtir um filme junto com quem amamos.<\/p>\n<h2>Conclus\u00e3o<\/h2>\n<p>Acertar na escolha de um sof\u00e1 preto \u00e9 um passo fundamental para criar um ambiente estiloso e aconchegante em sua sala de estar. Com as dicas que compartilhei, espero que voc\u00ea se sinta mais seguro para tomar essa decis\u00e3o. Lembre-se: o sof\u00e1 preto \u00e9 mais do que um m\u00f3vel, \u00e9 o cora\u00e7\u00e3o do seu lar.<\/p>\n<p><\/body><\/p>\n","protected":false},"excerpt":{"rendered":"<p>Descubra 50 modelos de sof\u00e1 preto que trazem estilo e conforto para sua sala de estar. Escolha o ideal para seu espa\u00e7o!<\/p>\n","protected":false},"author":102,"featured_media":140217,"comment_status":"closed","ping_status":"closed","sticky":false,"template":"","format":"standard","meta":{"footnotes":""},"categories":[1484],"tags":[],"class_list":["post-140226","post","type-post","status-publish","format-standard","has-post-thumbnail","category-decoracao"],"_wp_attached_file":null,"_wp_attachment_metadata":null,"_wp_attachment_context":null,"_wp_attachment_is_custom_header":null,"geo_longitude":null,"geo_public":null,"geo_latitude":null,"_publicize_done_external":null,"_wpas_done_3897181":null,"publicize_twitter_user":null,"_wpas_done_3897175":null,"_wpas_skip_3897181":null,"_wpas_skip_3897175":null,"_wpas_skip_3924723":null,"_wpas_mess":null,"_wpas_done_3924723":null,"wps_subtitle":"","_links":{"self":[{"href":"https:\/\/www.aarquiteta.com.br\/blog\/wp-json\/wp\/v2\/posts\/140226","targetHints":{"allow":["GET"]}}],"collection":[{"href":"https:\/\/www.aarquiteta.com.br\/blog\/wp-json\/wp\/v2\/posts"}],"about":[{"href":"https:\/\/www.aarquiteta.com.br\/blog\/wp-json\/wp\/v2\/types\/post"}],"author":[{"embeddable":true,"href":"https:\/\/www.aarquiteta.com.br\/blog\/wp-json\/wp\/v2\/users\/102"}],"replies":[{"embeddable":true,"href":"https:\/\/www.aarquiteta.com.br\/blog\/wp-json\/wp\/v2\/comments?post=140226"}],"version-history":[{"count":0,"href":"https:\/\/www.aarquiteta.com.br\/blog\/wp-json\/wp\/v2\/posts\/140226\/revisions"}],"wp:featuredmedia":[{"embeddable":true,"href":"https:\/\/www.aarquiteta.com.br\/blog\/wp-json\/wp\/v2\/media\/140217"}],"wp:attachment":[{"href":"https:\/\/www.aarquiteta.com.br\/blog\/wp-json\/wp\/v2\/media?parent=140226"}],"wp:term":[{"taxonomy":"category","embeddable":true,"href":"https:\/\/www.aarquiteta.com.br\/blog\/wp-json\/wp\/v2\/categories?post=140226"},{"taxonomy":"post_tag","embeddable":true,"href":"https:\/\/www.aarquiteta.com.br\/blog\/wp-json\/wp\/v2\/tags?post=140226"}],"curies":[{"name":"wp","href":"https:\/\/api.w.org\/{rel}","templated":true}]}}