{"id":140183,"date":"2025-01-10T17:55:12","date_gmt":"2025-01-10T20:55:12","guid":{"rendered":"https:\/\/www.aarquiteta.com.br\/blog\/macrame\/"},"modified":"2025-01-10T17:55:12","modified_gmt":"2025-01-10T20:55:12","slug":"macrame","status":"publish","type":"post","link":"https:\/\/www.aarquiteta.com.br\/blog\/macrame\/","title":{"rendered":"Macram\u00ea: tutoriais e 10 ideias criativas para conhecer a t\u00e9cnica"},"content":{"rendered":"<p><body><\/p>\n<p>O macram\u00ea \u00e9 uma t\u00e9cnica milenar de artesanato que retorna com for\u00e7a total, permitindo a cria\u00e7\u00e3o de objetos decorativos e acess\u00f3rios incr\u00edveis. Aprender macram\u00ea pode ser uma forma relaxante de expressar sua criatividade enquanto embeleza seus espa\u00e7os.<\/p>\n<h2>Introdu\u00e7\u00e3o ao Macram\u00ea<\/h2>\n<p>O <b>macram\u00ea<\/b> \u00e9 uma arte de entrela\u00e7ar fios para criar pe\u00e7as \u00fanicas. Para mim, essa pr\u00e1tica vai al\u00e9m do simples ato de fazer; \u00e9 uma forma de se conectar com a criatividade e o que h\u00e1 de mais belo. \u00c9 ideal tanto para iniciantes como para quem j\u00e1 tem suas habilidades afiadas, oferecendo um leque de possibilidades que vai de suportes de plantas a roupas e acess\u00f3rios.<\/p>\n<h2>Tutoriais Pr\u00e1ticos para Iniciantes<\/h2>\n<h3>Aprendendo os Pontos B\u00e1sicos<\/h3>\n<figure style=\"width: 1024px\" class=\"wp-caption aligncenter\"><img decoding=\"async\" src=\"https:\/\/www.aarquiteta.com.br\/blog\/wp-content\/uploads\/2025\/01\/macrame-5-959x1200.jpg\" alt=\"Imagem de pulseira feita em macram\u00ea.\" title=\"\"><figcaption class=\"wp-caption-text\">Imagem de pulseira feita em macram\u00ea.<\/figcaption><\/figure>\n<p>Quando comecei, me deparei com a vastid\u00e3o de pontos e n\u00f3s no macram\u00ea. Os <b>n\u00f3s b\u00e1sicos<\/b> como o n\u00f3 simples e o n\u00f3 quadrado s\u00e3o fundamentais. Existem v\u00e1rios tutoriais de v\u00eddeo dispon\u00edveis que conseguem ensinar, passo a passo, como dominar esses pontos. Esses v\u00eddeos s\u00e3o como guias autoexplicativos que te guiam de forma divertida e descontra\u00edda.<\/p>\n<h3>Projetos Simples para Come\u00e7ar<\/h3>\n<figure style=\"width: 1024px\" class=\"wp-caption aligncenter\"><img decoding=\"async\" src=\"https:\/\/www.aarquiteta.com.br\/blog\/wp-content\/uploads\/2025\/01\/macrame01.jpg\" alt=\"Macram\u00ea: tutoriais e 60 ideias criativas para conhecer a t\u00e9cnica\" width=\"1024\" height=\"1024\" title=\"\"><figcaption class=\"wp-caption-text\">Macram\u00ea: tutoriais e 60 ideias criativas para conhecer a t\u00e9cnica<\/figcaption><\/figure>\n<p>Uma \u00f3tima maneira de iniciar na arte do macram\u00ea \u00e9 tentar projetos simples, como um <b>suporte para plantas<\/b> ou uma pulseira fashion. Esses projetos n\u00e3o s\u00f3 ajudam a praticar os n\u00f3s que voc\u00ea aprendeu, mas tamb\u00e9m trazem um senso de realiza\u00e7\u00e3o. \u00c0s vezes, eu mesmo fico surpreso com o resultado. \u00c9 um orgulho dar vida a um novo objeto apenas entrela\u00e7ando algumas cordas!<\/p>\n<h2>Decora\u00e7\u00f5es Criativas com Macram\u00ea<\/h2>\n<h3>Fl\u00e2mulas Decorativas<\/h3>\n<figure style=\"width: 1024px\" class=\"wp-caption aligncenter\"><img decoding=\"async\" src=\"https:\/\/www.aarquiteta.com.br\/blog\/wp-content\/uploads\/2025\/01\/macrame.jpg\" alt=\"Adentro Ateli\u00ea\" title=\"\"><figcaption class=\"wp-caption-text\">Adentro Ateli\u00ea<\/figcaption><\/figure>\n<p>As fl\u00e2mulas de macram\u00ea est\u00e3o super em alta! Al\u00e9m de serem um \u00f3timo elemento decorativo, elas proporcionam um ar <b>acolhedor e r\u00fastico<\/b> aos ambientes. Eu adoro como elas podem transformar um espa\u00e7o sem muito esfor\u00e7o. A primeira vez que fiz uma, senti que era como dar um toque art\u00edstico a uma tela em branco.<\/p>\n<h3>Decora\u00e7\u00e3o de Chinelos e Acess\u00f3rios<\/h3>\n<figure style=\"width: 1024px\" class=\"wp-caption aligncenter\"><img decoding=\"async\" src=\"https:\/\/www.aarquiteta.com.br\/blog\/wp-content\/uploads\/2025\/01\/macrame02.jpg\" alt=\"Macram\u00ea: tutoriais e 60 ideias criativas para conhecer a t\u00e9cnica\" width=\"1024\" height=\"1024\" title=\"\"><figcaption class=\"wp-caption-text\">Macram\u00ea: tutoriais e 60 ideias criativas para conhecer a t\u00e9cnica<\/figcaption><\/figure>\n<p>Quem diria que um chinelo simples poderia ganhar novo visual? Aprendi a dar um toque especial nos chinelos usando a t\u00e9cnica de <b>macram\u00ea<\/b>. Com apenas alguns fios coloridos, transformei um item cotidiano em uma pe\u00e7a \u00fanica e estilosa. Porque, vamos ser sinceros, quem n\u00e3o quer arrasar com estilo, mesmo nos dias de descanso?<\/p>\n<h2>Inspira\u00e7\u00e3o em Macram\u00ea: 60 Ideias Criativas<\/h2>\n<p>Para os mais criativos, garanto que h\u00e1 um mundo de ideias que podem ser exploradas com macram\u00ea. Uma galeria inspiradora repleta de <b>60 ideias<\/b>, desde cortinas at\u00e9 acess\u00f3rios de moda, que v\u00e3o fazer qualquer um querer se jogar nessa t\u00e9cnica. \u00c9 como entrar em uma galeria de arte onde cada pe\u00e7a grita &#8220;fa\u00e7a-me voc\u00ea tamb\u00e9m!&#8221;.<\/p>\n<h2>Benef\u00edcios da Pr\u00e1tica do Macram\u00ea<\/h2>\n<p>Al\u00e9m do aspecto est\u00e9tico, n\u00e3o podemos esquecer dos benef\u00edcios terap\u00eauticos que a pr\u00e1tica do macram\u00ea pode trazer. M\u00e3os \u00e0 obra! O <b>macram\u00ea<\/b> proporciona um tempo de descontra\u00e7\u00e3o, permitindo que a mente se desligue dos estresses do dia a dia. \u00c9 ineg\u00e1vel que essa pr\u00e1tica pode ser uma forma refrescante de ter um tempo para si mesmo.<\/p>\n<h2>Conclus\u00e3o: D\u00ea Vida \u00e0 sua Criatividade com Macram\u00ea<\/h2>\n<p>Ao final de tudo, macram\u00ea \u00e9 uma forma perfeita de <b>pressionar pausa<\/b> e dar uma pausa nas corridas do cotidiano. Reconectar-se com a criatividade, criar decora\u00e7\u00f5es personalizadas e, de quebra, ainda relaxar \u2013 \u00e9 um combo imperd\u00edvel! Ent\u00e3o, pegue seus materiais, re\u00fana amigos ou fa\u00e7a uma sess\u00e3o solo e comece a explorar as infinitas possibilidades do mundo do macram\u00ea. N\u00e3o espere mais e arrisque-se, quem sabe voc\u00ea n\u00e3o descobre um novo talento?<\/p>\n<p><\/body><br \/>\n<figure style=\"width: 1024px\" class=\"wp-caption aligncenter\"><img decoding=\"async\" src=\"https:\/\/www.aarquiteta.com.br\/blog\/wp-content\/uploads\/2025\/01\/macrame-1-960x1200.jpg\" alt=\"Katharina Barkmeyer\" title=\"\"><figcaption class=\"wp-caption-text\">Katharina Barkmeyer<\/figcaption><\/figure>\n<figure style=\"width: 1024px\" class=\"wp-caption aligncenter\"><img decoding=\"async\" src=\"https:\/\/www.aarquiteta.com.br\/blog\/wp-content\/uploads\/2025\/01\/macrame03.jpg\" alt=\"Macram\u00ea: tutoriais e 60 ideias criativas para conhecer a t\u00e9cnica\" width=\"1024\" height=\"1024\" title=\"\"><figcaption class=\"wp-caption-text\">Macram\u00ea: tutoriais e 60 ideias criativas para conhecer a t\u00e9cnica<\/figcaption><\/figure>\n<figure style=\"width: 1024px\" class=\"wp-caption aligncenter\"><img decoding=\"async\" src=\"https:\/\/www.aarquiteta.com.br\/blog\/wp-content\/uploads\/2025\/01\/macrame-2-960x1200.jpg\" alt=\"Com revis\u00e3o da Arq. Andressa Oliveira\" title=\"\"><figcaption class=\"wp-caption-text\">Com revis\u00e3o da Arq. Andressa Oliveira<\/figcaption><\/figure>\n<figure style=\"width: 1024px\" class=\"wp-caption aligncenter\"><img decoding=\"async\" src=\"https:\/\/www.aarquiteta.com.br\/blog\/wp-content\/uploads\/2025\/01\/macrame4.jpg\" alt=\"Macram\u00ea: tutoriais e 60 ideias criativas para conhecer a t\u00e9cnica\" width=\"1024\" height=\"1024\" title=\"\"><figcaption class=\"wp-caption-text\">Macram\u00ea: tutoriais e 60 ideias criativas para conhecer a t\u00e9cnica<\/figcaption><\/figure>\n<figure style=\"width: 1024px\" class=\"wp-caption aligncenter\"><img decoding=\"async\" src=\"https:\/\/www.aarquiteta.com.br\/blog\/wp-content\/uploads\/2025\/01\/macrame-3.jpg\" alt=\"S\u00e3o 60 imagens de macram\u00ea.\" title=\"\"><figcaption class=\"wp-caption-text\">S\u00e3o 60 imagens de macram\u00ea.<\/figcaption><\/figure>\n<h3>Para se aprofundar mais sobre o tema, veja a minha recomenda\u00e7\u00e3o sobre o tema deste artigo no v\u00eddeo a seguir abaixo:<\/h3>\n<p><iframe title=\"YouTube video player\" src=\"https:\/\/www.youtube.com\/embed\/iy8ssgJzfuA\" width=\"560\" height=\"315\" frameborder=\"0\" allowfullscreen=\"allowfullscreen\"><\/iframe><\/p>\n<figure style=\"width: 1024px\" class=\"wp-caption aligncenter\"><img decoding=\"async\" src=\"https:\/\/www.aarquiteta.com.br\/blog\/wp-content\/uploads\/2025\/01\/macrame-4-1.jpg\" alt=\"Imagem de um pequeno objeto decorativo em macram\u00ea.\" title=\"\"><figcaption class=\"wp-caption-text\">Imagem de um pequeno objeto decorativo em macram\u00ea.<\/figcaption><\/figure>\n","protected":false},"excerpt":{"rendered":"<p>Aprenda sobre a t\u00e9cnica de macram\u00ea com tutoriais e 60 ideias inspiradoras para criar decora\u00e7\u00f5es \u00fanicas e manuais.<\/p>\n","protected":false},"author":102,"featured_media":140173,"comment_status":"closed","ping_status":"closed","sticky":false,"template":"","format":"standard","meta":{"footnotes":""},"categories":[1484],"tags":[],"class_list":["post-140183","post","type-post","status-publish","format-standard","has-post-thumbnail","category-decoracao"],"_wp_attached_file":null,"_wp_attachment_metadata":null,"_wp_attachment_context":null,"_wp_attachment_is_custom_header":null,"geo_longitude":null,"geo_public":null,"geo_latitude":null,"_publicize_done_external":null,"_wpas_done_3897181":null,"publicize_twitter_user":null,"_wpas_done_3897175":null,"_wpas_skip_3897181":null,"_wpas_skip_3897175":null,"_wpas_skip_3924723":null,"_wpas_mess":null,"_wpas_done_3924723":null,"wps_subtitle":"","_links":{"self":[{"href":"https:\/\/www.aarquiteta.com.br\/blog\/wp-json\/wp\/v2\/posts\/140183","targetHints":{"allow":["GET"]}}],"collection":[{"href":"https:\/\/www.aarquiteta.com.br\/blog\/wp-json\/wp\/v2\/posts"}],"about":[{"href":"https:\/\/www.aarquiteta.com.br\/blog\/wp-json\/wp\/v2\/types\/post"}],"author":[{"embeddable":true,"href":"https:\/\/www.aarquiteta.com.br\/blog\/wp-json\/wp\/v2\/users\/102"}],"replies":[{"embeddable":true,"href":"https:\/\/www.aarquiteta.com.br\/blog\/wp-json\/wp\/v2\/comments?post=140183"}],"version-history":[{"count":0,"href":"https:\/\/www.aarquiteta.com.br\/blog\/wp-json\/wp\/v2\/posts\/140183\/revisions"}],"wp:featuredmedia":[{"embeddable":true,"href":"https:\/\/www.aarquiteta.com.br\/blog\/wp-json\/wp\/v2\/media\/140173"}],"wp:attachment":[{"href":"https:\/\/www.aarquiteta.com.br\/blog\/wp-json\/wp\/v2\/media?parent=140183"}],"wp:term":[{"taxonomy":"category","embeddable":true,"href":"https:\/\/www.aarquiteta.com.br\/blog\/wp-json\/wp\/v2\/categories?post=140183"},{"taxonomy":"post_tag","embeddable":true,"href":"https:\/\/www.aarquiteta.com.br\/blog\/wp-json\/wp\/v2\/tags?post=140183"}],"curies":[{"name":"wp","href":"https:\/\/api.w.org\/{rel}","templated":true}]}}