{"id":140149,"date":"2025-01-10T15:50:58","date_gmt":"2025-01-10T18:50:58","guid":{"rendered":"https:\/\/www.aarquiteta.com.br\/blog\/desvendando-lareira-ecologica-guia-iniciantes\/"},"modified":"2025-01-10T15:50:58","modified_gmt":"2025-01-10T18:50:58","slug":"desvendando-lareira-ecologica-guia-iniciantes","status":"publish","type":"post","link":"https:\/\/www.aarquiteta.com.br\/blog\/desvendando-lareira-ecologica-guia-iniciantes\/","title":{"rendered":"Desvendando a Lareira Ecol\u00f3gica: Guia para Iniciantes"},"content":{"rendered":"<p>Descubra tudo sobre a lareira ecol\u00f3gica, uma alternativa sustent\u00e1vel e moderna para aquecer sua casa, sem a necessidade de chamin\u00e9s e com baixo impacto ambiental.<\/p>\n<h2>Destaques principais<\/h2>\n<ul>\n<li><b>O que \u00e9 uma Lareira Ecol\u00f3gica?<\/b> &#8211; Uma solu\u00e7\u00e3o inovadora que utiliza combust\u00edveis sustent\u00e1veis para aquecer ambientes de forma eficiente e sem polui\u00e7\u00e3o.<\/li>\n<li><b>Vantagens da Lareira Ecol\u00f3gica<\/b> &#8211; Conhe\u00e7a os benef\u00edcios, como a sustentabilidade, facilidade de instala\u00e7\u00e3o e design moderno que se adapta a qualquer espa\u00e7o.<\/li>\n<li><b>Cuidados e Manuten\u00e7\u00e3o<\/b> &#8211; Dicas essenciais para manter sua lareira ecol\u00f3gica em perfeito estado e garantir sua durabilidade.<\/li>\n<\/ul>\n<h2>O que \u00e9 uma Lareira Ecol\u00f3gica?<\/h2>\n<p>A <b>lareira ecol\u00f3gica<\/b> \u00e9 uma alternativa inovadora e sustent\u00e1vel para aquecer ambientes. Diferente das lareiras tradicionais, que necessitam de chamin\u00e9s e podem liberar fuma\u00e7a e poluentes, as lareiras ecol\u00f3gicas utilizam combust\u00edveis como o <b>bioetanol<\/b> e o <b>\u00e1lcool gel<\/b>. Isso n\u00e3o s\u00f3 reduz o impacto ambiental, mas tamb\u00e9m proporciona uma experi\u00eancia de aquecimento mais limpa e pr\u00e1tica.<\/p>\n<h2>Vantagens da Lareira Ecol\u00f3gica<\/h2>\n<p>As lareiras ecol\u00f3gicas t\u00eam se tornado cada vez mais populares, e n\u00e3o \u00e9 \u00e0 toa. Vamos explorar algumas de suas principais vantagens:<\/p>\n<h3>1. Sustentabilidade<\/h3>\n<figure style=\"width: 1024px\" class=\"wp-caption aligncenter\"><img decoding=\"async\" src=\"https:\/\/www.aarquiteta.com.br\/blog\/wp-content\/uploads\/2025\/01\/desvendando-lareira-ecologica-guia-iniciantes04.jpg\" alt=\"Desvendando a Lareira Ecol\u00f3gica: Guia para Iniciantes\" width=\"1024\" height=\"1024\" title=\"\"><figcaption class=\"wp-caption-text\">Desvendando a Lareira Ecol\u00f3gica: Guia para Iniciantes<\/figcaption><\/figure>\n<p>Uma das maiores vantagens das lareiras ecol\u00f3gicas \u00e9 sua <b>sustentabilidade<\/b>. Elas utilizam combust\u00edveis renov\u00e1veis, o que significa que voc\u00ea pode aquecer sua casa sem contribuir para a polui\u00e7\u00e3o do ar. Al\u00e9m disso, a queima desses combust\u00edveis n\u00e3o emite fuma\u00e7a, tornando o ambiente mais saud\u00e1vel.<\/p>\n<h3>2. Facilidade de Instala\u00e7\u00e3o<\/h3>\n<figure style=\"width: 1024px\" class=\"wp-caption aligncenter\"><img decoding=\"async\" src=\"https:\/\/www.aarquiteta.com.br\/blog\/wp-content\/uploads\/2025\/01\/desvendando-lareira-ecologica-guia-iniciantes03.jpg\" alt=\"Desvendando a Lareira Ecol\u00f3gica: Guia para Iniciantes\" width=\"1024\" height=\"1024\" title=\"\"><figcaption class=\"wp-caption-text\">Desvendando a Lareira Ecol\u00f3gica: Guia para Iniciantes<\/figcaption><\/figure>\n<p>Ao contr\u00e1rio das lareiras tradicionais, que exigem instala\u00e7\u00e3o complexa e a constru\u00e7\u00e3o de chamin\u00e9s, as lareiras ecol\u00f3gicas s\u00e3o <b>f\u00e1ceis de instalar<\/b>. Muitas vezes, basta coloc\u00e1-las em um local desejado e conect\u00e1-las \u00e0 fonte de combust\u00edvel. Isso as torna uma op\u00e7\u00e3o pr\u00e1tica para quem deseja um aquecimento eficiente sem complica\u00e7\u00f5es.<\/p>\n<h3>3. Design Moderno<\/h3>\n<figure style=\"width: 1024px\" class=\"wp-caption aligncenter\"><img decoding=\"async\" src=\"https:\/\/www.aarquiteta.com.br\/blog\/wp-content\/uploads\/2025\/01\/desvendando-lareira-ecologica-guia-iniciantes02.jpg\" alt=\"Desvendando a Lareira Ecol\u00f3gica: Guia para Iniciantes\" width=\"1024\" height=\"1024\" title=\"\"><figcaption class=\"wp-caption-text\">Desvendando a Lareira Ecol\u00f3gica: Guia para Iniciantes<\/figcaption><\/figure>\n<p>As lareiras ecol\u00f3gicas v\u00eam em uma variedade de estilos e designs, permitindo que voc\u00ea escolha uma que se encaixe perfeitamente na sua <b>decora\u00e7\u00e3o<\/b>. Desde modelos minimalistas at\u00e9 op\u00e7\u00f5es mais elaboradas, h\u00e1 uma lareira ecol\u00f3gica para cada gosto e ambiente.<\/p>\n<h2>Tipos de Combust\u00edveis Utilizados<\/h2>\n<p>As lareiras ecol\u00f3gicas utilizam principalmente dois tipos de combust\u00edveis:<\/p>\n<h3>1. \u00c1lcool Gel<\/h3>\n<figure style=\"width: 1024px\" class=\"wp-caption aligncenter\"><img decoding=\"async\" src=\"https:\/\/www.aarquiteta.com.br\/blog\/wp-content\/uploads\/2025\/01\/desvendando-lareira-ecologica-guia-iniciantes01.jpg\" alt=\"Desvendando a Lareira Ecol\u00f3gica: Guia para Iniciantes\" width=\"1024\" height=\"1024\" title=\"\"><figcaption class=\"wp-caption-text\">Desvendando a Lareira Ecol\u00f3gica: Guia para Iniciantes<\/figcaption><\/figure>\n<p>O <b>\u00e1lcool gel<\/b> \u00e9 uma op\u00e7\u00e3o popular, pois \u00e9 f\u00e1cil de manusear e proporciona uma chama bonita e limpa. Al\u00e9m disso, \u00e9 seguro e n\u00e3o produz fuma\u00e7a, tornando-o ideal para uso interno.<\/p>\n<h3>2. Bioetanol<\/h3>\n<p style=\"text-align: center;\">[amazon table=&#8221;88119&#8243;]\n<p>O <b>bioetanol<\/b> \u00e9 um combust\u00edvel renov\u00e1vel feito a partir de plantas. Ele \u00e9 uma escolha ecol\u00f3gica que n\u00e3o s\u00f3 aquece, mas tamb\u00e9m embeleza o ambiente com sua chama vibrante e limpa.<\/p>\n<h2>Como Escolher a Lareira Ecol\u00f3gica Ideal<\/h2>\n<p>Escolher a lareira ecol\u00f3gica certa pode parecer desafiador, mas com algumas dicas, voc\u00ea pode encontrar a op\u00e7\u00e3o perfeita para sua casa.<\/p>\n<h3>1. Tamanho e Espa\u00e7o Dispon\u00edvel<\/h3>\n<h3>Assista agora a minha recomenda\u00e7\u00e3o de video abaixo sobre o tema que estamos tratando neste artigo: <\/h3>\n<p><div class=\"youtube-embed\" data-video_id=\"OyGW_i5mB9s\"><iframe title=\"Instru\u00e7\u00f5es de uso - Lareira Ecol\u00f3gica ArboREAL\" width=\"696\" height=\"392\" src=\"https:\/\/www.youtube.com\/embed\/OyGW_i5mB9s?feature=oembed&#038;enablejsapi=1\" frameborder=\"0\" allow=\"accelerometer; autoplay; clipboard-write; encrypted-media; gyroscope; picture-in-picture; web-share\" referrerpolicy=\"strict-origin-when-cross-origin\" allowfullscreen><\/iframe><\/div>\n<\/p>\n<p>Antes de comprar, considere o <b>tamanho<\/b> do espa\u00e7o onde a lareira ser\u00e1 instalada. Uma lareira muito grande pode sobrecarregar um ambiente pequeno, enquanto uma muito pequena pode n\u00e3o aquecer adequadamente um espa\u00e7o maior.<\/p>\n<h3>2. Estilo e Decora\u00e7\u00e3o<\/h3>\n<p>O <b>estilo<\/b> da lareira deve complementar a decora\u00e7\u00e3o do seu ambiente. Pense em como a lareira se encaixar\u00e1 no seu espa\u00e7o e escolha um design que harmonize com os outros elementos da sua casa.<\/p>\n<h2>Cuidados e Manuten\u00e7\u00e3o<\/h2>\n<p>Manter sua lareira ecol\u00f3gica em bom estado \u00e9 essencial para garantir sua durabilidade e efici\u00eancia. Aqui est\u00e3o algumas dicas:<\/p>\n<h3>1. Limpeza Regular<\/h3>\n<p>Realize uma <b>limpeza regular<\/b> da lareira para remover res\u00edduos de combust\u00edveis e manter a est\u00e9tica. Isso tamb\u00e9m ajuda a garantir que a chama funcione de maneira eficiente.<\/p>\n<h3>2. Armazenamento do Combust\u00edvel<\/h3>\n<p>Armazene o combust\u00edvel em um local seguro e fresco, longe de fontes de calor. Isso n\u00e3o s\u00f3 garante a seguran\u00e7a, mas tamb\u00e9m preserva a qualidade do combust\u00edvel.<\/p>\n<h2>Conclus\u00e3o<\/h2>\n<p>As lareiras ecol\u00f3gicas s\u00e3o uma excelente op\u00e7\u00e3o para quem busca aquecer sua casa de forma sustent\u00e1vel e moderna. Com suas diversas vantagens, como a facilidade de instala\u00e7\u00e3o e a variedade de designs, elas se destacam como uma alternativa vi\u00e1vel \u00e0s lareiras tradicionais. Ao escolher a lareira ideal e seguir os cuidados necess\u00e1rios, voc\u00ea pode desfrutar de um ambiente acolhedor e confort\u00e1vel, contribuindo para um futuro mais sustent\u00e1vel.<\/p>\n","protected":false},"excerpt":{"rendered":"<p>Entenda como funciona a lareira sem chamin\u00e9, seus combust\u00edveis sustent\u00e1veis e como criar um ambiente acolhedor de forma pr\u00e1tica.<\/p>\n","protected":false},"author":102,"featured_media":140146,"comment_status":"closed","ping_status":"closed","sticky":false,"template":"","format":"standard","meta":{"footnotes":""},"categories":[1484,971,18792,18794],"tags":[],"class_list":["post-140149","post","type-post","status-publish","format-standard","has-post-thumbnail","category-decoracao","category-design-de-interiores","category-decoracao-de-apartamento","category-projetos-de-decoracao-de-casas"],"_wp_attached_file":null,"_wp_attachment_metadata":null,"_wp_attachment_context":null,"_wp_attachment_is_custom_header":null,"geo_longitude":null,"geo_public":null,"geo_latitude":null,"_publicize_done_external":null,"_wpas_done_3897181":null,"publicize_twitter_user":null,"_wpas_done_3897175":null,"_wpas_skip_3897181":null,"_wpas_skip_3897175":null,"_wpas_skip_3924723":null,"_wpas_mess":null,"_wpas_done_3924723":null,"wps_subtitle":"","_links":{"self":[{"href":"https:\/\/www.aarquiteta.com.br\/blog\/wp-json\/wp\/v2\/posts\/140149","targetHints":{"allow":["GET"]}}],"collection":[{"href":"https:\/\/www.aarquiteta.com.br\/blog\/wp-json\/wp\/v2\/posts"}],"about":[{"href":"https:\/\/www.aarquiteta.com.br\/blog\/wp-json\/wp\/v2\/types\/post"}],"author":[{"embeddable":true,"href":"https:\/\/www.aarquiteta.com.br\/blog\/wp-json\/wp\/v2\/users\/102"}],"replies":[{"embeddable":true,"href":"https:\/\/www.aarquiteta.com.br\/blog\/wp-json\/wp\/v2\/comments?post=140149"}],"version-history":[{"count":0,"href":"https:\/\/www.aarquiteta.com.br\/blog\/wp-json\/wp\/v2\/posts\/140149\/revisions"}],"wp:featuredmedia":[{"embeddable":true,"href":"https:\/\/www.aarquiteta.com.br\/blog\/wp-json\/wp\/v2\/media\/140146"}],"wp:attachment":[{"href":"https:\/\/www.aarquiteta.com.br\/blog\/wp-json\/wp\/v2\/media?parent=140149"}],"wp:term":[{"taxonomy":"category","embeddable":true,"href":"https:\/\/www.aarquiteta.com.br\/blog\/wp-json\/wp\/v2\/categories?post=140149"},{"taxonomy":"post_tag","embeddable":true,"href":"https:\/\/www.aarquiteta.com.br\/blog\/wp-json\/wp\/v2\/tags?post=140149"}],"curies":[{"name":"wp","href":"https:\/\/api.w.org\/{rel}","templated":true}]}}