{"id":14013,"date":"2021-10-27T12:00:02","date_gmt":"2021-10-27T15:00:02","guid":{"rendered":"http:\/\/aarquiteta.com.br\/?p=14013"},"modified":"2022-07-11T16:53:27","modified_gmt":"2022-07-11T19:53:27","slug":"reforma-e-construcao","status":"publish","type":"post","link":"https:\/\/www.aarquiteta.com.br\/blog\/reforma-e-construcao\/","title":{"rendered":"Reforma e Constru\u00e7\u00e3o &#8211; Redecorando um Bar &#8211; Veja como fazer!"},"content":{"rendered":"<p>Reforma e Constru\u00e7\u00e3o &#8211; Redecorando um Bar &#8211; Veja como fazer!<\/p>\n<p>Nem todos os clientes aprovam transformar seus projetos em Estudo de Caso aqui para o blog. Felizmente n\u00e3o foi o caso desse projeto de reforma que realizamos no m\u00eas de Junho em um bar na cidade de Barueri-SP.<\/p>\n<p>Fizemos este artigo para voc\u00ea ver que, para transformar um local com uma decora\u00e7\u00e3o e ambiente agrad\u00e1veis, n\u00e3o \u00e9 preciso muito.<\/p>\n<p>Pequenas regulariza\u00e7\u00f5es e uma boa dire\u00e7\u00e3o de design j\u00e1 \u00e9 um bom come\u00e7o pra se criar um roteiro de decora\u00e7\u00e3o atraente.<\/p>\n<h2>Reforma e Constru\u00e7\u00e3o &#8211; Redecorando um Bar &#8211; Veja como fazer!<\/h2>\n<h3>A revitaliza\u00e7\u00e3o da fachada do bar<\/h3>\n<p>Como voc\u00ea pode ver na imagem abaixo, o pr\u00e9dio onde o bar est\u00e1 situado faz parte de uma constru\u00e7\u00e3o maior\u00a0com um com\u00e9rcio no andar superior da edifica\u00e7\u00e3o.<\/p>\n<p>Localizado no n\u00edvel da rua, o bar tem vista para uma pra\u00e7a que n\u00e3o encontrava-se em bom estado de conserva\u00e7\u00e3o, contudo para deixar o espa\u00e7o externo ao bar ainda mais atraente o novo propriet\u00e1rio do bar manter\u00e1 a pra\u00e7a sob seus cuidados, o que beneficia n\u00e3o s\u00f3 os clientes, mas tamb\u00e9m os vizinhos e os que ali passam diariamente.<\/p>\n<figure id=\"attachment_14076\" aria-describedby=\"caption-attachment-14076\" style=\"width: 640px\" class=\"wp-caption aligncenter\"><img decoding=\"async\" class=\"wp-image-14076 size-large\" title=\"Reforma e Constru\u00e7\u00e3o - Redecorando um Bar - Veja como fazer!\" src=\"https:\/\/www.aarquiteta.com.br\/blog\/wp-content\/uploads\/2018\/07\/DSC_0111-1024x576.jpg\" alt=\"Reforma e Constru\u00e7\u00e3o - Redecorando um Bar - Veja como fazer!\" width=\"640\" height=\"360\" srcset=\"https:\/\/www.aarquiteta.com.br\/blog\/wp-content\/uploads\/2018\/07\/DSC_0111-1024x576.jpg 1024w, https:\/\/www.aarquiteta.com.br\/blog\/wp-content\/uploads\/2018\/07\/DSC_0111-696x392.jpg 696w, https:\/\/www.aarquiteta.com.br\/blog\/wp-content\/uploads\/2018\/07\/DSC_0111-150x84.jpg 150w, https:\/\/www.aarquiteta.com.br\/blog\/wp-content\/uploads\/2018\/07\/DSC_0111.jpg 2048w\" sizes=\"(max-width: 640px) 100vw, 640px\" \/><figcaption id=\"caption-attachment-14076\" class=\"wp-caption-text\">Reforma e Constru\u00e7\u00e3o &#8211; Redecorando um Bar &#8211; Veja como fazer!<\/figcaption><\/figure>\n<p style=\"text-align: center;\">Imagem da fachada antes do projeto de reforma a partir da pra\u00e7a<\/p>\n<p>As cores e o estado de conserva\u00e7\u00e3o da edifica\u00e7\u00e3o como voc\u00eas podem ver n\u00e3o colaboravam muito com o que n\u00f3s e o novo propriet\u00e1rio tinhamos em mente para o lugar.<\/p>\n<p>Todas as paredes internas e externas (exceto cozinha e despensa) foram texturizadas na cor cinza para dar uma nova identidade ao lugar, assim como tamb\u00e9m foram instalados novos toldos para melhor receber os clientes, configurando uma nova vida a fachada.<\/p>\n<p>&nbsp;<\/p>\n<figure id=\"attachment_14014\" aria-describedby=\"caption-attachment-14014\" style=\"width: 2048px\" class=\"wp-caption aligncenter\"><img decoding=\"async\" class=\"wp-image-14014 size-full\" title=\"Reforma e Constru\u00e7\u00e3o - Redecorando um Bar - Veja como fazer!\" src=\"https:\/\/www.aarquiteta.com.br\/blog\/wp-content\/uploads\/2018\/07\/DSC_0115.jpg\" alt=\"Reforma e Constru\u00e7\u00e3o - Redecorando um Bar - Veja como fazer!\" width=\"2048\" height=\"1152\" srcset=\"https:\/\/www.aarquiteta.com.br\/blog\/wp-content\/uploads\/2018\/07\/DSC_0115.jpg 2048w, https:\/\/www.aarquiteta.com.br\/blog\/wp-content\/uploads\/2018\/07\/DSC_0115-1024x576.jpg 1024w, https:\/\/www.aarquiteta.com.br\/blog\/wp-content\/uploads\/2018\/07\/DSC_0115-696x392.jpg 696w, https:\/\/www.aarquiteta.com.br\/blog\/wp-content\/uploads\/2018\/07\/DSC_0115-150x84.jpg 150w\" sizes=\"(max-width: 2048px) 100vw, 2048px\" \/><figcaption id=\"caption-attachment-14014\" class=\"wp-caption-text\">Reforma e Constru\u00e7\u00e3o &#8211; Redecorando um Bar &#8211; Veja como fazer!<\/figcaption><\/figure>\n<p style=\"text-align: center;\">Imagem da fachada antes do projeto de reforma<\/p>\n<h2>Reforma e Constru\u00e7\u00e3o &#8211; Redecorando um Bar &#8211; Veja como fazer!<\/h2>\n<h3>A planta baixa:<\/h3>\n<figure id=\"attachment_14016\" aria-describedby=\"caption-attachment-14016\" style=\"width: 451px\" class=\"wp-caption alignleft\"><img decoding=\"async\" class=\"wp-image-14016 size-full\" title=\"Reforma e Constru\u00e7\u00e3o - Redecorando um Bar - Veja como fazer!\" src=\"https:\/\/www.aarquiteta.com.br\/blog\/wp-content\/uploads\/2018\/07\/planta-baixa.png\" alt=\"Reforma e Constru\u00e7\u00e3o - Redecorando um Bar - Veja como fazer!\" width=\"451\" height=\"551\" srcset=\"https:\/\/www.aarquiteta.com.br\/blog\/wp-content\/uploads\/2018\/07\/planta-baixa.png 451w, https:\/\/www.aarquiteta.com.br\/blog\/wp-content\/uploads\/2018\/07\/planta-baixa-150x183.png 150w\" sizes=\"(max-width: 451px) 100vw, 451px\" \/><figcaption id=\"caption-attachment-14016\" class=\"wp-caption-text\">Reforma e Constru\u00e7\u00e3o &#8211; Redecorando um Bar &#8211; Veja como fazer!<\/figcaption><\/figure>\n<p>&nbsp;<\/p>\n<p>&nbsp;<\/p>\n<p>O interior do bar \u00e9 composto por:<\/p>\n<p>O sal\u00e3o principal que corresponde a \u00e1rea onde ficam as mesas internas.<\/p>\n<p>O mezanino.<\/p>\n<p>O bar onde s\u00e3o preparadas as bebidas<\/p>\n<p>A cozinha, local onde s\u00e3o preparadas as refei\u00e7\u00f5es.<\/p>\n<p>Uma pequena despensa\/dep\u00f3sito e os sanit\u00e1rios.<\/p>\n<p>&nbsp;<\/p>\n<p>E existe tamb\u00e9m uma \u00e1rea aberta por\u00e9m coberta o qual ser\u00e1 futuramente transformada em um pequeno deck que posteriormente ser\u00e1 fechado e incorporado ao bar.<\/p>\n<figure id=\"attachment_14040\" aria-describedby=\"caption-attachment-14040\" style=\"width: 580px\" class=\"wp-caption aligncenter\"><img decoding=\"async\" class=\"wp-image-14040\" title=\"Reforma e Constru\u00e7\u00e3o - Redecorando um Bar - Veja como fazer!\" src=\"https:\/\/www.aarquiteta.com.br\/blog\/wp-content\/uploads\/2018\/07\/DSC_0145-300x169.jpg\" alt=\"Reforma e Constru\u00e7\u00e3o - Redecorando um Bar - Veja como fazer!\" width=\"580\" height=\"327\" \/><figcaption id=\"caption-attachment-14040\" class=\"wp-caption-text\">Reforma e Constru\u00e7\u00e3o &#8211; Redecorando um Bar &#8211; Veja como fazer!<\/figcaption><\/figure>\n<p style=\"text-align: center;\">Futuro deck<\/p>\n<h3>Projeto de reforma &#8211; O Mezanino<\/h3>\n<p>Vamos come\u00e7ar a apresentar o projeto de reforma pela parte de baixo do Mezanino.<\/p>\n<p>O piso sob o mezanino corresponde a \u00e1rea onde ficam alocados os m\u00fasicos, pois o bar oferece m\u00fasica ao vivo aos seus clientes.<\/p>\n<p>O p\u00e9 direito do mezanino n\u00e3o era muito generoso, assim como o p\u00e9 direito debaixo dele, (onde ficam os m\u00fasicos) por isso julgamos necess\u00e1rio retirar o forro de gesso sob o piso do mezanino, assim ganh\u00e1vamos mais alguns cent\u00edmetros de p\u00e9 direito e de quebra d\u00e1vamos uma nova apar\u00eancia para o teto.<\/p>\n<p>&nbsp;<\/p>\n<p><img decoding=\"async\" class=\"aligncenter wp-image-14026 size-full\" title=\"Reforma e Constru\u00e7\u00e3o - Redecorando um Bar - Veja como fazer!\" src=\"https:\/\/www.aarquiteta.com.br\/blog\/wp-content\/uploads\/2018\/07\/teto-mezanino.png\" alt=\"Reforma e Constru\u00e7\u00e3o - Redecorando um Bar - Veja como fazer!\" width=\"1368\" height=\"580\" srcset=\"https:\/\/www.aarquiteta.com.br\/blog\/wp-content\/uploads\/2018\/07\/teto-mezanino.png 1368w, https:\/\/www.aarquiteta.com.br\/blog\/wp-content\/uploads\/2018\/07\/teto-mezanino-1024x434.png 1024w, https:\/\/www.aarquiteta.com.br\/blog\/wp-content\/uploads\/2018\/07\/teto-mezanino-696x295.png 696w, https:\/\/www.aarquiteta.com.br\/blog\/wp-content\/uploads\/2018\/07\/teto-mezanino-150x64.png 150w\" sizes=\"(max-width: 1368px) 100vw, 1368px\" \/><\/p>\n<p style=\"text-align: center;\">Imagens do mezanino durante o projeto de reforma.<\/p>\n<p>Com a exposi\u00e7\u00e3o da estrutura de madeira que sustenta o mesmo, notamos o bom estado de conserva\u00e7\u00e3o dessa estrutura, deixando-a exposta deixou a \u00e1rea com uma apar\u00eancia mais leve.<\/p>\n<p>A dire\u00e7\u00e3o de arte do projeto de design trabalhou com 2 cores predominantes: Preto e Cinza.<\/p>\n<p>Ent\u00e3o toda a estrutura foi pintada de preto o que deixou o ambiente com um ar mais s\u00f3brio, principalmente pela ilumina\u00e7\u00e3o direcionada que foi posteriormente instalada, item que veremos mais pra frente neste artigo.<\/p>\n<h3>O piso superior do Mezanino<\/h3>\n<p>O acesso ao Mezanino se d\u00e1 por uma escada e o\u00a0piso n\u00e3o mostrava nenhuma estabilidade, no andar das pr\u00f3prias pessoas que por ali estavam ele rangia e causava uma sensa\u00e7\u00e3o de inseguran\u00e7a que n\u00e3o era nada agrad\u00e1vel para quem estava no local.<\/p>\n<p>O guarda corpo e a escada de acesso que antes eram da cor marrom foram todos pintados em preto e o piso foi refor\u00e7ado com placas de madeirite pintadas com verniz, o que deu uma nova apar\u00eancia ao lugar, principalmente com a nova decora\u00e7\u00e3o e ilumina\u00e7\u00e3o instaladas.<\/p>\n<h2><img decoding=\"async\" class=\"aligncenter wp-image-14068 size-large\" src=\"https:\/\/www.aarquiteta.com.br\/blog\/wp-content\/uploads\/2018\/07\/escada-e-mezanino-1024x531.png\" alt=\"\" width=\"960\" height=\"498\" title=\"\" srcset=\"https:\/\/www.aarquiteta.com.br\/blog\/wp-content\/uploads\/2018\/07\/escada-e-mezanino-1024x531.png 1024w, https:\/\/www.aarquiteta.com.br\/blog\/wp-content\/uploads\/2018\/07\/escada-e-mezanino-696x361.png 696w, https:\/\/www.aarquiteta.com.br\/blog\/wp-content\/uploads\/2018\/07\/escada-e-mezanino-150x78.png 150w, https:\/\/www.aarquiteta.com.br\/blog\/wp-content\/uploads\/2018\/07\/escada-e-mezanino.png 2048w\" sizes=\"(max-width: 960px) 100vw, 960px\" \/><\/h2>\n<p style=\"text-align: center;\">Imagens da escada antes da nova pintura e do novo piso rec\u00e9m instalado no mezanino durante o projeto de reforma.<\/p>\n<p>Como o estado de conserva\u00e7\u00e3o n\u00e3o era o forte da edifica\u00e7\u00e3o, notamos que al\u00e9m da diversidade de cores, havia um vazamento em algum lugar do andar acima do Bar pois podia-se notar manchas de bolor por todo o teto do mezanino.<\/p>\n<p style=\"text-align: center;\"><img decoding=\"async\" class=\"alignnone wp-image-14022 size-full\" title=\"Reforma e Constru\u00e7\u00e3o - Redecorando um Bar - Veja como fazer!\" src=\"https:\/\/www.aarquiteta.com.br\/blog\/wp-content\/uploads\/2018\/07\/DSC_0125.jpg\" alt=\"Reforma e Constru\u00e7\u00e3o - Redecorando um Bar - Veja como fazer!\" width=\"2048\" height=\"1152\" srcset=\"https:\/\/www.aarquiteta.com.br\/blog\/wp-content\/uploads\/2018\/07\/DSC_0125.jpg 2048w, https:\/\/www.aarquiteta.com.br\/blog\/wp-content\/uploads\/2018\/07\/DSC_0125-1024x576.jpg 1024w, https:\/\/www.aarquiteta.com.br\/blog\/wp-content\/uploads\/2018\/07\/DSC_0125-696x392.jpg 696w, https:\/\/www.aarquiteta.com.br\/blog\/wp-content\/uploads\/2018\/07\/DSC_0125-150x84.jpg 150w\" sizes=\"(max-width: 2048px) 100vw, 2048px\" \/><\/p>\n<p style=\"text-align: center;\">\u00a0 \u00a0 Imagens do Mezanino antes do projeto de reforma<\/p>\n<p>&nbsp;<\/p>\n<p><img decoding=\"async\" class=\"aligncenter wp-image-14023 size-full\" title=\"Reforma e Constru\u00e7\u00e3o - Redecorando um Bar - Veja como fazer!\" src=\"https:\/\/www.aarquiteta.com.br\/blog\/wp-content\/uploads\/2018\/07\/DSC_0126.jpg\" alt=\"Reforma e Constru\u00e7\u00e3o - Redecorando um Bar - Veja como fazer!\" width=\"2048\" height=\"1152\" srcset=\"https:\/\/www.aarquiteta.com.br\/blog\/wp-content\/uploads\/2018\/07\/DSC_0126.jpg 2048w, https:\/\/www.aarquiteta.com.br\/blog\/wp-content\/uploads\/2018\/07\/DSC_0126-1024x576.jpg 1024w, https:\/\/www.aarquiteta.com.br\/blog\/wp-content\/uploads\/2018\/07\/DSC_0126-696x392.jpg 696w, https:\/\/www.aarquiteta.com.br\/blog\/wp-content\/uploads\/2018\/07\/DSC_0126-150x84.jpg 150w\" sizes=\"(max-width: 2048px) 100vw, 2048px\" \/><\/p>\n<p style=\"text-align: center;\">Imagens do Mezanino antes da reforma<\/p>\n<p>Note a diferen\u00e7a entre o antes e o depois do ambiente finalizado com a ilumina\u00e7\u00e3o e decora\u00e7\u00e3o e novo piso instalados.<\/p>\n<p><img decoding=\"async\" class=\"aligncenter wp-image-14057 size-large\" title=\"reforma de bar\" src=\"https:\/\/www.aarquiteta.com.br\/blog\/wp-content\/uploads\/2018\/07\/IMG_3031-1024x768.jpg\" alt=\"\" width=\"960\" height=\"720\" srcset=\"https:\/\/www.aarquiteta.com.br\/blog\/wp-content\/uploads\/2018\/07\/IMG_3031-1024x768.jpg 1024w, https:\/\/www.aarquiteta.com.br\/blog\/wp-content\/uploads\/2018\/07\/IMG_3031-696x522.jpg 696w, https:\/\/www.aarquiteta.com.br\/blog\/wp-content\/uploads\/2018\/07\/IMG_3031-150x113.jpg 150w, https:\/\/www.aarquiteta.com.br\/blog\/wp-content\/uploads\/2018\/07\/IMG_3031.jpg 2048w\" sizes=\"(max-width: 960px) 100vw, 960px\" \/><\/p>\n<p style=\"text-align: center;\">Imagens do Mezanino depois da reforma<\/p>\n<p><img decoding=\"async\" class=\"aligncenter wp-image-14064 size-full\" title=\"reforma de bar\" src=\"https:\/\/www.aarquiteta.com.br\/blog\/wp-content\/uploads\/2018\/07\/DSC_0273.jpg\" alt=\"\" width=\"3840\" height=\"2160\" srcset=\"https:\/\/www.aarquiteta.com.br\/blog\/wp-content\/uploads\/2018\/07\/DSC_0273.jpg 2048w, https:\/\/www.aarquiteta.com.br\/blog\/wp-content\/uploads\/2018\/07\/DSC_0273-1024x576.jpg 1024w, https:\/\/www.aarquiteta.com.br\/blog\/wp-content\/uploads\/2018\/07\/DSC_0273-696x392.jpg 696w, https:\/\/www.aarquiteta.com.br\/blog\/wp-content\/uploads\/2018\/07\/DSC_0273-150x84.jpg 150w\" sizes=\"(max-width: 3840px) 100vw, 3840px\" \/><\/p>\n<p style=\"text-align: center;\">Imagens do Mezanino depois da reforma<\/p>\n<h3>\u00a0O Bar<\/h3>\n<p>O local onde s\u00e3o preparadas as bebidas n\u00e3o era muito generoso no quesito espa\u00e7o, contudo problemas mais graves apareciam conforme \u00edamos conhecendo os ambientes um a um.<\/p>\n<p>Sem mencionar o colorido caracter\u00edstico do lugar, a antiga sanca de gesso deixou o ambiente ainda mais pesado com o desnivelamento do teto, mas o grave mesmo era o piso do bar, que al\u00e9m de estar todo recortado com diferentes tipos de cer\u00e2micas, se encontrava todo desnivelado e como se n\u00e3o bastasse n\u00e3o havia nenhum ralo de escoamento.<\/p>\n<p><img decoding=\"async\" class=\"aligncenter wp-image-14028 size-full\" title=\"reforma de bar\" src=\"https:\/\/www.aarquiteta.com.br\/blog\/wp-content\/uploads\/2018\/07\/DSC_0152.jpg\" alt=\"\" width=\"3840\" height=\"2160\" srcset=\"https:\/\/www.aarquiteta.com.br\/blog\/wp-content\/uploads\/2018\/07\/DSC_0152.jpg 2048w, https:\/\/www.aarquiteta.com.br\/blog\/wp-content\/uploads\/2018\/07\/DSC_0152-1024x576.jpg 1024w, https:\/\/www.aarquiteta.com.br\/blog\/wp-content\/uploads\/2018\/07\/DSC_0152-696x392.jpg 696w, https:\/\/www.aarquiteta.com.br\/blog\/wp-content\/uploads\/2018\/07\/DSC_0152-150x84.jpg 150w\" sizes=\"(max-width: 3840px) 100vw, 3840px\" \/><\/p>\n<p style=\"text-align: center;\">Imagens do bar durante a reforma<\/p>\n<p>O n\u00edvel do piso interno do bar encontra-se bem abaixo do n\u00edvel da cal\u00e7ada onde h\u00e1 instalada uma caixa de inspe\u00e7\u00e3o que para o nosso desgosto, o seu n\u00edvel ainda estava bem acima do n\u00edvel do piso do bar.<\/p>\n<p>Como criar um ralo se n\u00e3o havia como escoar a \u00e1gua? Se as leis da gravidade n\u00e3o mudaram, a \u00e1gua ainda n\u00e3o sobe sozinha pelo cano acima!<\/p>\n<p>Para resolver a problem\u00e1tica criamos uma caixa de inspe\u00e7\u00e3o dentro do bar e instalamos uma bomba de por\u00e3o, que far\u00e1 o servi\u00e7o de puxar \u00e1gua para fora do bar.<\/p>\n<p>Ufa, menos mal.<\/p>\n<p style=\"text-align: center;\"><img decoding=\"async\" class=\"aligncenter wp-image-14055 size-large\" title=\"projeto de reforma de bar\" src=\"https:\/\/www.aarquiteta.com.br\/blog\/wp-content\/uploads\/2018\/07\/DSC_0287-1024x576.jpg\" alt=\"\" width=\"960\" height=\"540\" srcset=\"https:\/\/www.aarquiteta.com.br\/blog\/wp-content\/uploads\/2018\/07\/DSC_0287-1024x576.jpg 1024w, https:\/\/www.aarquiteta.com.br\/blog\/wp-content\/uploads\/2018\/07\/DSC_0287-696x392.jpg 696w, https:\/\/www.aarquiteta.com.br\/blog\/wp-content\/uploads\/2018\/07\/DSC_0287-150x84.jpg 150w, https:\/\/www.aarquiteta.com.br\/blog\/wp-content\/uploads\/2018\/07\/DSC_0287.jpg 2048w\" sizes=\"(max-width: 960px) 100vw, 960px\" \/>\u00a0Imagem do Sal\u00e3o decorado depois da reforma<\/p>\n<p>A nova cor foi uniformizada assim como o mezanino, bar, banheiros, sal\u00e3o principal e fachada, tudo para dar a sensa\u00e7\u00e3o de amplitude ao local.<\/p>\n<h3>A cozinha e despensa.<\/h3>\n<p>O estado de conserva\u00e7\u00e3o da cozinha, j\u00e1 n\u00e3o seria mais nenhuma novidade no entanto o local estava f\u00e1cil de resolver.<\/p>\n<p>Como a cozinha tamb\u00e9m n\u00e3o tinha um ralo, um novo ralo foi instalado e toda a cer\u00e2mica tanto do piso como das paredes foi pintada em tinta ep\u00f3xi branca, assim como na despensa.<\/p>\n<p>Como o espa\u00e7o interno da cozinha n\u00e3o \u00e9 l\u00e1 grandes coisas, foram instaladas novas prateleiras de modo a acomodar as lou\u00e7as e panelas mantendo-as sempre a vista para f\u00e1cil localiza\u00e7\u00e3o dos itens.<\/p>\n<figure id=\"attachment_14035\" aria-describedby=\"caption-attachment-14035\" style=\"width: 2048px\" class=\"wp-caption aligncenter\"><img decoding=\"async\" class=\"wp-image-14035 size-full\" title=\"projeto de reforma de bar\" src=\"https:\/\/www.aarquiteta.com.br\/blog\/wp-content\/uploads\/2018\/07\/DSC_0154.jpg\" alt=\"\" width=\"2048\" height=\"1152\" srcset=\"https:\/\/www.aarquiteta.com.br\/blog\/wp-content\/uploads\/2018\/07\/DSC_0154.jpg 2048w, https:\/\/www.aarquiteta.com.br\/blog\/wp-content\/uploads\/2018\/07\/DSC_0154-1024x576.jpg 1024w, https:\/\/www.aarquiteta.com.br\/blog\/wp-content\/uploads\/2018\/07\/DSC_0154-696x392.jpg 696w, https:\/\/www.aarquiteta.com.br\/blog\/wp-content\/uploads\/2018\/07\/DSC_0154-150x84.jpg 150w\" sizes=\"(max-width: 2048px) 100vw, 2048px\" \/><figcaption id=\"caption-attachment-14035\" class=\"wp-caption-text\">Reforma e Constru\u00e7\u00e3o &#8211; Redecorando um Bar &#8211; Veja como fazer!<\/figcaption><\/figure>\n<p style=\"text-align: center;\">\u00a0Imagem da cozinha durante a reforma<\/p>\n<h2>Reforma e Constru\u00e7\u00e3o &#8211; Redecorando um Bar &#8211; Veja como fazer!<\/h2>\n<h3>Os banheiros<\/h3>\n<p>Todos texturizados em textura cinza, com novos equipamentos e decora\u00e7\u00e3o para tornar o ambiente menos frio e com um toque de personalidade.<\/p>\n<p>Para dar unidade no design, a cor das portas acompanham o preto da escada, guarda corpo e todos os itens j\u00e1 mencionados neste artigo.<\/p>\n<p>Manteve-se o piso dos banheiros j\u00e1 que eles estavam em bom estado e ainda combinavam com a nova decora\u00e7\u00e3o.<\/p>\n<p><img decoding=\"async\" class=\"aligncenter wp-image-14033 size-full\" title=\"projeto de reforma de bar\" src=\"https:\/\/www.aarquiteta.com.br\/blog\/wp-content\/uploads\/2018\/07\/banheiros-4.png\" alt=\"\" width=\"912\" height=\"360\" srcset=\"https:\/\/www.aarquiteta.com.br\/blog\/wp-content\/uploads\/2018\/07\/banheiros-4.png 912w, https:\/\/www.aarquiteta.com.br\/blog\/wp-content\/uploads\/2018\/07\/banheiros-4-696x275.png 696w, https:\/\/www.aarquiteta.com.br\/blog\/wp-content\/uploads\/2018\/07\/banheiros-4-150x59.png 150w\" sizes=\"(max-width: 912px) 100vw, 912px\" \/><\/p>\n<p style=\"text-align: center;\">Imagens dos banheiros durante a reforma<\/p>\n<figure id=\"attachment_14031\" aria-describedby=\"caption-attachment-14031\" style=\"width: 884px\" class=\"wp-caption aligncenter\"><img decoding=\"async\" class=\"wp-image-14031 size-full\" title=\"projeto de reforma de bar\" src=\"https:\/\/www.aarquiteta.com.br\/blog\/wp-content\/uploads\/2018\/07\/banheiros-1.png\" alt=\"\" width=\"884\" height=\"564\" srcset=\"https:\/\/www.aarquiteta.com.br\/blog\/wp-content\/uploads\/2018\/07\/banheiros-1.png 884w, https:\/\/www.aarquiteta.com.br\/blog\/wp-content\/uploads\/2018\/07\/banheiros-1-696x444.png 696w, https:\/\/www.aarquiteta.com.br\/blog\/wp-content\/uploads\/2018\/07\/banheiros-1-150x96.png 150w\" sizes=\"(max-width: 884px) 100vw, 884px\" \/><figcaption id=\"caption-attachment-14031\" class=\"wp-caption-text\">Reforma e Constru\u00e7\u00e3o &#8211; Redecorando um Bar &#8211; Veja como fazer!<\/figcaption><\/figure>\n<p style=\"text-align: center;\">Imagens dos banheiros depois da reforma<\/p>\n<h3>O Deck<\/h3>\n<p>Chamado por n\u00f3s por Deck, a \u00e1rea coberta que se encontra na parte externa do bar, teve a sua linguagem incorporada ao sal\u00e3o principal mantendo as cores padr\u00e3o.<\/p>\n<p>Parte da fachada que compreende ao deck foi revestida com paletes pintado em preto, o que um toque de capricho e cuidado a fachada, sem falar na unidade que ela agregou ao projeto de reforma em si.<\/p>\n<p><img decoding=\"async\" class=\"aligncenter wp-image-14049 size-full\" title=\"projeto de reforma de bar\" src=\"https:\/\/www.aarquiteta.com.br\/blog\/wp-content\/uploads\/2018\/07\/acabamento-em-palete-preto2.png\" alt=\"\" width=\"1536\" height=\"604\" srcset=\"https:\/\/www.aarquiteta.com.br\/blog\/wp-content\/uploads\/2018\/07\/acabamento-em-palete-preto2.png 1536w, https:\/\/www.aarquiteta.com.br\/blog\/wp-content\/uploads\/2018\/07\/acabamento-em-palete-preto2-1024x403.png 1024w, https:\/\/www.aarquiteta.com.br\/blog\/wp-content\/uploads\/2018\/07\/acabamento-em-palete-preto2-696x274.png 696w, https:\/\/www.aarquiteta.com.br\/blog\/wp-content\/uploads\/2018\/07\/acabamento-em-palete-preto2-150x59.png 150w\" sizes=\"(max-width: 1536px) 100vw, 1536px\" \/><\/p>\n<p style=\"text-align: center;\">Imagens antes e depois da reforma<\/p>\n<p><img decoding=\"async\" class=\"aligncenter wp-image-14061 size-full\" title=\"projeto de reforma de bar\" src=\"https:\/\/www.aarquiteta.com.br\/blog\/wp-content\/uploads\/2018\/07\/deck.png\" alt=\"\" width=\"3080\" height=\"2048\" srcset=\"https:\/\/www.aarquiteta.com.br\/blog\/wp-content\/uploads\/2018\/07\/deck.png 2048w, https:\/\/www.aarquiteta.com.br\/blog\/wp-content\/uploads\/2018\/07\/deck-1024x681.png 1024w, https:\/\/www.aarquiteta.com.br\/blog\/wp-content\/uploads\/2018\/07\/deck-696x463.png 696w, https:\/\/www.aarquiteta.com.br\/blog\/wp-content\/uploads\/2018\/07\/deck-150x100.png 150w\" sizes=\"(max-width: 3080px) 100vw, 3080px\" \/><\/p>\n<p style=\"text-align: center;\">Imagens depois da reforma<\/p>\n<h3>O sal\u00e3o principal<\/h3>\n<p>Juntamente com a fachada \u00e9 no sal\u00e3o principal que se nota as mudan\u00e7as realizadas de forma mais efetiva e globalizada, pois como ele \u00e9 a porta de entrada para ao bar em si, \u00e9 nele que vamos notar 70% das mudan\u00e7as realizadas na reforma.<\/p>\n<p>A come\u00e7ar pela nova textura cristalino cinza aplicada em todo interior, (exceto cozinha e despensa), escolhida n\u00e3o ao acaso mas por ser mais delicada, discreta e que possibilitava a cobertura das imperfei\u00e7oes que as paredes se encontravam sem apresentar muita dificuldade.<\/p>\n<p><img decoding=\"async\" class=\"aligncenter wp-image-14060 size-full\" title=\"projeto de reforma sal\u00e3o\" src=\"https:\/\/www.aarquiteta.com.br\/blog\/wp-content\/uploads\/2018\/07\/salao.png\" alt=\"\" width=\"3080\" height=\"2048\" srcset=\"https:\/\/www.aarquiteta.com.br\/blog\/wp-content\/uploads\/2018\/07\/salao.png 2048w, https:\/\/www.aarquiteta.com.br\/blog\/wp-content\/uploads\/2018\/07\/salao-1024x681.png 1024w, https:\/\/www.aarquiteta.com.br\/blog\/wp-content\/uploads\/2018\/07\/salao-696x463.png 696w, https:\/\/www.aarquiteta.com.br\/blog\/wp-content\/uploads\/2018\/07\/salao-150x100.png 150w\" sizes=\"(max-width: 3080px) 100vw, 3080px\" \/><\/p>\n<p style=\"text-align: center;\">Imagens depois da reforma<\/p>\n<p>O novo piso vin\u00edlico instalado sobre a cer\u00e2mica existente, os lustres anos 80 foram substitu\u00eddos por modernos pendentes com design Tom Dixon em madeira e l\u00e2mpadas filamentadas Thomas Edson em amarelo quente.<\/p>\n<p>A parede da \u00e1rea dos m\u00fasicos onde havia um banner musical colado na mesma foi substitu\u00eddo por um tecido que imita tijolinho canjiquinha deu um toque todo especial juntamente com as placas decorativas instaladas.<\/p>\n<p><img decoding=\"async\" class=\"aligncenter wp-image-14042 size-full\" title=\"projeto de reforma de bar\" src=\"https:\/\/www.aarquiteta.com.br\/blog\/wp-content\/uploads\/2018\/07\/DSC_0121.jpg\" alt=\"\" width=\"3840\" height=\"2160\" srcset=\"https:\/\/www.aarquiteta.com.br\/blog\/wp-content\/uploads\/2018\/07\/DSC_0121.jpg 2048w, https:\/\/www.aarquiteta.com.br\/blog\/wp-content\/uploads\/2018\/07\/DSC_0121-1024x576.jpg 1024w, https:\/\/www.aarquiteta.com.br\/blog\/wp-content\/uploads\/2018\/07\/DSC_0121-696x392.jpg 696w, https:\/\/www.aarquiteta.com.br\/blog\/wp-content\/uploads\/2018\/07\/DSC_0121-150x84.jpg 150w\" sizes=\"(max-width: 3840px) 100vw, 3840px\" \/><\/p>\n<p style=\"text-align: center;\">Imagens do Sal\u00e3o antes da reforma<\/p>\n<p>O mobili\u00e1rio existente n\u00e3o tinha uma padr\u00e3o de cores uniforme. Alguns foram pintados em tabaco e outros em marrom mais claro, ent\u00e3o\u00a0 para manter o di\u00e1logo com os demais elementos do bar, decidimos pintar o mobili\u00e1rio todo na cor preta.<\/p>\n<figure id=\"attachment_14063\" aria-describedby=\"caption-attachment-14063\" style=\"width: 640px\" class=\"wp-caption aligncenter\"><img decoding=\"async\" class=\"wp-image-14063 size-large\" title=\"Reforma e Constru\u00e7\u00e3o - Redecorando um Bar - Veja como fazer!\" src=\"https:\/\/www.aarquiteta.com.br\/blog\/wp-content\/uploads\/2018\/07\/DSC_0291-1024x576.jpg\" alt=\"\" width=\"640\" height=\"360\" srcset=\"https:\/\/www.aarquiteta.com.br\/blog\/wp-content\/uploads\/2018\/07\/DSC_0291-1024x576.jpg 1024w, https:\/\/www.aarquiteta.com.br\/blog\/wp-content\/uploads\/2018\/07\/DSC_0291-696x392.jpg 696w, https:\/\/www.aarquiteta.com.br\/blog\/wp-content\/uploads\/2018\/07\/DSC_0291-150x84.jpg 150w, https:\/\/www.aarquiteta.com.br\/blog\/wp-content\/uploads\/2018\/07\/DSC_0291.jpg 2048w\" sizes=\"(max-width: 640px) 100vw, 640px\" \/><figcaption id=\"caption-attachment-14063\" class=\"wp-caption-text\">Reforma e Constru\u00e7\u00e3o &#8211; Redecorando um Bar &#8211; Veja como fazer!<\/figcaption><\/figure>\n<p style=\"text-align: center;\">Imagens do sal\u00e3o no dia da inaugura\u00e7\u00e3o recebendo seus convidados.<\/p>\n<h3>A Ilumina\u00e7\u00e3o do novo projeto de reforma<\/h3>\n<p>Uma das partes mais trabalhosas do projeto de reforma foi a parte el\u00e9trica onde praticamente todo o quadro de luz foi reformulado.<\/p>\n<p>Foi necess\u00e1rio passar nova fia\u00e7\u00e3o e criar novos pontos de tomadas e interruptores e para isso optamos por instalar os eletrodutos de forma aparente ao inv\u00e9s de rasgar a parede para embutir a instala\u00e7\u00e3o e esconder tudo.<\/p>\n<p>Conduletes na cor preta espalhados pelas paredes vieram a calhar, pois al\u00e9m de manter a unidade do design mant\u00ea-los expostos deu um toque industrial na decora\u00e7\u00e3o como um todo.<\/p>\n<figure id=\"attachment_14056\" aria-describedby=\"caption-attachment-14056\" style=\"width: 640px\" class=\"wp-caption aligncenter\"><img decoding=\"async\" class=\"wp-image-14056 size-large\" title=\"Reforma e Constru\u00e7\u00e3o - Redecorando um Bar - Veja como fazer!\" src=\"https:\/\/www.aarquiteta.com.br\/blog\/wp-content\/uploads\/2018\/07\/IMG_3032-1024x768.jpg\" alt=\"Reforma e Constru\u00e7\u00e3o - Redecorando um Bar - Veja como fazer!\" width=\"640\" height=\"480\" srcset=\"https:\/\/www.aarquiteta.com.br\/blog\/wp-content\/uploads\/2018\/07\/IMG_3032-1024x768.jpg 1024w, https:\/\/www.aarquiteta.com.br\/blog\/wp-content\/uploads\/2018\/07\/IMG_3032-696x522.jpg 696w, https:\/\/www.aarquiteta.com.br\/blog\/wp-content\/uploads\/2018\/07\/IMG_3032-150x113.jpg 150w, https:\/\/www.aarquiteta.com.br\/blog\/wp-content\/uploads\/2018\/07\/IMG_3032.jpg 2048w\" sizes=\"(max-width: 640px) 100vw, 640px\" \/><figcaption id=\"caption-attachment-14056\" class=\"wp-caption-text\">Reforma e Constru\u00e7\u00e3o &#8211; Redecorando um Bar &#8211; Veja como fazer!<\/figcaption><\/figure>\n<p style=\"text-align: center;\">Imagens da nova Instala\u00e7\u00e3o El\u00e9trica do sal\u00e3o depois da reforma<\/p>\n<p>Arandelas de duplo facho de luz com luz quente, foram posicionadas em pontos estrat\u00e9gicos para dar aquele charme no sal\u00e3o principal, spots de luz direcionada sob trilhos eletrificados sobre e sob o mezanino tamb\u00e9m deixaram o cantinho dos m\u00fasicos bem aconchegante e o trio de pendentes no p\u00e9 direito duplo deixaram o ambiente com um ar mais refinado.<\/p>\n<p>E para encerrar arandelas externas iluminam as mesas sob o toldo e novos refletores em Led destacam o logo da fachada assim que cai a noite.<\/p>\n<h2>Reforma e Constru\u00e7\u00e3o &#8211; Veja como ficou a decora\u00e7\u00e3o:<\/h2>\n<p>Decorar de forma criativa e com baixo investimento foi o nosso desafio nesse projeto de reforma.<\/p>\n<p>Placas decorativas com pre\u00e7os super acess\u00edveis, leves e divertidas com impress\u00e3o em MDF deram um toque final na decora\u00e7\u00e3o, gravuras das cervejas mais preferidas soam como provoca\u00e7\u00f5es aos clientes um convite ao tim tim e quadrinhos com mensagens de humor foram distribu\u00eddas em pontos estrat\u00e9gicos para deixar o ambiente descontra\u00eddo.<\/p>\n<p><img decoding=\"async\" class=\"aligncenter wp-image-14051\" title=\"placas decorativas para bar\" src=\"https:\/\/www.aarquiteta.com.br\/blog\/wp-content\/uploads\/2018\/07\/placas-decorativas-20-x-30.png\" alt=\"\" width=\"435\" height=\"422\" srcset=\"https:\/\/www.aarquiteta.com.br\/blog\/wp-content\/uploads\/2018\/07\/placas-decorativas-20-x-30.png 557w, https:\/\/www.aarquiteta.com.br\/blog\/wp-content\/uploads\/2018\/07\/placas-decorativas-20-x-30-150x146.png 150w\" sizes=\"(max-width: 435px) 100vw, 435px\" \/><\/p>\n<p>&nbsp;<\/p>\n<h2>Reforma e Constru\u00e7\u00e3o &#8211; <a href=\"https:\/\/www.aarquiteta.com.br\/curso-de-arquitetura\/\" target=\"_blank\" rel=\"noopener\">Considera\u00e7\u00f5es finais:<\/a><\/h2>\n<p>A Arquitetura e o Design n\u00e3o foram pensados somente na quest\u00e3o est\u00e9tica, foi tamb\u00e9m pensada\u00a0 qual o &#8220;tom&#8221;\u00a0 qual a &#8220;linha&#8221; o bar deveria adotar daquele momento em diante e tamb\u00e9m qual o perfil do cliente que busc\u00e1vamos capturar.<\/p>\n<p>A quest\u00e3o socio-econ\u00f4mica tamb\u00e9m foi levada em considera\u00e7\u00e3o.<\/p>\n<p>Algumas perguntas foram formuladas como:<\/p>\n<p>Existia por perto algum bar que tinha este estilo?<\/p>\n<p>Se as pessoas quisessem ir a um bar neste estilo, qual a dist\u00e2ncia estaria o mais pr\u00f3ximo?<\/p>\n<p>Quem s\u00e3o os concorrentes?<\/p>\n<p>Como \u00e9 a est\u00e9tica destes concorrentes? Enfim, todas as perguntas foram levadas em considera\u00e7\u00e3o e respondidas no projeto em si.<\/p>\n<p>Gostaram? Deixe seu coment\u00e1rio e fa\u00e7a uma visita!<\/p>\n<div style=\"width: 640px;\" class=\"wp-video\"><video class=\"wp-video-shortcode\" id=\"video-14013-1\" width=\"640\" height=\"640\" preload=\"metadata\" controls=\"controls\"><source type=\"video\/mp4\" src=\"https:\/\/www.aarquiteta.com.br\/blog\/wp-content\/uploads\/2018\/07\/WhatsApp-Video-2018-07-10-at-6.58.30-PM.mp4?_=1\" \/><a href=\"https:\/\/www.aarquiteta.com.br\/blog\/wp-content\/uploads\/2018\/07\/WhatsApp-Video-2018-07-10-at-6.58.30-PM.mp4\">https:\/\/www.aarquiteta.com.br\/blog\/wp-content\/uploads\/2018\/07\/WhatsApp-Video-2018-07-10-at-6.58.30-PM.mp4<\/a><\/video><\/div>\n<p>&nbsp;<\/p>\n<p><img decoding=\"async\" class=\"alignleft wp-image-14053 \" src=\"https:\/\/www.aarquiteta.com.br\/blog\/wp-content\/uploads\/2018\/07\/IMG_3413-298x300.jpg\" alt=\"\" width=\"366\" height=\"368\" title=\"\"><\/p>\n<h4><\/h4>\n<h4>Resenha Nosso Bar<\/h4>\n<p>Rua Rog\u00e9lio Cabeza Castro No 68. Jd Silveira, Barueri &#8211; SP.<\/p>\n<p>Com m\u00fasica ao vivo de quinta a domingo.<\/p>\n<p>Acompanhe a programa\u00e7\u00e3o nas redes sociais:<\/p>\n<p><a href=\"https:\/\/www.facebook.com\/resenhanossobar\" target=\"_blank\" rel=\"noopener\">www.facebook.com\/resenhanossobar<\/a><\/p>\n<p><a href=\"https:\/\/www.instagram.com\/resenhanossobar\" target=\"_blank\" rel=\"noopener\">www.instagram.com\/resenhanossobar<\/a><\/p>\n<p>Whatsapp: <a href=\"https:\/\/api.whatsapp.com\/send?1=pt_BR&amp;phone=5511945375362\" target=\"_blank\" rel=\"noopener\">11 9.4537-5362<\/a><\/p>\n<p>Projeto de Reforma por <a href=\"https:\/\/www.aarquiteta.com.br\">Luciana Paix\u00e3o Arquitetura<\/a><\/p>\n<h2>\u00a0E a\u00ed, gostou do artigo sobre Projeto de Reforma de um Bar?<\/h2>\n<p>Ent\u00e3o deslize a tela para baixo e<a href=\"https:\/\/br.pinterest.com\/aarquitetapinterest\/_created\/\" target=\"_blank\" rel=\"noopener\"> confira mais dicas<\/a> como esta e n\u00e3o se esque\u00e7a de compartilhar com os amigos!<\/p>\n<p>Quer mais dicas sobre o mundo da Arquitetura e Decora\u00e7\u00e3o? Ent\u00e3o decore f\u00e1cil sem mist\u00e9rios, confira alguns dos nossos artigos em:<\/p>\n<ul>\n<li style=\"list-style-type: none;\">\n<ul>\n<li><a href=\"https:\/\/www.aarquiteta.com.br\/blog\/paisagismo\/\" target=\"_blank\" rel=\"noopener\">Casa e Jardim<\/a><\/li>\n<li><a href=\"https:\/\/www.aarquiteta.com.br\/blog\/arquitetura\/mundo-arquitetura\/\" target=\"_blank\" rel=\"noopener\">Mundo Arquitetura<\/a><\/li>\n<li><a href=\"https:\/\/www.aarquiteta.com.br\/decoracao\/\" target=\"_blank\" rel=\"noopener\">Decora\u00e7\u00e3o<\/a><\/li>\n<\/ul>\n<\/li>\n<\/ul>\n","protected":false},"excerpt":{"rendered":"<p>Reforma e Constru\u00e7\u00e3o &#8211; Redecorando um Bar &#8211; Veja como fazer! Nem todos os clientes aprovam transformar seus projetos em Estudo de Caso aqui para o blog. Felizmente n\u00e3o foi o caso desse projeto de reforma que realizamos no m\u00eas de Junho em um bar na cidade de Barueri-SP. Fizemos este artigo para voc\u00ea ver [&hellip;]<\/p>\n","protected":false},"author":102,"featured_media":14053,"comment_status":"closed","ping_status":"closed","sticky":false,"template":"","format":"standard","meta":{"footnotes":""},"categories":[971,1507],"tags":[1105,1107,1108,1109,1106,1104,1103],"class_list":["post-14013","post","type-post","status-publish","format-standard","has-post-thumbnail","category-design-de-interiores","category-arquitetura","tag-como-reformar-um-bar","tag-decoracao-de-bar","tag-dicas-de-projeto","tag-dicas-de-reforma","tag-dicas-para-reformar-um-bar","tag-reforma-de-bar","tag-resenha-nosso-bar"],"_wp_attached_file":null,"_wp_attachment_metadata":null,"_wp_attachment_context":null,"_wp_attachment_is_custom_header":null,"geo_longitude":null,"geo_public":null,"geo_latitude":null,"_publicize_done_external":null,"_wpas_done_3897181":null,"publicize_twitter_user":null,"_wpas_done_3897175":null,"_wpas_skip_3897181":null,"_wpas_skip_3897175":null,"_wpas_skip_3924723":null,"_wpas_mess":null,"_wpas_done_3924723":null,"wps_subtitle":"Se voc\u00ea gosta do tema reforma e constru\u00e7\u00e3o, confira neste artigo o projeto de reforma de um bar e gastando pouco.","_links":{"self":[{"href":"https:\/\/www.aarquiteta.com.br\/blog\/wp-json\/wp\/v2\/posts\/14013","targetHints":{"allow":["GET"]}}],"collection":[{"href":"https:\/\/www.aarquiteta.com.br\/blog\/wp-json\/wp\/v2\/posts"}],"about":[{"href":"https:\/\/www.aarquiteta.com.br\/blog\/wp-json\/wp\/v2\/types\/post"}],"author":[{"embeddable":true,"href":"https:\/\/www.aarquiteta.com.br\/blog\/wp-json\/wp\/v2\/users\/102"}],"replies":[{"embeddable":true,"href":"https:\/\/www.aarquiteta.com.br\/blog\/wp-json\/wp\/v2\/comments?post=14013"}],"version-history":[{"count":0,"href":"https:\/\/www.aarquiteta.com.br\/blog\/wp-json\/wp\/v2\/posts\/14013\/revisions"}],"wp:featuredmedia":[{"embeddable":true,"href":"https:\/\/www.aarquiteta.com.br\/blog\/wp-json\/wp\/v2\/media\/14053"}],"wp:attachment":[{"href":"https:\/\/www.aarquiteta.com.br\/blog\/wp-json\/wp\/v2\/media?parent=14013"}],"wp:term":[{"taxonomy":"category","embeddable":true,"href":"https:\/\/www.aarquiteta.com.br\/blog\/wp-json\/wp\/v2\/categories?post=14013"},{"taxonomy":"post_tag","embeddable":true,"href":"https:\/\/www.aarquiteta.com.br\/blog\/wp-json\/wp\/v2\/tags?post=14013"}],"curies":[{"name":"wp","href":"https:\/\/api.w.org\/{rel}","templated":true}]}}