{"id":140079,"date":"2025-01-10T07:52:00","date_gmt":"2025-01-10T10:52:00","guid":{"rendered":"https:\/\/www.aarquiteta.com.br\/blog\/decoracao-de-varanda\/"},"modified":"2025-01-10T07:52:00","modified_gmt":"2025-01-10T10:52:00","slug":"decoracao-de-varanda","status":"publish","type":"post","link":"https:\/\/www.aarquiteta.com.br\/blog\/decoracao-de-varanda\/","title":{"rendered":"10 Ideias de Decora\u00e7\u00e3o de Varanda que Inspiram Aconchego"},"content":{"rendered":"<p><body><\/p>\n<p>Transforme sua varanda em um espa\u00e7o aconchegante e cheio de estilo com dicas pr\u00e1ticas sobre m\u00f3veis, plantas e ilumina\u00e7\u00e3o. O ambiente ideal para relaxar e socializar!<\/p>\n<h2>Ideias de Decora\u00e7\u00e3o de Varanda que Inspiram Aconchego<\/h2>\n<h2>1. Entendendo o Potencial da Sua Varanda<\/h2>\n<p>Uma varanda \u00e9 mais do que apenas um espa\u00e7o entre o interior e o exterior. <b>Ela pode ser um ref\u00fagio pessoal<\/b>, um lugar para relaxar, ler um livro ou at\u00e9 mesmo receber amigos. Ao pensar em decora\u00e7\u00e3o, o primeiro passo \u00e9 entender o que voc\u00ea realmente deseja desse ambiente.<\/p>\n<p>Considere os momentos que gostaria de passar ali: um caf\u00e9 da manh\u00e3 pleno de luz natural, uma leitura tranquila ao final do dia ou at\u00e9 mesmo um jantar sob as estrelas. Saber o que voc\u00ea quer ajuda a moldar cada detalhe da sua varanda.<\/p>\n<h3>1.1 Criando um Ambiente Convidativo<\/h3>\n<figure style=\"width: 1024px\" class=\"wp-caption aligncenter\"><img decoding=\"async\" src=\"https:\/\/www.aarquiteta.com.br\/blog\/wp-content\/uploads\/2025\/01\/decoracao-de-varanda-5-730x851.jpg\" alt=\"Aposte na mistura de cores e estampas\" title=\"\"><figcaption class=\"wp-caption-text\">Aposte na mistura de cores e estampas<\/figcaption><\/figure>\n<p>Terracota e madeira natural s\u00e3o cl\u00e1ssicos que transmitem uma sensa\u00e7\u00e3o de <b>acolhimento imediato<\/b>. Ao optar por materiais que remetem \u00e0 natureza, voc\u00ea n\u00e3o apenas decora, mas tamb\u00e9m cria uma conex\u00e3o entre a varanda e o exterior.<\/p>\n<p>Imagine uma cadeira de balan\u00e7o que convida voc\u00ea a se sentar e relaxar. Ela n\u00e3o \u00e9 apenas um m\u00f3vel; \u00e9 um convite ao descanso e \u00e0 contempla\u00e7\u00e3o. A atmosfera que voc\u00ea cria \u00e9 fundamental para lembrar que, mesmo na cidade, \u00e9 poss\u00edvel se sentir ligado \u00e0 natureza.<\/p>\n<h2>2. Escolhendo os M\u00f3veis Certos<\/h2>\n<p>O mobili\u00e1rio \u00e9 o cora\u00e7\u00e3o da decora\u00e7\u00e3o da varanda. <b>Escolher m\u00f3veis confort\u00e1veis e funcionais<\/b> deve ser a sua prioridade. Sof\u00e1s, poltronas e mesas devem se integrar ao espa\u00e7o de maneira harm\u00f4nica.<\/p>\n<h3>2.1 Estilo e Funcionalidade<\/h3>\n<figure style=\"width: 1024px\" class=\"wp-caption aligncenter\"><img decoding=\"async\" src=\"https:\/\/www.aarquiteta.com.br\/blog\/wp-content\/uploads\/2025\/01\/decoracao-de-varanda01.jpg\" alt=\"75 Ideias de Decora\u00e7\u00e3o de Varanda que Inspiram Aconchego\" width=\"1024\" height=\"1024\" title=\"\"><figcaption class=\"wp-caption-text\">75 Ideias de Decora\u00e7\u00e3o de Varanda que Inspiram Aconchego<\/figcaption><\/figure>\n<p>Pense nos m\u00f3veis como aliados. Um <b>sof\u00e1 espa\u00e7oso<\/b> pode ser o ponto focal, enquanto mesas dobr\u00e1veis ajudam a otimizar o espa\u00e7o. Combine pe\u00e7as que s\u00e3o atraentes e pr\u00e1ticas ao mesmo tempo; isso faz toda a diferen\u00e7a.<\/p>\n<p>Use almofadas com diferentes texturas e cores para adicionar conforto e estilo. Uma mistura de padr\u00f5es, se feita com modera\u00e7\u00e3o, cria um ambiente divertido e convidativo.<\/p>\n<h3>2.2 O Toque das Plantas<\/h3>\n<figure style=\"width: 1024px\" class=\"wp-caption aligncenter\"><img decoding=\"async\" src=\"https:\/\/www.aarquiteta.com.br\/blog\/wp-content\/uploads\/2025\/01\/decoracao-de-varanda-00.jpg\" alt=\"75 ideias de decora\u00e7\u00e3o de varanda que inspiram aconchego\" title=\"\"><figcaption class=\"wp-caption-text\">75 ideias de decora\u00e7\u00e3o de varanda que inspiram aconchego<\/figcaption><\/figure>\n<p>Plantas s\u00e3o essenciais para trazer vida \u00e0 varanda. <b>Elas n\u00e3o apenas purificam o ar<\/b>, mas tamb\u00e9m embelezam o espa\u00e7o. Escolha esp\u00e9cies que se adaptam ao clima da sua regi\u00e3o e que operam na mesma sinergia da sua decora\u00e7\u00e3o.<\/p>\n<p>Um <b>jardim vertical<\/b> ou prateleiras com vasos pendentes ajudam a economizar espa\u00e7o e oferecem um visual moderno e fresco. Cada planta adiciona uma textura \u00fanica e transforma o ambiente em um pequeno o\u00e1sis.<\/p>\n<h2>3. Ilumina\u00e7\u00e3o: A Magia do Ambiente<\/h2>\n<p>A ilumina\u00e7\u00e3o desempenha um papel crucial na composi\u00e7\u00e3o do clima da varanda. <b>Uma boa ilumina\u00e7\u00e3o pode transformar completamente um espa\u00e7o<\/b>. Experimente usar lanternas, cordas de luz ou at\u00e9 velas para um toque intimista.<\/p>\n<h3>3.1 Ilumina\u00e7\u00e3o Direta e Indireta<\/h3>\n<figure style=\"width: 1024px\" class=\"wp-caption aligncenter\"><img decoding=\"async\" src=\"https:\/\/www.aarquiteta.com.br\/blog\/wp-content\/uploads\/2025\/01\/decoracao-de-varanda02.jpg\" alt=\"75 Ideias de Decora\u00e7\u00e3o de Varanda que Inspiram Aconchego\" width=\"1024\" height=\"1024\" title=\"\"><figcaption class=\"wp-caption-text\">75 Ideias de Decora\u00e7\u00e3o de Varanda que Inspiram Aconchego<\/figcaption><\/figure>\n<p>Identifique onde a luz \u00e9 mais necess\u00e1ria. Ilumina\u00e7\u00e3o direta para momentos de leitura \u00e9 fundamental, enquanto ilumina\u00e7\u00e3o indireta cria um clima aconchegante. Combine ambos os tipos para um efeito harmonioso.<\/p>\n<h3>3.2 Elementos Decorativos Iluminados<\/h3>\n<figure style=\"width: 1024px\" class=\"wp-caption aligncenter\"><img decoding=\"async\" src=\"https:\/\/www.aarquiteta.com.br\/blog\/wp-content\/uploads\/2025\/01\/decoracao-de-varanda-1-730x913.jpg\" alt=\"A varanda pode trazer uma decora\u00e7\u00e3o s\u00f3bria\" title=\"\"><figcaption class=\"wp-caption-text\">A varanda pode trazer uma decora\u00e7\u00e3o s\u00f3bria<\/figcaption><\/figure>\n<p>Lanternas ou velas podem ser n\u00e3o apenas funcionais, mas tamb\u00e9m decorativas. <b>Elas criam um ambiente encantador<\/b>, perfeito para noites relaxantes ou eventos sociais. Adicione um toque de l\u00e2mpadas LED para destacar suas plantas ou objetos decorativos na varanda.<\/p>\n<h2>4. Acess\u00f3rios que Fazem a Diferen\u00e7a<\/h2>\n<p>A personaliza\u00e7\u00e3o do espa\u00e7o \u00e9 o que traz sua identidade para a varanda. <b>Cobertores, almofadas e tapetes de fibras naturais<\/b> trazem aconchego e tamb\u00e9m s\u00e3o pr\u00e1ticos, especialmente em um ambiente externo.<\/p>\n<h3>4.1 Texturas e Cores<\/h3>\n<figure style=\"width: 1024px\" class=\"wp-caption aligncenter\"><img decoding=\"async\" src=\"https:\/\/www.aarquiteta.com.br\/blog\/wp-content\/uploads\/2025\/01\/decoracao-de-varanda03.jpg\" alt=\"75 Ideias de Decora\u00e7\u00e3o de Varanda que Inspiram Aconchego\" width=\"1024\" height=\"1024\" title=\"\"><figcaption class=\"wp-caption-text\">75 Ideias de Decora\u00e7\u00e3o de Varanda que Inspiram Aconchego<\/figcaption><\/figure>\n<p>Combine diferentes texturas e cores para um visual mais din\u00e2mico. Almofadas e tapetes podem trazer um charme extra e ainda proporcionar maior conforto. Um tapete com padr\u00f5es vibrantes emoldura o espa\u00e7o e convida ao relaxamento.<\/p>\n<h3>4.2 Materiais Naturais<\/h3>\n<figure style=\"width: 1024px\" class=\"wp-caption aligncenter\"><img decoding=\"async\" src=\"https:\/\/www.aarquiteta.com.br\/blog\/wp-content\/uploads\/2025\/01\/decoracao-de-varanda-2-730x730.jpg\" alt=\"Ou ter um visual bem descontra\u00eddo\" title=\"\"><figcaption class=\"wp-caption-text\">Ou ter um visual bem descontra\u00eddo<\/figcaption><\/figure>\n<p>Materiais como rattan, madeira e fibras naturais s\u00e3o ideais para manter a conex\u00e3o com a natureza. <b>Esses elementos trazem uma sensa\u00e7\u00e3o mais relaxante e harmoniosa<\/b> ao ambiente, al\u00e9m de serem sustent\u00e1veis.<\/p>\n<h2>5. Espa\u00e7os Multiuso<\/h2>\n<p>Se a sua varanda \u00e9 pequena, ao inv\u00e9s de se preocupar, pense em como <b>otimiz\u00e1-la para m\u00faltiplos usos<\/b>. Um espa\u00e7o gourmet pode ser simples e ao mesmo tempo funcional. Aposte em m\u00f3veis dobr\u00e1veis e modulares que se adaptam \u00e0s suas necessidades.<\/p>\n<h3>5.1 A Varanda Gourmet<\/h3>\n<figure style=\"width: 1024px\" class=\"wp-caption aligncenter\"><img decoding=\"async\" src=\"https:\/\/www.aarquiteta.com.br\/blog\/wp-content\/uploads\/2025\/01\/decoracao-de-varanda4.jpg\" alt=\"75 Ideias de Decora\u00e7\u00e3o de Varanda que Inspiram Aconchego\" width=\"1024\" height=\"1024\" title=\"\"><figcaption class=\"wp-caption-text\">75 Ideias de Decora\u00e7\u00e3o de Varanda que Inspiram Aconchego<\/figcaption><\/figure>\n<p>Uma churrasqueira compacta, junto a uma mesa de refei\u00e7\u00f5es, pode transformar seu espa\u00e7o na varanda em um local ideal para encontros gastron\u00f4micos com amigos e fam\u00edlia. \u00c9 neste ambiente que memor\u00e1veis momentos ser\u00e3o criados.<\/p>\n<h3>5.2 Espa\u00e7o para Relaxamento<\/h3>\n<figure style=\"width: 1024px\" class=\"wp-caption aligncenter\"><img decoding=\"async\" src=\"https:\/\/www.aarquiteta.com.br\/blog\/wp-content\/uploads\/2025\/01\/decoracao-de-varanda-3-730x730.jpg\" alt=\"Sof\u00e1s e poltronas trazem mais aconchego\" title=\"\"><figcaption class=\"wp-caption-text\">Sof\u00e1s e poltronas trazem mais aconchego<\/figcaption><\/figure>\n<p>N\u00e3o esque\u00e7a de reservar um cantinho para relaxar. Uma rede ou um futon pode fazer toda a diferen\u00e7a. <b>Cuide do conforto e da funcionalidade<\/b> para fazer desse espa\u00e7o um verdadeiro santu\u00e1rio.<\/p>\n<h2>6. Maximiza\u00e7\u00e3o do Espa\u00e7o<\/h2>\n<p>Em apartamentos menores, o aproveitamento inteligente do espa\u00e7o \u00e9 essencial. <b>M\u00f3veis sob medida<\/b> podem ser uma sa\u00edda m\u00e1gica! Uma boa estante ou arm\u00e1rio pode n\u00e3o apenas embelezar, mas tamb\u00e9m otimizar a organiza\u00e7\u00e3o de itens e plantas.<\/p>\n<h3>6.1 M\u00f3veis Sob Medida<\/h3>\n<h3>Para se aprofundar mais sobre o tema, veja a minha recomenda\u00e7\u00e3o sobre o tema deste artigo no v\u00eddeo a seguir abaixo:<\/h3>\n<p><iframe title=\"YouTube video player\" src=\"https:\/\/www.youtube.com\/embed\/KX47vXSYutA\" width=\"560\" height=\"315\" frameborder=\"0\" allowfullscreen=\"allowfullscreen\"><\/iframe><\/p>\n<p>Nada como um <b>m\u00f3vel projetado para o espa\u00e7o<\/b> que voc\u00ea tem. A personaliza\u00e7\u00e3o \u00e9 uma solu\u00e7\u00e3o que se adapta ao seu estilo e \u00e0s suas necessidades, permitindo um uso mais eficiente do espa\u00e7o dispon\u00edvel.<\/p>\n<h3>6.2 Aproveitamento de Espa\u00e7o Vertical<\/h3>\n<figure style=\"width: 1024px\" class=\"wp-caption aligncenter\"><img decoding=\"async\" src=\"https:\/\/www.aarquiteta.com.br\/blog\/wp-content\/uploads\/2025\/01\/decoracao-de-varanda-4-730x912.jpg\" alt=\"E voc\u00ea pode ter at\u00e9 uma cadeira balan\u00e7o\" title=\"\"><figcaption class=\"wp-caption-text\">E voc\u00ea pode ter at\u00e9 uma cadeira balan\u00e7o<\/figcaption><\/figure>\n<p>Use prateleiras altas e penduricalhos para aproveitar as paredes. <b>Decorando verticalmente<\/b>, voc\u00ea libera espa\u00e7o no ch\u00e3o e ainda exibe suas plantas e acess\u00f3rios de forma charmosa e acess\u00edvel.<\/p>\n<h2>Conclus\u00e3o<\/h2>\n<p>Ao final, o que realmente importa \u00e9 a sua capacidade de <b>transformar a varanda em um espa\u00e7o que reflita quem voc\u00ea \u00e9<\/b>. O aconchego, a funcionalidade e o estilo podem coexistir, e com as ideias e dicas aqui apresentadas, sua varanda se tornar\u00e1 um lugar perfeito para viver boas experi\u00eancias.<\/p>\n<p><\/body><\/p>\n","protected":false},"excerpt":{"rendered":"<p>Descubra 75 ideias criativas para decorar sua varanda e transform\u00e1-la em um espa\u00e7o aconchegante e acolhedor.<\/p>\n","protected":false},"author":102,"featured_media":140072,"comment_status":"closed","ping_status":"closed","sticky":false,"template":"","format":"standard","meta":{"footnotes":""},"categories":[1484],"tags":[],"class_list":["post-140079","post","type-post","status-publish","format-standard","has-post-thumbnail","category-decoracao"],"_wp_attached_file":null,"_wp_attachment_metadata":null,"_wp_attachment_context":null,"_wp_attachment_is_custom_header":null,"geo_longitude":null,"geo_public":null,"geo_latitude":null,"_publicize_done_external":null,"_wpas_done_3897181":null,"publicize_twitter_user":null,"_wpas_done_3897175":null,"_wpas_skip_3897181":null,"_wpas_skip_3897175":null,"_wpas_skip_3924723":null,"_wpas_mess":null,"_wpas_done_3924723":null,"wps_subtitle":"","_links":{"self":[{"href":"https:\/\/www.aarquiteta.com.br\/blog\/wp-json\/wp\/v2\/posts\/140079","targetHints":{"allow":["GET"]}}],"collection":[{"href":"https:\/\/www.aarquiteta.com.br\/blog\/wp-json\/wp\/v2\/posts"}],"about":[{"href":"https:\/\/www.aarquiteta.com.br\/blog\/wp-json\/wp\/v2\/types\/post"}],"author":[{"embeddable":true,"href":"https:\/\/www.aarquiteta.com.br\/blog\/wp-json\/wp\/v2\/users\/102"}],"replies":[{"embeddable":true,"href":"https:\/\/www.aarquiteta.com.br\/blog\/wp-json\/wp\/v2\/comments?post=140079"}],"version-history":[{"count":0,"href":"https:\/\/www.aarquiteta.com.br\/blog\/wp-json\/wp\/v2\/posts\/140079\/revisions"}],"wp:featuredmedia":[{"embeddable":true,"href":"https:\/\/www.aarquiteta.com.br\/blog\/wp-json\/wp\/v2\/media\/140072"}],"wp:attachment":[{"href":"https:\/\/www.aarquiteta.com.br\/blog\/wp-json\/wp\/v2\/media?parent=140079"}],"wp:term":[{"taxonomy":"category","embeddable":true,"href":"https:\/\/www.aarquiteta.com.br\/blog\/wp-json\/wp\/v2\/categories?post=140079"},{"taxonomy":"post_tag","embeddable":true,"href":"https:\/\/www.aarquiteta.com.br\/blog\/wp-json\/wp\/v2\/tags?post=140079"}],"curies":[{"name":"wp","href":"https:\/\/api.w.org\/{rel}","templated":true}]}}