{"id":140066,"date":"2025-01-09T20:26:39","date_gmt":"2025-01-09T23:26:39","guid":{"rendered":"https:\/\/www.aarquiteta.com.br\/blog\/7-ideias-cores-sair-basico-decoracao\/"},"modified":"2025-01-09T20:26:39","modified_gmt":"2025-01-09T23:26:39","slug":"7-ideias-cores-sair-basico-decoracao","status":"publish","type":"post","link":"https:\/\/www.aarquiteta.com.br\/blog\/7-ideias-cores-sair-basico-decoracao\/","title":{"rendered":"7 Ideias de Cores para quem quer Sair do B\u00e1sico na Decora\u00e7\u00e3o"},"content":{"rendered":"<p><body><\/p>\n<p>Se voc\u00ea est\u00e1 cansado das mesmas cores na decora\u00e7\u00e3o da sua casa, confira estas 7 ideias de cores vibrantes e ousadas que v\u00e3o transformar seu ambiente e trazer uma nova energia ao seu lar.<\/p>\n<h2>Destaques principais<\/h2>\n<ul>\n<li><b>Azul Turquesa:<\/b> Uma cor que traz a sensa\u00e7\u00e3o do mar e pode ser usada em diversos ambientes.<\/li>\n<li><b>Amarelo Mostarda:<\/b> Ideal para quem busca alegria e calor na decora\u00e7\u00e3o, perfeito para salas e cozinhas.<\/li>\n<li><b>Cinza Chumbo:<\/b> Uma cor vers\u00e1til que combina com quase tudo e traz eleg\u00e2ncia ao espa\u00e7o.<\/li>\n<\/ul>\n<h2>1. Azul Turquesa: A Cor do Mar<\/h2>\n<h3>Como Usar o Azul Turquesa na Decora\u00e7\u00e3o<\/h3>\n<figure style=\"width: 1024px\" class=\"wp-caption aligncenter\"><img decoding=\"async\" src=\"https:\/\/www.aarquiteta.com.br\/blog\/wp-content\/uploads\/2025\/01\/7-ideias-cores-sair-basico-decoracao04.jpg\" alt=\"7 Ideias de Cores para quem quer Sair do B\u00e1sico na Decora\u00e7\u00e3o\" width=\"1024\" height=\"1024\" title=\"\"><figcaption class=\"wp-caption-text\">7 Ideias de Cores para quem quer Sair do B\u00e1sico na Decora\u00e7\u00e3o<\/figcaption><\/figure>\n<p>O <b>azul turquesa<\/b> \u00e9 uma cor que remete \u00e0 tranquilidade e frescor do mar. Ao us\u00e1-la na decora\u00e7\u00e3o, voc\u00ea pode optar por pintar uma parede ou utilizar acess\u00f3rios como almofadas e quadros. Essa cor combina muito bem com <b>brancos<\/b> e <b>madeiras claras<\/b>, criando um ambiente leve e arejado.<\/p>\n<h2>2. Verde Oliva: Sofistica\u00e7\u00e3o Natural<\/h2>\n<h3>Combina\u00e7\u00f5es de Verde Oliva com Outros Tons<\/h3>\n<figure style=\"width: 1024px\" class=\"wp-caption aligncenter\"><img decoding=\"async\" src=\"https:\/\/www.aarquiteta.com.br\/blog\/wp-content\/uploads\/2025\/01\/7-ideias-cores-sair-basico-decoracao03.jpg\" alt=\"7 Ideias de Cores para quem quer Sair do B\u00e1sico na Decora\u00e7\u00e3o\" width=\"1024\" height=\"1024\" title=\"\"><figcaption class=\"wp-caption-text\">7 Ideias de Cores para quem quer Sair do B\u00e1sico na Decora\u00e7\u00e3o<\/figcaption><\/figure>\n<p>O <b>verde oliva<\/b> \u00e9 uma escolha sofisticada que traz um toque de natureza ao ambiente. Ele combina perfeitamente com tons terrosos e <b>bege<\/b>, criando uma paleta harmoniosa. Para um efeito mais ousado, experimente combin\u00e1-lo com <b>azul marinho<\/b> ou <b>laranja queimado<\/b>.<\/p>\n<h2>3. Amarelo Mostarda: Alegria e Calor<\/h2>\n<h3>Ambientes Ideais para o Amarelo Mostarda<\/h3>\n<figure style=\"width: 1024px\" class=\"wp-caption aligncenter\"><img decoding=\"async\" src=\"https:\/\/www.aarquiteta.com.br\/blog\/wp-content\/uploads\/2025\/01\/7-ideias-cores-sair-basico-decoracao02.jpg\" alt=\"7 Ideias de Cores para quem quer Sair do B\u00e1sico na Decora\u00e7\u00e3o\" width=\"1024\" height=\"1024\" title=\"\"><figcaption class=\"wp-caption-text\">7 Ideias de Cores para quem quer Sair do B\u00e1sico na Decora\u00e7\u00e3o<\/figcaption><\/figure>\n<p>O <b>amarelo mostarda<\/b> \u00e9 uma cor vibrante que traz alegria e calor aos ambientes. \u00c9 ideal para cozinhas e salas de estar, onde a energia \u00e9 fundamental. Para equilibrar, combine com <b>cinzas<\/b> ou <b>brancos<\/b>, criando um contraste que destaca a cor.<\/p>\n<h2>4. Rosa Quartzo: Delicadeza e Modernidade<\/h2>\n<h3>Rosa Quartzo em Diferentes Estilos de Decora\u00e7\u00e3o<\/h3>\n<figure style=\"width: 1024px\" class=\"wp-caption aligncenter\"><img decoding=\"async\" src=\"https:\/\/www.aarquiteta.com.br\/blog\/wp-content\/uploads\/2025\/01\/7-ideias-cores-sair-basico-decoracao01.jpg\" alt=\"7 Ideias de Cores para quem quer Sair do B\u00e1sico na Decora\u00e7\u00e3o\" width=\"1024\" height=\"1024\" title=\"\"><figcaption class=\"wp-caption-text\">7 Ideias de Cores para quem quer Sair do B\u00e1sico na Decora\u00e7\u00e3o<\/figcaption><\/figure>\n<p>O <b>rosa quartzo<\/b> \u00e9 uma cor delicada que se encaixa bem em diversos estilos de decora\u00e7\u00e3o, desde o <b>minimalista<\/b> at\u00e9 o <b>vintage<\/b>. Use em paredes ou em detalhes como cortinas e tapetes. Essa cor traz uma sensa\u00e7\u00e3o de acolhimento e modernidade ao espa\u00e7o.<\/p>\n<h2>5. Vermelho Terracota: Aque\u00e7a Seu Espa\u00e7o<\/h2>\n<h3>Vermelho Terracota em Acess\u00f3rios e M\u00f3veis<\/h3>\n<p style=\"text-align: center;\">[amazon table=&#8221;88247&#8243;]\n<p>O <b>vermelho terracota<\/b> \u00e9 uma cor quente que pode aquecer qualquer ambiente. Ideal para m\u00f3veis e acess\u00f3rios, essa cor combina bem com <b>madeiras escuras<\/b> e <b>tons neutros<\/b>. Experimente usar em poltronas ou em detalhes decorativos para um toque especial.<\/p>\n<h2>6. Cinza Chumbo: Eleg\u00e2ncia e Versatilidade<\/h2>\n<h3>Como Combinar o Cinza Chumbo com Outras Cores<\/h3>\n<h3>Assista agora a minha recomenda\u00e7\u00e3o de video abaixo sobre o tema que estamos tratando neste artigo: <\/h3>\n<p><div class=\"youtube-embed\" data-video_id=\"YmxBkaIaB8w\"><iframe title=\"Ideia de decora\u00e7\u00e3o para quartos! #shorts\" width=\"696\" height=\"392\" src=\"https:\/\/www.youtube.com\/embed\/YmxBkaIaB8w?feature=oembed&#038;enablejsapi=1\" frameborder=\"0\" allow=\"accelerometer; autoplay; clipboard-write; encrypted-media; gyroscope; picture-in-picture; web-share\" referrerpolicy=\"strict-origin-when-cross-origin\" allowfullscreen><\/iframe><\/div>\n<\/p>\n<p>O <b>cinza chumbo<\/b> \u00e9 uma cor que exala eleg\u00e2ncia e versatilidade. Pode ser usado em paredes ou m\u00f3veis, e combina bem com quase todas as cores. Para um efeito mais ousado, experimente combin\u00e1-lo com <b>amarelo<\/b> ou <b>vermelho<\/b>, criando um contraste marcante.<\/p>\n<h2>Conclus\u00e3o: Ouse na Sua Decora\u00e7\u00e3o<\/h2>\n<p>Ao escolher cores vibrantes e ousadas para a sua decora\u00e7\u00e3o, voc\u00ea n\u00e3o apenas transforma o ambiente, mas tamb\u00e9m expressa sua personalidade. N\u00e3o tenha medo de experimentar combina\u00e7\u00f5es inusitadas e sair do \u00f3bvio. A decora\u00e7\u00e3o \u00e9 uma forma de arte e deve refletir quem voc\u00ea \u00e9. Ent\u00e3o, <b>ouse<\/b> e traga nova energia ao seu lar!<\/p>\n<p><\/body><\/p>\n","protected":false},"excerpt":{"rendered":"<p>Aprenda a escolher cores ousadas ou combina\u00e7\u00f5es inusitadas, saindo do \u00f3bvio e trazendo personalidade ao seu lar.<\/p>\n","protected":false},"author":102,"featured_media":140063,"comment_status":"closed","ping_status":"closed","sticky":false,"template":"","format":"standard","meta":{"footnotes":""},"categories":[1484,971,18792,18794],"tags":[],"class_list":["post-140066","post","type-post","status-publish","format-standard","has-post-thumbnail","category-decoracao","category-design-de-interiores","category-decoracao-de-apartamento","category-projetos-de-decoracao-de-casas"],"_wp_attached_file":null,"_wp_attachment_metadata":null,"_wp_attachment_context":null,"_wp_attachment_is_custom_header":null,"geo_longitude":null,"geo_public":null,"geo_latitude":null,"_publicize_done_external":null,"_wpas_done_3897181":null,"publicize_twitter_user":null,"_wpas_done_3897175":null,"_wpas_skip_3897181":null,"_wpas_skip_3897175":null,"_wpas_skip_3924723":null,"_wpas_mess":null,"_wpas_done_3924723":null,"wps_subtitle":"","_links":{"self":[{"href":"https:\/\/www.aarquiteta.com.br\/blog\/wp-json\/wp\/v2\/posts\/140066","targetHints":{"allow":["GET"]}}],"collection":[{"href":"https:\/\/www.aarquiteta.com.br\/blog\/wp-json\/wp\/v2\/posts"}],"about":[{"href":"https:\/\/www.aarquiteta.com.br\/blog\/wp-json\/wp\/v2\/types\/post"}],"author":[{"embeddable":true,"href":"https:\/\/www.aarquiteta.com.br\/blog\/wp-json\/wp\/v2\/users\/102"}],"replies":[{"embeddable":true,"href":"https:\/\/www.aarquiteta.com.br\/blog\/wp-json\/wp\/v2\/comments?post=140066"}],"version-history":[{"count":0,"href":"https:\/\/www.aarquiteta.com.br\/blog\/wp-json\/wp\/v2\/posts\/140066\/revisions"}],"wp:featuredmedia":[{"embeddable":true,"href":"https:\/\/www.aarquiteta.com.br\/blog\/wp-json\/wp\/v2\/media\/140063"}],"wp:attachment":[{"href":"https:\/\/www.aarquiteta.com.br\/blog\/wp-json\/wp\/v2\/media?parent=140066"}],"wp:term":[{"taxonomy":"category","embeddable":true,"href":"https:\/\/www.aarquiteta.com.br\/blog\/wp-json\/wp\/v2\/categories?post=140066"},{"taxonomy":"post_tag","embeddable":true,"href":"https:\/\/www.aarquiteta.com.br\/blog\/wp-json\/wp\/v2\/tags?post=140066"}],"curies":[{"name":"wp","href":"https:\/\/api.w.org\/{rel}","templated":true}]}}