{"id":140026,"date":"2025-01-09T17:47:07","date_gmt":"2025-01-09T20:47:07","guid":{"rendered":"https:\/\/www.aarquiteta.com.br\/blog\/como-criar-cantinho-oracao-meditacao\/"},"modified":"2025-01-09T17:47:07","modified_gmt":"2025-01-09T20:47:07","slug":"como-criar-cantinho-oracao-meditacao","status":"publish","type":"post","link":"https:\/\/www.aarquiteta.com.br\/blog\/como-criar-cantinho-oracao-meditacao\/","title":{"rendered":"Como Criar um Cantinho Perfeito de Ora\u00e7\u00e3o e Medita\u00e7\u00e3o na sua casa : 7 Dicas Essenciais"},"content":{"rendered":"<p><body><\/p>\n<p>Descubra como criar um cantinho perfeito de ora\u00e7\u00e3o e medita\u00e7\u00e3o em sua casa com estas 7 dicas essenciais que v\u00e3o transformar seu espa\u00e7o em um ref\u00fagio de paz e espiritualidade.<\/p>\n<h2>Destaques principais<\/h2>\n<ul>\n<li><b>Escolha do Local:<\/b> Um ambiente calmo e iluminado \u00e9 fundamental para a medita\u00e7\u00e3o.<\/li>\n<li><b>Decora\u00e7\u00e3o Significativa:<\/b> Cores e elementos naturais ajudam a criar uma atmosfera de paz.<\/li>\n<li><b>Rotina de Pr\u00e1ticas:<\/b> Estabelecer hor\u00e1rios fixos para ora\u00e7\u00e3o e medita\u00e7\u00e3o traz disciplina e foco.<\/li>\n<\/ul>\n<h2>1. Escolha o Local Ideal<\/h2>\n<p>O primeiro passo para criar um cantinho de ora\u00e7\u00e3o e medita\u00e7\u00e3o \u00e9 a <b>escolha do local<\/b>. \u00c9 essencial que o espa\u00e7o seja tranquilo e livre de distra\u00e7\u00f5es. Um ambiente calmo e silencioso permite que voc\u00ea se conecte mais facilmente com sua espiritualidade.<\/p>\n<h3>1.1. Ambientes Calmos e Silenciosos<\/h3>\n<figure style=\"width: 1024px\" class=\"wp-caption aligncenter\"><img decoding=\"async\" src=\"https:\/\/www.aarquiteta.com.br\/blog\/wp-content\/uploads\/2025\/01\/como-criar-cantinho-oracao-meditacao04.jpg\" alt=\"Como Criar um Cantinho Perfeito de Ora\u00e7\u00e3o e Medita\u00e7\u00e3o na sua casa : 7 Dicas Essenciais\" width=\"1024\" height=\"1024\" title=\"\"><figcaption class=\"wp-caption-text\">Como Criar um Cantinho Perfeito de Ora\u00e7\u00e3o e Medita\u00e7\u00e3o na sua casa : 7 Dicas Essenciais<\/figcaption><\/figure>\n<p>Procure um lugar em sua casa onde voc\u00ea possa se sentir \u00e0 vontade. Pode ser um canto da sala, um quarto ou at\u00e9 mesmo um espa\u00e7o ao ar livre. O importante \u00e9 que seja um local onde voc\u00ea possa <b>desconectar-se<\/b> do mundo exterior.<\/p>\n<h3>1.2. Ilumina\u00e7\u00e3o Natural<\/h3>\n<figure style=\"width: 1024px\" class=\"wp-caption aligncenter\"><img decoding=\"async\" src=\"https:\/\/www.aarquiteta.com.br\/blog\/wp-content\/uploads\/2025\/01\/como-criar-cantinho-oracao-meditacao03.jpg\" alt=\"Como Criar um Cantinho Perfeito de Ora\u00e7\u00e3o e Medita\u00e7\u00e3o na sua casa : 7 Dicas Essenciais\" width=\"1024\" height=\"1024\" title=\"\"><figcaption class=\"wp-caption-text\">Como Criar um Cantinho Perfeito de Ora\u00e7\u00e3o e Medita\u00e7\u00e3o na sua casa : 7 Dicas Essenciais<\/figcaption><\/figure>\n<p>A <b>ilumina\u00e7\u00e3o natural<\/b> \u00e9 um elemento que traz vida ao seu espa\u00e7o. Sempre que poss\u00edvel, escolha um local que receba luz do sol. A luz natural n\u00e3o s\u00f3 ilumina, mas tamb\u00e9m <b>renova as energias<\/b> do ambiente.<\/p>\n<h2>2. Defina a Decora\u00e7\u00e3o do Seu Cantinho<\/h2>\n<p>A decora\u00e7\u00e3o do seu espa\u00e7o deve refletir a <b>tranquilidade<\/b> que voc\u00ea deseja. Cores suaves e elementos naturais s\u00e3o essenciais para criar um ambiente acolhedor.<\/p>\n<h3>2.1. Cores que Transmitem Paz<\/h3>\n<figure style=\"width: 1024px\" class=\"wp-caption aligncenter\"><img decoding=\"async\" src=\"https:\/\/www.aarquiteta.com.br\/blog\/wp-content\/uploads\/2025\/01\/como-criar-cantinho-oracao-meditacao02.jpg\" alt=\"Como Criar um Cantinho Perfeito de Ora\u00e7\u00e3o e Medita\u00e7\u00e3o na sua casa : 7 Dicas Essenciais\" width=\"1024\" height=\"1024\" title=\"\"><figcaption class=\"wp-caption-text\">Como Criar um Cantinho Perfeito de Ora\u00e7\u00e3o e Medita\u00e7\u00e3o na sua casa : 7 Dicas Essenciais<\/figcaption><\/figure>\n<p>Opte por cores como azul, verde e tons past\u00e9is. Essas cores t\u00eam o poder de <b>acalmar a mente<\/b> e criar uma atmosfera prop\u00edcia para a medita\u00e7\u00e3o.<\/p>\n<h3>2.2. Elementos Naturais<\/h3>\n<figure style=\"width: 1024px\" class=\"wp-caption aligncenter\"><img decoding=\"async\" src=\"https:\/\/www.aarquiteta.com.br\/blog\/wp-content\/uploads\/2025\/01\/como-criar-cantinho-oracao-meditacao01.jpg\" alt=\"Como Criar um Cantinho Perfeito de Ora\u00e7\u00e3o e Medita\u00e7\u00e3o na sua casa : 7 Dicas Essenciais\" width=\"1024\" height=\"1024\" title=\"\"><figcaption class=\"wp-caption-text\">Como Criar um Cantinho Perfeito de Ora\u00e7\u00e3o e Medita\u00e7\u00e3o na sua casa : 7 Dicas Essenciais<\/figcaption><\/figure>\n<p>Incluir plantas e elementos naturais, como pedras e madeira, pode trazer uma sensa\u00e7\u00e3o de <b>conex\u00e3o com a natureza<\/b>. Esses elementos ajudam a purificar o ambiente e a criar um espa\u00e7o mais harmonioso.<\/p>\n<h2>3. Inclua Itens Espirituais<\/h2>\n<p>Adicionar itens que tenham significado espiritual para voc\u00ea pode enriquecer ainda mais o seu cantinho. Esses objetos ajudam a <b>focar a mente<\/b> e a intensificar a pr\u00e1tica.<\/p>\n<h3>3.1. Imagens e Estatuetas<\/h3>\n<p style=\"text-align: center;\">[amazon table=&#8221;88277&#8243;]\n<p>Imagens de santos, deuses ou s\u00edmbolos que voc\u00ea admira podem ser colocados no espa\u00e7o. Eles servem como <b>foco de devo\u00e7\u00e3o<\/b> e inspira\u00e7\u00e3o durante suas pr\u00e1ticas.<\/p>\n<h3>3.2. Velas e Incensos<\/h3>\n<h3>Assista agora a minha recomenda\u00e7\u00e3o de video abaixo sobre o tema que estamos tratando neste artigo: <\/h3>\n<p><div class=\"youtube-embed\" data-video_id=\"QBswh7BPnH4\"><iframe title=\"Cantinho para Yoga ou medita\u00e7\u00e3o\" width=\"696\" height=\"522\" src=\"https:\/\/www.youtube.com\/embed\/QBswh7BPnH4?feature=oembed&#038;enablejsapi=1\" frameborder=\"0\" allow=\"accelerometer; autoplay; clipboard-write; encrypted-media; gyroscope; picture-in-picture; web-share\" referrerpolicy=\"strict-origin-when-cross-origin\" allowfullscreen><\/iframe><\/div>\n<\/p>\n<p>As velas e incensos n\u00e3o apenas criam uma atmosfera agrad\u00e1vel, mas tamb\u00e9m ajudam a <b>purificar o ar<\/b> e a elevar a espiritualidade do ambiente. Escolha aromas que voc\u00ea goste e que tragam boas energias.<\/p>\n<h2>4. Crie um Espa\u00e7o Confort\u00e1vel<\/h2>\n<p>Um cantinho de ora\u00e7\u00e3o e medita\u00e7\u00e3o deve ser confort\u00e1vel. Isso significa que voc\u00ea deve se sentir bem ao passar tempo l\u00e1.<\/p>\n<h3>4.1. Almofadas e Tapetes<\/h3>\n<p>Utilize almofadas macias e um tapete aconchegante. Isso n\u00e3o s\u00f3 traz conforto, mas tamb\u00e9m <b>ajuda a criar um ambiente acolhedor<\/b> para suas pr\u00e1ticas.<\/p>\n<h3>4.2. M\u00f3veis Confort\u00e1veis<\/h3>\n<p>Se preferir, adicione uma cadeira ou um banco confort\u00e1vel. O importante \u00e9 que voc\u00ea se sinta \u00e0 vontade para <b>permanecer no espa\u00e7o<\/b> por longos per\u00edodos.<\/p>\n<h2>5. Estabele\u00e7a uma Rotina de Ora\u00e7\u00e3o e Medita\u00e7\u00e3o<\/h2>\n<p>Uma rotina \u00e9 fundamental para que a pr\u00e1tica se torne um h\u00e1bito. Estabelecer hor\u00e1rios fixos ajuda a <b>disciplinar a mente<\/b> e a criar um espa\u00e7o sagrado em sua vida.<\/p>\n<h3>5.1. Hor\u00e1rios Fixos<\/h3>\n<p>Escolha hor\u00e1rios que funcionem para voc\u00ea, seja pela manh\u00e3, \u00e0 tarde ou \u00e0 noite. O importante \u00e9 que voc\u00ea se comprometa a <b>reservar esse tempo<\/b> para si mesmo.<\/p>\n<h3>5.2. Dura\u00e7\u00e3o das Pr\u00e1ticas<\/h3>\n<p>N\u00e3o \u00e9 necess\u00e1rio meditar por horas. Comece com 10 a 15 minutos e v\u00e1 aumentando gradualmente. O importante \u00e9 que voc\u00ea se sinta confort\u00e1vel e <b>conectado<\/b> durante a pr\u00e1tica.<\/p>\n<h2>6. Mantenha o Espa\u00e7o Organizado e Limpo<\/h2>\n<p>A organiza\u00e7\u00e3o \u00e9 essencial para manter a energia do espa\u00e7o fluindo. Um ambiente limpo e arrumado ajuda a <b>criar um clima prop\u00edcio<\/b> para a medita\u00e7\u00e3o.<\/p>\n<h3>6.1. Descarte o que N\u00e3o Serve<\/h3>\n<p>Fa\u00e7a uma limpeza regular e descarte objetos que n\u00e3o t\u00eam mais significado para voc\u00ea. Isso ajuda a <b>liberar espa\u00e7o<\/b> para novas energias e inten\u00e7\u00f5es.<\/p>\n<h3>6.2. Limpeza Regular<\/h3>\n<p><\/body><\/p>\n","protected":false},"excerpt":{"rendered":"<p>Descubra 7 dicas pr\u00e1ticas para montar um cantinho de ora\u00e7\u00e3o e medita\u00e7\u00e3o em casa. Crie um espa\u00e7o sereno, confort\u00e1vel e cheio de significado para seus momentos de paz.<\/p>\n","protected":false},"author":102,"featured_media":140023,"comment_status":"closed","ping_status":"closed","sticky":false,"template":"","format":"standard","meta":{"footnotes":""},"categories":[1484,971,18792,18794],"tags":[],"class_list":["post-140026","post","type-post","status-publish","format-standard","has-post-thumbnail","category-decoracao","category-design-de-interiores","category-decoracao-de-apartamento","category-projetos-de-decoracao-de-casas"],"_wp_attached_file":null,"_wp_attachment_metadata":null,"_wp_attachment_context":null,"_wp_attachment_is_custom_header":null,"geo_longitude":null,"geo_public":null,"geo_latitude":null,"_publicize_done_external":null,"_wpas_done_3897181":null,"publicize_twitter_user":null,"_wpas_done_3897175":null,"_wpas_skip_3897181":null,"_wpas_skip_3897175":null,"_wpas_skip_3924723":null,"_wpas_mess":null,"_wpas_done_3924723":null,"wps_subtitle":"","_links":{"self":[{"href":"https:\/\/www.aarquiteta.com.br\/blog\/wp-json\/wp\/v2\/posts\/140026","targetHints":{"allow":["GET"]}}],"collection":[{"href":"https:\/\/www.aarquiteta.com.br\/blog\/wp-json\/wp\/v2\/posts"}],"about":[{"href":"https:\/\/www.aarquiteta.com.br\/blog\/wp-json\/wp\/v2\/types\/post"}],"author":[{"embeddable":true,"href":"https:\/\/www.aarquiteta.com.br\/blog\/wp-json\/wp\/v2\/users\/102"}],"replies":[{"embeddable":true,"href":"https:\/\/www.aarquiteta.com.br\/blog\/wp-json\/wp\/v2\/comments?post=140026"}],"version-history":[{"count":0,"href":"https:\/\/www.aarquiteta.com.br\/blog\/wp-json\/wp\/v2\/posts\/140026\/revisions"}],"wp:featuredmedia":[{"embeddable":true,"href":"https:\/\/www.aarquiteta.com.br\/blog\/wp-json\/wp\/v2\/media\/140023"}],"wp:attachment":[{"href":"https:\/\/www.aarquiteta.com.br\/blog\/wp-json\/wp\/v2\/media?parent=140026"}],"wp:term":[{"taxonomy":"category","embeddable":true,"href":"https:\/\/www.aarquiteta.com.br\/blog\/wp-json\/wp\/v2\/categories?post=140026"},{"taxonomy":"post_tag","embeddable":true,"href":"https:\/\/www.aarquiteta.com.br\/blog\/wp-json\/wp\/v2\/tags?post=140026"}],"curies":[{"name":"wp","href":"https:\/\/api.w.org\/{rel}","templated":true}]}}