{"id":139921,"date":"2025-01-08T16:49:52","date_gmt":"2025-01-08T19:49:52","guid":{"rendered":"https:\/\/www.aarquiteta.com.br\/blog\/casa-guaruja\/"},"modified":"2025-01-08T17:47:17","modified_gmt":"2025-01-08T20:47:17","slug":"casa-guaruja","status":"publish","type":"post","link":"https:\/\/www.aarquiteta.com.br\/blog\/casa-guaruja\/","title":{"rendered":"Este \u00edcone arquitet\u00f4nico do Guaruj\u00e1 j\u00e1 foi cen\u00e1rio de filme. Conhe\u00e7a!"},"content":{"rendered":"<p>A <a href=\"https:\/\/www.aarquiteta.com.br\/blog\/casa-e-jardim\/\" class=\"ilj-generated-link\">Casa<\/a> das Pedras, localizada no Guaruj\u00e1, \u00e9 uma joia arquitet\u00f4nica que encanta a todos com sua hist\u00f3ria, design inovador, e uma vista de tirar o f\u00f4lego, tornando-se um dos pontos tur\u00edsticos mais procurados da regi\u00e3o.<\/p><h2>Principais Destaques da Casa das Pedras<\/h2><ul><li><b><a href=\"https:\/\/www.aarquiteta.com.br\/blog\/?s=ARQUITETURA\">Arquitetura<\/a> Inovadora:<\/b> Com um projeto que mistura ferro, vidro e elementos naturais, a Casa das Pedras \u00e9 um exemplo de resist\u00eancia e beleza.<\/li><li><b>Patrim\u00f4nio Cultural:<\/b> O local \u00e9 um marco cultural no Guaruj\u00e1 e um dos cen\u00e1rios do filme \u201cO Puritano da Rua Augusta\u201d.<\/li><li><b>Vista Exuberante:<\/b> Situada entre as praias mais bonitas da regi\u00e3o, sua vista para o mar \u00e9 simplesmente espetacular.<\/li><li><b>Interior Encantador:<\/b> O interior possui detalhes \u00fanicos, como a famosa banheira esculpida em pedra, que adiciona um charme especial.<\/li><li><b>Turismo Sustent\u00e1vel:<\/b> A preserva\u00e7\u00e3o da arquitetura e o cuidado com o ambiente fazem da Casa das Pedras um exemplo de turismo respons\u00e1vel.<\/li><\/ul><h2>Introdu\u00e7\u00e3o<\/h2><p>Localizada no cora\u00e7\u00e3o do Guaruj\u00e1, a <b>Casa das Pedras<\/b> n\u00e3o \u00e9 apenas uma constru\u00e7\u00e3o, mas um s\u00edmbolo de <b>inova\u00e7\u00e3o arquitet\u00f4nica<\/b> e um marco na hist\u00f3ria cultural do Brasil. Este espa\u00e7o \u00e9 t\u00e3o envolvente que atrai tanto admiradores da arquitetura quanto amantes da natureza.<\/p><h2>Hist\u00f3ria da Casa das Pedras<\/h2><h3>Constru\u00e7\u00e3o e Arquitetura Inovadora<\/h3><p><img alt=\"\" \/><\/p><p>Erguida em <b>1952<\/b> por Henrique Cristofani, conhecido como Verona, a Casa das Pedras foi projetada para enfrentar as adversidades do clima costeiro. Roberto Braga, o arquiteto respons\u00e1vel pelo projeto, incorporou <b>elementos geom\u00e9tricos<\/b> e solu\u00e7\u00f5es arquitet\u00f4nicas inovadoras que permitiram \u00e0 casa se integrar com suavidade ao seu entorno natural, em uma dan\u00e7a harmoniosa entre o homem e a natureza. \u00c9 uma <a href=\"https:\/\/www.aarquiteta.com.br\/blog\/cursos-de-arquitetura-e-decoracao\/curso-de-gerenciamento-de-obras\">obra<\/a> que desafia o tempo, mantendo-se robusta e atraente atrav\u00e9s das d\u00e9cadas.<\/p><h2>O Cen\u00e1rio de um Cl\u00e1ssico do Cinema<\/h2><h3>Filmagens de &#8220;O Puritano da Rua Augusta&#8221;<\/h3><figure style=\"width: 1024px\" class=\"wp-caption aligncenter\"><img decoding=\"async\" src=\"https:\/\/www.aarquiteta.com.br\/blog\/wp-content\/uploads\/2025\/01\/casa-guaruja01.jpg\" alt=\"Casa das Pedras: um \u00edcone arquitet\u00f4nico do Guaruj\u00e1\" width=\"1024\" height=\"1024\" title=\"\"><figcaption class=\"wp-caption-text\">Casa das Pedras: um \u00edcone arquitet\u00f4nico do Guaruj\u00e1<\/figcaption><\/figure><p>Famosa por servir de <b>cen\u00e1rio para o filme<\/b> \u201cO Puritano da Rua Augusta\u201d, a Casa das Pedras n\u00e3o apenas brilha como ponto tur\u00edstico, mas tamb\u00e9m como um peda\u00e7o importante da hist\u00f3ria do cinema nacional. Este filme de 1965, estrelado por Am\u00e1cio Mazzaropi, consolidou ainda mais a imagem da casa, fazendo com que sua ess\u00eancia fosse capturada na tela grande. Esse envolvimento com a s\u00e9tima arte fez com que muitos f\u00e3s e curiosos buscassem conhecer o local pessoalmente.<\/p><h2>Caracter\u00edsticas Arquitet\u00f4nicas<\/h2><h3>Elementos Geom\u00e9tricos e Naturais<\/h3><p>A arquitetura da Casa das Pedras \u00e9 uma verdadeira sinfonia de <b>formas e texturas<\/b>. A combina\u00e7\u00e3o de ferro e vidro com <a href=\"https:\/\/www.aarquiteta.com.br\/blog\/?s=PAREDE\">paredes<\/a> revestidas em rochas naturais resulta em um visual estonteante. Essa fus\u00e3o n\u00e3o \u00e9 apenas est\u00e9tica, mas funcional, pois foi pensada para resistir ao desgaste causado pela maresia e conservar a beleza ao longo do tempo. Cada detalhe, desde o uso inteligente da luz natural at\u00e9 a disposi\u00e7\u00e3o dos ambientes, foi cuidadosamente planejado para garantir que a experi\u00eancia de quem visita seja \u00fanica e memor\u00e1vel.<\/p><h2>Atra\u00e7\u00f5es do Interior da Casa<\/h2><h3>Detalhes que Encantam<\/h3><figure style=\"width: 1024px\" class=\"wp-caption aligncenter\"><img decoding=\"async\" src=\"https:\/\/www.aarquiteta.com.br\/blog\/wp-content\/uploads\/2025\/01\/casa-guaruja02.jpg\" alt=\"Casa das Pedras: um \u00edcone arquitet\u00f4nico do Guaruj\u00e1\" width=\"1024\" height=\"1024\" title=\"\"><figcaption class=\"wp-caption-text\">Casa das Pedras: um \u00edcone arquitet\u00f4nico do Guaruj\u00e1<\/figcaption><\/figure><p>Ao adentrar a Casa das Pedras, \u00e9 imposs\u00edvel n\u00e3o se encantar com o <b>interior cuidadosamente projetado<\/b>. Uma das principais atra\u00e7\u00f5es \u00e9 a ic\u00f4nica banheira esculpida em pedra, que se destaca como um elemento de exclusividade e charme. Os visitantes s\u00e3o recebidos por diversos espa\u00e7os que dialogam com o exterior, permitindo uma intera\u00e7\u00e3o constante com a natureza ao redor. Cada canto da casa reserva uma nova surpresa, fazendo com que uma simples visita se transforme em uma experi\u00eancia envolvente.<\/p><h2>A Casa das Pedras Hoje<\/h2><h3>Um Destino para Visitantes<\/h3><p><img decoding=\"async\" src=\"https:\/\/www.aarquiteta.com.br\/blog\/wp-content\/uploads\/2025\/01\/cidade-do-litoral-de-sp-tem-casa-que-ja-foi-cenario-de-filme-conheca.jpg\" alt=\"A Casa das Pedras foi constru\u00edda em 1952 por Henrique Cristofani \/ Wikimedia Commons\" title=\"\"><\/p><p>Atualmente, a Casa das Pedras \u00e9 um importante <b>destino tur\u00edstico<\/b> e cultural. Os turistas encontram n\u00e3o apenas um espa\u00e7o para explorar, mas uma oportunidade de vivenciar a hist\u00f3ria, a arte e a natureza em um s\u00f3 lugar. Seja para uma visita r\u00e1pida ou para um passeio mais demorado, a casa tem muito a oferecer a todos que a procuram. \u00c9 um lugar que, ao ser visitado, proporciona mem\u00f3rias que s\u00e3o levadas para a vida toda.<\/p><h2>Conclus\u00e3o<\/h2><p>Sem d\u00favida, a Casa das Pedras \u00e9 um verdadeiro tesouro do <b>litoral paulista<\/b>. Sua rica hist\u00f3ria, arquitetura singular e intera\u00e7\u00e3o com a natureza fazem dela um local imperd\u00edvel para todos que visitam o Guaruj\u00e1. Convido voc\u00ea a conhecer esse \u00edcone da arquitetura e do cinema, que continua a encantar e surpreender cada vez mais pessoas.<\/p><figure style=\"width: 1024px\" class=\"wp-caption aligncenter\"><img decoding=\"async\" src=\"https:\/\/www.aarquiteta.com.br\/blog\/wp-content\/uploads\/2025\/01\/casa-guaruja03.jpg\" alt=\"Casa das Pedras: um \u00edcone arquitet\u00f4nico do Guaruj\u00e1\" width=\"1024\" height=\"1024\" title=\"\"><figcaption class=\"wp-caption-text\">Casa das Pedras: um \u00edcone arquitet\u00f4nico do Guaruj\u00e1<\/figcaption><\/figure><p><img alt=\"\" \/><\/p><p><img alt=\"\" \/>Para se aprofundar mais sobre o tema, veja a minha recomenda\u00e7\u00e3o sobre o tema deste artigo no v\u00eddeo a seguir abaixo:<\/p><p><iframe title=\"YouTube video player\" src=\"https:\/\/www.youtube.com\/embed\/nxwbGUPNy1c\" width=\"560\" height=\"315\" frameborder=\"0\" allowfullscreen=\"allowfullscreen\"><\/iframe><\/p><p><img alt=\"\" \/><\/p>","protected":false},"excerpt":{"rendered":"<p>Descubra a hist\u00f3ria da Casa das Pedras, um marco arquitet\u00f4nico que foi cen\u00e1rio do filme &#8220;O Puritano da Rua Augusta&#8221;.<\/p>\n","protected":false},"author":102,"featured_media":139920,"comment_status":"closed","ping_status":"closed","sticky":false,"template":"","format":"standard","meta":{"footnotes":""},"categories":[1484],"tags":[],"class_list":["post-139921","post","type-post","status-publish","format-standard","has-post-thumbnail","category-decoracao"],"_wp_attached_file":null,"_wp_attachment_metadata":null,"_wp_attachment_context":null,"_wp_attachment_is_custom_header":null,"geo_longitude":null,"geo_public":null,"geo_latitude":null,"_publicize_done_external":null,"_wpas_done_3897181":null,"publicize_twitter_user":null,"_wpas_done_3897175":null,"_wpas_skip_3897181":null,"_wpas_skip_3897175":null,"_wpas_skip_3924723":null,"_wpas_mess":null,"_wpas_done_3924723":null,"wps_subtitle":"","_links":{"self":[{"href":"https:\/\/www.aarquiteta.com.br\/blog\/wp-json\/wp\/v2\/posts\/139921","targetHints":{"allow":["GET"]}}],"collection":[{"href":"https:\/\/www.aarquiteta.com.br\/blog\/wp-json\/wp\/v2\/posts"}],"about":[{"href":"https:\/\/www.aarquiteta.com.br\/blog\/wp-json\/wp\/v2\/types\/post"}],"author":[{"embeddable":true,"href":"https:\/\/www.aarquiteta.com.br\/blog\/wp-json\/wp\/v2\/users\/102"}],"replies":[{"embeddable":true,"href":"https:\/\/www.aarquiteta.com.br\/blog\/wp-json\/wp\/v2\/comments?post=139921"}],"version-history":[{"count":0,"href":"https:\/\/www.aarquiteta.com.br\/blog\/wp-json\/wp\/v2\/posts\/139921\/revisions"}],"wp:featuredmedia":[{"embeddable":true,"href":"https:\/\/www.aarquiteta.com.br\/blog\/wp-json\/wp\/v2\/media\/139920"}],"wp:attachment":[{"href":"https:\/\/www.aarquiteta.com.br\/blog\/wp-json\/wp\/v2\/media?parent=139921"}],"wp:term":[{"taxonomy":"category","embeddable":true,"href":"https:\/\/www.aarquiteta.com.br\/blog\/wp-json\/wp\/v2\/categories?post=139921"},{"taxonomy":"post_tag","embeddable":true,"href":"https:\/\/www.aarquiteta.com.br\/blog\/wp-json\/wp\/v2\/tags?post=139921"}],"curies":[{"name":"wp","href":"https:\/\/api.w.org\/{rel}","templated":true}]}}