{"id":139903,"date":"2025-01-08T15:42:36","date_gmt":"2025-01-08T18:42:36","guid":{"rendered":"https:\/\/www.aarquiteta.com.br\/blog\/balcao-de-cozinha-imagens\/"},"modified":"2025-01-08T15:42:36","modified_gmt":"2025-01-08T18:42:36","slug":"balcao-de-cozinha-imagens","status":"publish","type":"post","link":"https:\/\/www.aarquiteta.com.br\/blog\/balcao-de-cozinha-imagens\/","title":{"rendered":"Balc\u00f5es de Cozinha: Ideias para Transformar Seu Espa\u00e7o"},"content":{"rendered":"<p>&#8220;`html<br \/>\n<body><\/p>\n<p>Transforme sua cozinha em um espa\u00e7o funcional e estiloso com as melhores imagens de balc\u00f5es de cozinha! Descubra ideias criativas que cabem no seu or\u00e7amento e inspiram seus projetos.<\/p>\n<h2>1. Introdu\u00e7\u00e3o ao Balc\u00e3o de Cozinha<\/h2>\n<p>Pra mim, o balc\u00e3o de cozinha \u00e9 como o cora\u00e7\u00e3o do lar. <b>Ele une funcionalidade e design<\/b>, e escolhas certas podem mudar a energia do espa\u00e7o. Um balc\u00e3o bem planejado n\u00e3o \u00e9 s\u00f3 bonito, mas tamb\u00e9m pr\u00e1tico, servindo como superf\u00edcie de trabalho, lugar para refei\u00e7\u00f5es r\u00e1pidas e at\u00e9 espa\u00e7o para socializar com amigos e familiares.<\/p>\n<h2>2. Tipos de Balc\u00f5es de Cozinha<\/h2>\n<h3>2.1 Balc\u00e3o em &#8220;L&#8221;<\/h3>\n<figure style=\"width: 1024px\" class=\"wp-caption aligncenter\"><img decoding=\"async\" src=\"https:\/\/www.aarquiteta.com.br\/blog\/wp-content\/uploads\/2025\/01\/balcao-de-cozinha-imagens01.jpg\" alt=\"Balc\u00f5es de Cozinha: Ideias para Transformar Seu Espa\u00e7o\" width=\"1024\" height=\"1024\" title=\"\"><figcaption class=\"wp-caption-text\">Balc\u00f5es de Cozinha: Ideias para Transformar Seu Espa\u00e7o<\/figcaption><\/figure>\n<p>Um balc\u00e3o em &#8220;L&#8221; \u00e9 como um abra\u00e7o quentinho na esquina da sua cozinha. <b>Flex\u00edvel e pr\u00e1tico<\/b>, ele aproveita ao m\u00e1ximo o espa\u00e7o, especialmente em cozinhas menores. As pessoas podem circular livremente e voc\u00ea ainda consegue colocar algumas banquetas ali para um caf\u00e9 da manh\u00e3 del\u00edcia!<\/p>\n<h3>2.2 Balc\u00e3o com Ilha<\/h3>\n<figure style=\"width: 1024px\" class=\"wp-caption aligncenter\"><img decoding=\"async\" src=\"https:\/\/www.aarquiteta.com.br\/blog\/wp-content\/uploads\/2025\/01\/balcao-de-cozinha-imagens-3.jpeg-1200x675.webp\" alt=\"Balc\u00e3o de cozinha em L, aproveitando melhor o espa\u00e7o e facilitando a intera\u00e7\u00e3o.\" title=\"\"><figcaption class=\"wp-caption-text\">Balc\u00e3o de cozinha em L, aproveitando melhor o espa\u00e7o e facilitando a intera\u00e7\u00e3o.<\/figcaption><\/figure>\n<p>Ah, a famosa ilha! \u00c9 onde a m\u00e1gica acontece. <b>Um balc\u00e3o com ilha<\/b> tem tudo: espa\u00e7o para cozinhar, servir e at\u00e9 um cantinho para as crian\u00e7as fazerem li\u00e7\u00e3o. Al\u00e9m disso, d\u00e1 para brincar com diferentes alturas. A multidimensionalidade desse modelo realmente transforma o ambiente, trazendo movimento e vida.<\/p>\n<h3>2.3 Balc\u00e3o Retr\u00e1til<\/h3>\n<figure style=\"width: 1024px\" class=\"wp-caption aligncenter\"><img decoding=\"async\" src=\"https:\/\/www.aarquiteta.com.br\/blog\/wp-content\/uploads\/2025\/01\/balcao-de-cozinha-imagen-6.jpeg-1200x961.webp\" alt=\"Balc\u00e3o de cozinha de cor clara e design moderno com detalhes em madeira.\" title=\"\"><figcaption class=\"wp-caption-text\">Balc\u00e3o de cozinha de cor clara e design moderno com detalhes em madeira.<\/figcaption><\/figure>\n<p>Se voc\u00ea vive em um espa\u00e7o menor, o balc\u00e3o retr\u00e1til \u00e9 o seu melhor amigo. <b>Vers\u00e1til e multifuncional<\/b>, ele se expande quando necess\u00e1rio e some quando n\u00e3o est\u00e1 em uso, liberando espa\u00e7o. \u00c9 como ter um m\u00e1gico na sua cozinha! Consegue ver como isso facilita a vida?<\/p>\n<h2>3. Materiais para Balc\u00f5es de Cozinha<\/h2>\n<h3>3.1 Madeira<\/h3>\n<figure style=\"width: 1024px\" class=\"wp-caption aligncenter\"><img decoding=\"async\" src=\"https:\/\/www.aarquiteta.com.br\/blog\/wp-content\/uploads\/2025\/01\/balcao-de-cozinha-imagens02.jpg\" alt=\"Balc\u00f5es de Cozinha: Ideias para Transformar Seu Espa\u00e7o\" width=\"1024\" height=\"1024\" title=\"\"><figcaption class=\"wp-caption-text\">Balc\u00f5es de Cozinha: Ideias para Transformar Seu Espa\u00e7o<\/figcaption><\/figure>\n<p>Um material que traz aconchego ao ambiente \u00e9 a madeira. <b>Ela \u00e9 calorosa<\/b> e oferece diversas possibilidades de acabamentos. Contudo, requer manuten\u00e7\u00e3o constante, e voc\u00ea deve estar pronto para isso. Pode ser como cuidar de uma planta: d\u00e1 trabalho, mas o resultado \u00e9 sempre recompensador.<\/p>\n<h3>3.2 Granito e M\u00e1rmore<\/h3>\n<figure style=\"width: 1024px\" class=\"wp-caption aligncenter\"><img decoding=\"async\" src=\"https:\/\/www.aarquiteta.com.br\/blog\/wp-content\/uploads\/2025\/01\/balcao-de-cozinha-imagens.jpeg-1200x675.webp\" alt=\"Balc\u00e3o de cozinha integrado \u00e0 sala, com decora\u00e7\u00e3o minimalista e natural.\" title=\"\"><figcaption class=\"wp-caption-text\">Balc\u00e3o de cozinha integrado \u00e0 sala, com decora\u00e7\u00e3o minimalista e natural.<\/figcaption><\/figure>\n<p>Granito e m\u00e1rmore s\u00e3o os astros da cozinha! Com uma apar\u00eancia sofisticada, <b>s\u00e3o extremamente dur\u00e1veis<\/b> e f\u00e1ceis de limpar, mas cuidado com manchas! Um bom selante pode ser seu melhor aliado para conserv\u00e1-los brilhando como novos. Imagine ali a possibilidade de preparar algo incr\u00edvel sem preocupar-se com cada gota de molho!<\/p>\n<h3>3.3 A\u00e7o Inoxid\u00e1vel<\/h3>\n<figure style=\"width: 1024px\" class=\"wp-caption aligncenter\"><img decoding=\"async\" src=\"https:\/\/www.aarquiteta.com.br\/blog\/wp-content\/uploads\/2025\/01\/balcao-de-cozinha-imagens03.jpg\" alt=\"Balc\u00f5es de Cozinha: Ideias para Transformar Seu Espa\u00e7o\" width=\"1024\" height=\"1024\" title=\"\"><figcaption class=\"wp-caption-text\">Balc\u00f5es de Cozinha: Ideias para Transformar Seu Espa\u00e7o<\/figcaption><\/figure>\n<p>Se a sua vibe \u00e9 industrial, o a\u00e7o inoxid\u00e1vel \u00e9 a escolha perfeita. <b>Resistente e moderno<\/b>, ele combina bem com v\u00e1rios estilos de decora\u00e7\u00e3o. Imagine fazer refei\u00e7\u00f5es e, ao mesmo tempo, deixar sua cozinha com um ar de caf\u00e9 chique. A \u00fanica coisa a lembrar \u00e9: mantenha-o limpo, pois a sujeira aparece rapidinho!<\/p>\n<h2>4. Cores e Estilos de Balc\u00f5es<\/h2>\n<h3>4.1 Balc\u00f5es clarinhos e neutros<\/h3>\n<figure style=\"width: 1024px\" class=\"wp-caption aligncenter\"><img decoding=\"async\" src=\"https:\/\/www.aarquiteta.com.br\/blog\/wp-content\/uploads\/2025\/01\/balcao-de-cozinha-imagens-1.jpeg-1200x900.webp\" alt=\"Balc\u00e3o de cozinha com acabamento contempor\u00e2neo, ideal para ambientes pequenos.\" title=\"\"><figcaption class=\"wp-caption-text\">Balc\u00e3o de cozinha com acabamento contempor\u00e2neo, ideal para ambientes pequenos.<\/figcaption><\/figure>\n<p>Quando penso em balc\u00f5es clarinhos, imagino um espa\u00e7o arejado e leve. <b>As cores neutras<\/b> oferecem uma base excelente para adicionar toques pessoais na decora\u00e7\u00e3o. E o melhor: eles refletem luz, fazendo sua cozinha parecer maior e mais convidativa.<\/p>\n<h3>4.2 Balc\u00f5es escuros e ousados<\/h3>\n<figure style=\"width: 1024px\" class=\"wp-caption aligncenter\"><img decoding=\"async\" src=\"https:\/\/www.aarquiteta.com.br\/blog\/wp-content\/uploads\/2025\/01\/balcao-de-cozinha-imagens4.jpg\" alt=\"Balc\u00f5es de Cozinha: Ideias para Transformar Seu Espa\u00e7o\" width=\"1024\" height=\"1024\" title=\"\"><figcaption class=\"wp-caption-text\">Balc\u00f5es de Cozinha: Ideias para Transformar Seu Espa\u00e7o<\/figcaption><\/figure>\n<p>Por outro lado, os balc\u00f5es escuros s\u00e3o como um artista em busca de destaque! <b>Eles trazem um ar de requinte<\/b> e podem criar um maravilhoso contraste com arm\u00e1rios claros. E, claro, se voc\u00ea \u00e9 t\u00e3o ousado quanto a cor, os resultados podem ser verdadeiramente surpreendentes.<\/p>\n<h2>5. Dicas de Decora\u00e7\u00e3o para Espa\u00e7os Pequenos<\/h2>\n<h3>5.1 Otimizando Espa\u00e7o<\/h3>\n<figure style=\"width: 1024px\" class=\"wp-caption aligncenter\"><img decoding=\"async\" src=\"https:\/\/www.aarquiteta.com.br\/blog\/wp-content\/uploads\/2025\/01\/balcao-de-cozinha-imagens-2.jpeg-1200x680.webp\" alt=\"Balc\u00e3o de cozinha com detalhes em a\u00e7o inox, perfeito para um toque industrial.\" title=\"\"><figcaption class=\"wp-caption-text\">Balc\u00e3o de cozinha com detalhes em a\u00e7o inox, perfeito para um toque industrial.<\/figcaption><\/figure>\n<p>Se a sua cozinha \u00e9 pequena, n\u00e3o se preocupe! <b>Otimize cada cent\u00edmetro<\/b> utilizando prateleiras abertas e arm\u00e1rios planejados. Sempre que poss\u00edvel, escolha m\u00f3veis que multipliquem suas fun\u00e7\u00f5es. Uma mesa dobr\u00e1vel, por exemplo, pode ser tudo que voc\u00ea precisa para um jantar \u00edntimo.<\/p>\n<h3>5.2 Utilizando Acess\u00f3rios<\/h3>\n<p><iframe title=\"YouTube video player\" src=\"https:\/\/www.youtube.com\/embed\/LrlOryeAIAY\" width=\"560\" height=\"315\" frameborder=\"0\" allowfullscreen=\"allowfullscreen\"><\/iframe><\/p>\n<p>Acess\u00f3rios s\u00e3o os detalhes que podem transformar seu espa\u00e7o! <b>Invista em utens\u00edlios bonitos<\/b> e decorativos que voc\u00ea n\u00e3o s\u00f3 usa, mas tamb\u00e9m exibe com orgulho. Cada caneca ou panela colorida pode se tornar parte da decora\u00e7\u00e3o e ajudar a dar vida a uma cozinha minimalista.<\/p>\n<h2>6. Manuten\u00e7\u00e3o e Cuidados com seu Balc\u00e3o de Cozinha<\/h2>\n<h3>6.1 Limpeza Di\u00e1ria<\/h3>\n<p>A sujeira \u00e9 como aquela visita chata que aparece sem avisar! Por isso, <b>limpezas di\u00e1rias s\u00e3o cruciais<\/b>. Um pano \u00famido e detergente neutro j\u00e1 fazem maravilhas na maioria dos materiais. Mantendo tudo limpo, voc\u00ea economiza tempo e esfor\u00e7o na manuten\u00e7\u00e3o de longo prazo.<\/p>\n<h3>6.2 Reparos e Cuidados Especiais<\/h3>\n<figure style=\"width: 1024px\" class=\"wp-caption aligncenter\"><img decoding=\"async\" src=\"https:\/\/www.aarquiteta.com.br\/blog\/wp-content\/uploads\/2025\/01\/balcao-de-cozinha-imagens-4.jpeg-1200x675.webp\" alt=\"Balc\u00e3o de cozinha com um belo revestimento em pedras, trazendo rusticidade ao ambiente.\" title=\"\"><figcaption class=\"wp-caption-text\">Balc\u00e3o de cozinha com um belo revestimento em pedras, trazendo rusticidade ao ambiente.<\/figcaption><\/figure>\n<p>A manuten\u00e7\u00e3o preventiva \u00e9 muitas vezes esquecida, mas fundamental! <b>Reparos peri\u00f3dicos<\/b> garantem que seu balc\u00e3o permane\u00e7a lindo e funcional. N\u00e3o tenha medo de entrar em contato com um profissional se notar algo fora do lugar; assim, voc\u00ea se certifica de que tudo estar\u00e1 sempre impec\u00e1vel.<\/p>\n<h2>Conclus\u00e3o: Seu Balc\u00e3o de Cozinha dos Sonhos<\/h2>\n<p>Com todas essas dicas e inspira\u00e7\u00f5es, <b>transformar sua cozinha em um espa\u00e7o maravilhoso<\/b> fica muito mais f\u00e1cil. A escolha do balc\u00e3o certo pode trazer n\u00e3o apenas ahs e uhs, mas tamb\u00e9m funcionalidade ao seu dia-a-dia. Siga o seu cora\u00e7\u00e3o e seus instintos, e mexa no seu projeto agora mesmo!<\/p>\n<p><\/body><br \/>\n&#8220;`<\/p>\n","protected":false},"excerpt":{"rendered":"<p>Descubra diversas ideias de balc\u00f5es de cozinha para transformar seu espa\u00e7o com estilo e funcionalidade.<\/p>\n","protected":false},"author":102,"featured_media":139890,"comment_status":"closed","ping_status":"closed","sticky":false,"template":"","format":"standard","meta":{"footnotes":""},"categories":[1507,6,249],"tags":[],"class_list":["post-139903","post","type-post","status-publish","format-standard","has-post-thumbnail","category-arquitetura","category-carreira-de-arquitetura","category-engenharia-e-construcao-civil"],"_wp_attached_file":null,"_wp_attachment_metadata":null,"_wp_attachment_context":null,"_wp_attachment_is_custom_header":null,"geo_longitude":null,"geo_public":null,"geo_latitude":null,"_publicize_done_external":null,"_wpas_done_3897181":null,"publicize_twitter_user":null,"_wpas_done_3897175":null,"_wpas_skip_3897181":null,"_wpas_skip_3897175":null,"_wpas_skip_3924723":null,"_wpas_mess":null,"_wpas_done_3924723":null,"wps_subtitle":"","_links":{"self":[{"href":"https:\/\/www.aarquiteta.com.br\/blog\/wp-json\/wp\/v2\/posts\/139903","targetHints":{"allow":["GET"]}}],"collection":[{"href":"https:\/\/www.aarquiteta.com.br\/blog\/wp-json\/wp\/v2\/posts"}],"about":[{"href":"https:\/\/www.aarquiteta.com.br\/blog\/wp-json\/wp\/v2\/types\/post"}],"author":[{"embeddable":true,"href":"https:\/\/www.aarquiteta.com.br\/blog\/wp-json\/wp\/v2\/users\/102"}],"replies":[{"embeddable":true,"href":"https:\/\/www.aarquiteta.com.br\/blog\/wp-json\/wp\/v2\/comments?post=139903"}],"version-history":[{"count":0,"href":"https:\/\/www.aarquiteta.com.br\/blog\/wp-json\/wp\/v2\/posts\/139903\/revisions"}],"wp:featuredmedia":[{"embeddable":true,"href":"https:\/\/www.aarquiteta.com.br\/blog\/wp-json\/wp\/v2\/media\/139890"}],"wp:attachment":[{"href":"https:\/\/www.aarquiteta.com.br\/blog\/wp-json\/wp\/v2\/media?parent=139903"}],"wp:term":[{"taxonomy":"category","embeddable":true,"href":"https:\/\/www.aarquiteta.com.br\/blog\/wp-json\/wp\/v2\/categories?post=139903"},{"taxonomy":"post_tag","embeddable":true,"href":"https:\/\/www.aarquiteta.com.br\/blog\/wp-json\/wp\/v2\/tags?post=139903"}],"curies":[{"name":"wp","href":"https:\/\/api.w.org\/{rel}","templated":true}]}}