{"id":139856,"date":"2025-01-08T05:09:34","date_gmt":"2025-01-08T08:09:34","guid":{"rendered":"https:\/\/www.aarquiteta.com.br\/blog\/people-first\/"},"modified":"2025-01-08T05:09:34","modified_gmt":"2025-01-08T08:09:34","slug":"people-first","status":"publish","type":"post","link":"https:\/\/www.aarquiteta.com.br\/blog\/people-first\/","title":{"rendered":"Descubra como o People First transforma ambientes de trabalho."},"content":{"rendered":"<p>O conceito de &#8220;People First&#8221; est\u00e1 revolucionando a Administra\u00e7\u00e3o, colocando as pessoas no centro das decis\u00f5es empresariais. Essa abordagem n\u00e3o s\u00f3 melhora o ambiente de trabalho, mas tamb\u00e9m traz resultados financeiros significativos para as empresas.<\/p>\n<h2>Pontos principais do artigo:<\/h2>\n<ul>\n<li><b>People First<\/b> \u00e9 uma abordagem que prioriza o bem-estar dos colaboradores.<\/li>\n<li>Essa tend\u00eancia tem mostrado <b>resultados positivos<\/b> em satisfa\u00e7\u00e3o e rentabilidade.<\/li>\n<li>O futuro do mercado exige <b>lideran\u00e7as emp\u00e1ticas<\/b> e ambientes inclusivos.<\/li>\n<li>Profissionais de Administra\u00e7\u00e3o devem se adaptar a essa nova realidade.<\/li>\n<li>Investir em <b>diversidade e inclus\u00e3o<\/b> \u00e9 essencial para o sucesso das empresas.<\/li>\n<li>O conceito \u00e9 cada vez mais relevante para quem deseja <b>crescer na carreira<\/b>.<\/li>\n<\/ul>\n<h2>O que \u00e9 People First?<\/h2>\n<p>Quando falamos de <b>People First<\/b>, estamos nos referindo a uma abordagem de gest\u00e3o que coloca as pessoas em primeiro lugar. Isso significa que, em vez de focar apenas no lucro ou na efici\u00eancia, as empresas devem priorizar o bem-estar e a satisfa\u00e7\u00e3o dos seus colaboradores. Essa mudan\u00e7a de mentalidade \u00e9 fundamental, pois reconhece que os funcion\u00e1rios s\u00e3o a espinha dorsal de qualquer neg\u00f3cio. Sem eles, nada funciona. \u00c9 como uma orquestra: cada m\u00fasico tem seu papel, e a harmonia s\u00f3 acontece quando todos est\u00e3o em sintonia.<\/p>\n<p>Essa abordagem n\u00e3o \u00e9 apenas uma moda passageira; ela reflete uma mudan\u00e7a cultural nas organiza\u00e7\u00f5es. As empresas que adotam o <b>People First<\/b> tendem a criar um ambiente de trabalho mais saud\u00e1vel e produtivo. Isso se traduz em colaboradores mais felizes, que se sentem valorizados e motivados a dar o seu melhor. E, convenhamos, quem n\u00e3o gostaria de trabalhar em um lugar onde se sente respeitado e valorizado?<\/p>\n<h2>Por que se tornou uma tend\u00eancia em Administra\u00e7\u00e3o?<\/h2>\n<p>Nos \u00faltimos anos, o conceito de <b>People First<\/b> ganhou for\u00e7a, e n\u00e3o \u00e9 \u00e0 toa. Pesquisas, como o Projeto Empresas Humanizadas no Brasil, mostram que as empresas que adotam essa abordagem t\u00eam resultados impressionantes. Por exemplo, a satisfa\u00e7\u00e3o dos clientes nessas empresas \u00e9 240% maior, e o bem-estar dos colaboradores \u00e9 225% superior. Isso \u00e9 um indicativo claro de que investir nas pessoas traz retorno financeiro.<\/p>\n<p>Al\u00e9m disso, as empresas que priorizam o bem-estar dos colaboradores conseguem aumentar sua rentabilidade financeira em mais de 100% em um per\u00edodo de 15 anos. Isso demonstra que, ao cuidar das pessoas, as empresas n\u00e3o est\u00e3o apenas fazendo a coisa certa, mas tamb\u00e9m garantindo sua pr\u00f3pria sustentabilidade e crescimento. \u00c9 um ciclo virtuoso: colaboradores felizes geram clientes satisfeitos, que, por sua vez, trazem mais lucro.<\/p>\n<h2>O que esperar do futuro desse mercado considerando esse cen\u00e1rio?<\/h2>\n<p>O futuro do mercado est\u00e1 se moldando em torno da ideia de que as empresas precisam ser mais humanas. Isso significa que os profissionais de Administra\u00e7\u00e3o devem se preparar para essa nova realidade. A abordagem <b>People First<\/b> n\u00e3o \u00e9 apenas uma tend\u00eancia passageira; \u00e9 uma necessidade. As empresas que n\u00e3o se adaptarem a essa mudan\u00e7a correm o risco de ficar para tr\u00e1s.<\/p>\n<p>Os l\u00edderes do futuro precisar\u00e3o ser mais emp\u00e1ticos e entender as necessidades de seus colaboradores. Isso envolve criar um ambiente que promova a <b>diversidade e a inclus\u00e3o<\/b>, onde todos se sintam \u00e0 vontade para expressar suas opini\u00f5es e contribuir com suas habilidades. Al\u00e9m disso, \u00e9 fundamental utilizar ferramentas que ajudem a medir o bem-estar e o engajamento dos funcion\u00e1rios, permitindo ajustes nas pol\u00edticas e pr\u00e1ticas da empresa.<\/p>\n<h2>Como implementar a abordagem People First na sua empresa?<\/h2>\n<p>Implementar a abordagem <b>People First<\/b> n\u00e3o \u00e9 uma tarefa simples, mas \u00e9 extremamente gratificante. O primeiro passo \u00e9 ouvir os colaboradores. Realizar pesquisas de satisfa\u00e7\u00e3o e feedbacks regulares pode ajudar a entender o que eles realmente precisam. \u00c9 como afinar um instrumento musical: \u00e9 preciso ouvir atentamente para que tudo soe harmonioso.<\/p>\n<p>Outra a\u00e7\u00e3o importante \u00e9 investir em programas de desenvolvimento pessoal e profissional. Isso n\u00e3o s\u00f3 ajuda os colaboradores a crescerem em suas carreiras, mas tamb\u00e9m demonstra que a empresa se importa com seu futuro. Al\u00e9m disso, oferecer benef\u00edcios justos e criar um ambiente de trabalho seguro e saud\u00e1vel s\u00e3o passos essenciais para garantir que todos se sintam valorizados.<\/p>\n<h2>O papel da lideran\u00e7a na abordagem People First<\/h2>\n<p>A lideran\u00e7a desempenha um papel crucial na implementa\u00e7\u00e3o da abordagem <b>People First<\/b>. L\u00edderes emp\u00e1ticos e acess\u00edveis s\u00e3o fundamentais para criar um ambiente de confian\u00e7a e respeito. Eles devem ser exemplos a serem seguidos, mostrando que se importam com o bem-estar de suas equipes. Isso pode ser feito atrav\u00e9s de conversas abertas, reconhecimento de conquistas e apoio em momentos dif\u00edceis.<\/p>\n<p>Al\u00e9m disso, \u00e9 importante que os l\u00edderes estejam dispostos a aprender e se adaptar. O mundo est\u00e1 em constante mudan\u00e7a, e as necessidades dos colaboradores tamb\u00e9m. Portanto, estar atento \u00e0s tend\u00eancias e inova\u00e7\u00f5es na gest\u00e3o de pessoas \u00e9 essencial para manter a empresa competitiva e alinhada com as expectativas do mercado.<\/p>\n<h2>Conclus\u00e3o<\/h2>\n<p>Em resumo, a abordagem <b>People First<\/b> \u00e9 mais do que uma tend\u00eancia; \u00e9 uma necessidade para o sucesso das empresas no futuro. Ao priorizar o bem-estar dos colaboradores, as organiza\u00e7\u00f5es n\u00e3o apenas criam um ambiente de trabalho mais saud\u00e1vel, mas tamb\u00e9m garantem sua pr\u00f3pria sustentabilidade e crescimento. Portanto, se voc\u00ea est\u00e1 pensando em seguir uma carreira na Administra\u00e7\u00e3o, \u00e9 fundamental que esteja preparado para adotar essa mentalidade. Para mais informa\u00e7\u00f5es sobre Administra\u00e7\u00e3o e como aplicar esses conceitos, acesse o conte\u00fado em <a href=\"https:\/\/blog.anhanguera.com\/tudo-sobre-administracao\/\" target=\"_blank\" rel=\"noopener\">https:\/\/blog.anhanguera.com\/tudo-sobre-administracao\/<\/a>.<\/p>\n<figure style=\"width: 1024px\" class=\"wp-caption aligncenter\"><img decoding=\"async\" src=\"https:\/\/www.aarquiteta.com.br\/blog\/wp-content\/uploads\/2025\/01\/people-first.jpg\" alt=\"Descubra como o People First transforma ambientes de trabalho.\" width=\"1024\" height=\"1024\" title=\"\"><figcaption class=\"wp-caption-text\">Fonte: <a href=\"https:\/\/blog.anhanguera.com\/people-first\/\" target=\"_blank\" rel=\"noopener\">Blog anhanguera<\/a><\/figcaption><\/figure>\n<p><iframe width=\"560\" height=\"315\" src=\"https:\/\/www.youtube.com\/embed\/n2-A5NSTXOA\" title=\"YouTube video player\" frameborder=\"0\" allow=\"accelerometer; autoplay; clipboard-write; encrypted-media; gyroscope; picture-in-picture; web-share\" referrerpolicy=\"strict-origin-when-cross-origin\" allowfullscreen><\/iframe><\/p>\n","protected":false},"excerpt":{"rendered":"<p>O conceito de &#8220;People First&#8221; est\u00e1 revolucionando a Administra\u00e7\u00e3o, colocando as pessoas no centro das decis\u00f5es empresariais. Essa abordagem n\u00e3o s\u00f3 melhora o ambiente de trabalho, mas tamb\u00e9m traz resultados financeiros significativos para as empresas. Pontos principais do artigo: People First \u00e9 uma abordagem que prioriza o bem-estar dos colaboradores. Essa tend\u00eancia tem mostrado resultados [&hellip;]<\/p>\n","protected":false},"author":20,"featured_media":139855,"comment_status":"closed","ping_status":"closed","sticky":false,"template":"","format":"standard","meta":{"footnotes":""},"categories":[6,35497],"tags":[],"class_list":["post-139856","post","type-post","status-publish","format-standard","has-post-thumbnail","category-carreira-de-arquitetura","category-estudante"],"_wp_attached_file":null,"_wp_attachment_metadata":null,"_wp_attachment_context":null,"_wp_attachment_is_custom_header":null,"geo_longitude":null,"geo_public":null,"geo_latitude":null,"_publicize_done_external":null,"_wpas_done_3897181":null,"publicize_twitter_user":null,"_wpas_done_3897175":null,"_wpas_skip_3897181":null,"_wpas_skip_3897175":null,"_wpas_skip_3924723":null,"_wpas_mess":null,"_wpas_done_3924723":null,"wps_subtitle":"","_links":{"self":[{"href":"https:\/\/www.aarquiteta.com.br\/blog\/wp-json\/wp\/v2\/posts\/139856","targetHints":{"allow":["GET"]}}],"collection":[{"href":"https:\/\/www.aarquiteta.com.br\/blog\/wp-json\/wp\/v2\/posts"}],"about":[{"href":"https:\/\/www.aarquiteta.com.br\/blog\/wp-json\/wp\/v2\/types\/post"}],"author":[{"embeddable":true,"href":"https:\/\/www.aarquiteta.com.br\/blog\/wp-json\/wp\/v2\/users\/20"}],"replies":[{"embeddable":true,"href":"https:\/\/www.aarquiteta.com.br\/blog\/wp-json\/wp\/v2\/comments?post=139856"}],"version-history":[{"count":0,"href":"https:\/\/www.aarquiteta.com.br\/blog\/wp-json\/wp\/v2\/posts\/139856\/revisions"}],"wp:featuredmedia":[{"embeddable":true,"href":"https:\/\/www.aarquiteta.com.br\/blog\/wp-json\/wp\/v2\/media\/139855"}],"wp:attachment":[{"href":"https:\/\/www.aarquiteta.com.br\/blog\/wp-json\/wp\/v2\/media?parent=139856"}],"wp:term":[{"taxonomy":"category","embeddable":true,"href":"https:\/\/www.aarquiteta.com.br\/blog\/wp-json\/wp\/v2\/categories?post=139856"},{"taxonomy":"post_tag","embeddable":true,"href":"https:\/\/www.aarquiteta.com.br\/blog\/wp-json\/wp\/v2\/tags?post=139856"}],"curies":[{"name":"wp","href":"https:\/\/api.w.org\/{rel}","templated":true}]}}