{"id":139835,"date":"2025-01-07T17:31:25","date_gmt":"2025-01-07T20:31:25","guid":{"rendered":"https:\/\/www.aarquiteta.com.br\/blog\/adeus-falta-armazenamento-cozinha-despensas-europeias\/"},"modified":"2025-01-07T17:31:25","modified_gmt":"2025-01-07T20:31:25","slug":"adeus-falta-armazenamento-cozinha-despensas-europeias","status":"publish","type":"post","link":"https:\/\/www.aarquiteta.com.br\/blog\/adeus-falta-armazenamento-cozinha-despensas-europeias\/","title":{"rendered":"5 solu\u00e7\u00f5es inteligentes para otimizar o armazenamento na cozinha."},"content":{"rendered":"<p>As despensas est\u00e3o se tornando o novo queridinho das cozinhas modernas, oferecendo uma solu\u00e7\u00e3o pr\u00e1tica e estilosa para o armazenamento de alimentos. Com a crescente demanda por organiza\u00e7\u00e3o e funcionalidade, esse espa\u00e7o tem se mostrado essencial para otimizar o dia a dia na cozinha.<\/p>\n<h2>Funcionalidade e Est\u00e9tica: O Casamento Perfeito<\/h2>\n<h3>O que \u00e9 uma despensa moderna?<\/h3>\n<p>Uma <b>despensa moderna<\/b> n\u00e3o \u00e9 apenas um espa\u00e7o para guardar alimentos; \u00e9 um verdadeiro <b>ref\u00fagio de organiza\u00e7\u00e3o<\/b> dentro da cozinha. Com a evolu\u00e7\u00e3o dos eletrodom\u00e9sticos e a necessidade de otimiza\u00e7\u00e3o de espa\u00e7o, as despensas est\u00e3o se reinventando. Elas podem ser projetadas como um espa\u00e7o independente ou como um arm\u00e1rio embutido, sempre buscando integrar est\u00e9tica e funcionalidade. O que antes era um mero local de armazenamento, agora se transforma em um <b>elemento decorativo<\/b> que complementa o ambiente.<\/p>\n<h3>Por que as despensas est\u00e3o em alta?<\/h3>\n<figure style=\"width: 1024px\" class=\"wp-caption aligncenter\"><img decoding=\"async\" src=\"https:\/\/www.aarquiteta.com.br\/blog\/wp-content\/uploads\/2025\/01\/armario-projetado-para-servir-de-despensa.jpg\" alt=\"5 solu\u00e7\u00f5es inteligentes para otimizar o armazenamento na cozinha.\" width=\"1024\" height=\"1024\" title=\"\"><figcaption class=\"wp-caption-text\">Source: <a href=\"https:\/\/ndmais.com.br\/arquitetura-e-decoracao\/de-adeus-a-falta-de-armazenamento-na-cozinha-despensas-estao-dominando-as-casas-europeias\/\" target=\"_blank\" rel=\"noopener\">NDMAIS<\/a><\/figcaption><\/figure>\n<p>O aumento da popularidade das despensas pode ser atribu\u00eddo a v\u00e1rias raz\u00f5es. Primeiramente, a <b>praticidade<\/b> que elas oferecem \u00e9 ineg\u00e1vel. Ao ter um espa\u00e7o dedicado para organizar alimentos, utens\u00edlios e at\u00e9 mesmo eletrodom\u00e9sticos, o cozinheiro pode se concentrar no que realmente importa: preparar refei\u00e7\u00f5es deliciosas. Al\u00e9m disso, a <b>est\u00e9tica<\/b> das despensas modernas, que muitas vezes incluem prateleiras abertas e ilumina\u00e7\u00e3o estrat\u00e9gica, traz um charme especial ao ambiente, tornando a cozinha um lugar mais acolhedor.<\/p>\n<h3>Como projetar uma despensa funcional?<\/h3>\n<p>Ao projetar uma despensa, \u00e9 crucial considerar a <b>organiza\u00e7\u00e3o interna<\/b>. A arquiteta Ana Andr\u00e9s sugere que os m\u00f3veis devem ter prateleiras e gavetas de f\u00e1cil acesso. Arm\u00e1rios com fundos de cerca de 40 cent\u00edmetros s\u00e3o ideais, pois permitem que os alimentos fiquem vis\u00edveis. Isso n\u00e3o s\u00f3 facilita a localiza\u00e7\u00e3o dos itens, mas tamb\u00e9m ajuda a evitar o desperd\u00edcio, j\u00e1 que \u00e9 poss\u00edvel ver rapidamente o que falta. Al\u00e9m disso, \u00e1reas mais altas podem ser utilizadas para armazenar itens com prazos de validade mais longos, otimizando ainda mais o espa\u00e7o.<\/p>\n<h3>Ilumina\u00e7\u00e3o: Um Detalhe que Faz a Diferen\u00e7a<\/h3>\n<h3>Assista agora a minha recomenda\u00e7\u00e3o de video abaixo sobre o tema que estamos tratando neste artigo: <\/h3>\n<p><iframe title=\"YouTube video player\" src=\"\" width=\"560\" height=\"315\" frameborder=\"0\" allowfullscreen=\"allowfullscreen\"><\/iframe><\/p>\n<p>A <b>ilumina\u00e7\u00e3o<\/b> \u00e9 um aspecto muitas vezes negligenciado, mas que pode transformar completamente a funcionalidade de uma despensa. Uma boa ilumina\u00e7\u00e3o n\u00e3o s\u00f3 facilita a localiza\u00e7\u00e3o dos alimentos, mas tamb\u00e9m torna o espa\u00e7o mais convidativo. Ana destaca que a escolha de materiais e cores que se integram ao restante da cozinha \u00e9 fundamental. Uma despensa bem iluminada e decorada pode se tornar um verdadeiro <b>ponto focal<\/b> do ambiente.<\/p>\n<h3>Despesas e Benef\u00edcios: Vale a Pena Investir?<\/h3>\n<p>Investir em uma despensa pode parecer um gasto extra, mas, segundo Ana, a maioria dos clientes reconhece que o <b>retorno<\/b> vale a pena. A economia de tempo e a facilidade de organiza\u00e7\u00e3o s\u00e3o benef\u00edcios que se traduzem em um dia a dia mais tranquilo. Al\u00e9m disso, a despensa pode aumentar o valor da propriedade, tornando-se um atrativo para futuros compradores. Portanto, a pergunta que fica \u00e9: por que n\u00e3o investir em um espa\u00e7o que traz tantos benef\u00edcios?<\/p>\n<h3>O Futuro das Cozinhas: Tend\u00eancias e Inova\u00e7\u00f5es<\/h3>\n<p>\u00c0 medida que as cozinhas continuam a evoluir, as despensas tamb\u00e9m est\u00e3o se adaptando \u00e0s novas tend\u00eancias. A integra\u00e7\u00e3o de tecnologia, como prateleiras inteligentes e sistemas de organiza\u00e7\u00e3o automatizados, promete revolucionar ainda mais esse espa\u00e7o. A <b>inova\u00e7\u00e3o<\/b> \u00e9 a palavra-chave, e as despensas do futuro podem se tornar verdadeiros centros de efici\u00eancia e estilo dentro da cozinha.<\/p>\n<h2>Conclus\u00e3o<\/h2>\n<p>As despensas est\u00e3o se consolidando como um elemento essencial nas cozinhas contempor\u00e2neas, oferecendo uma solu\u00e7\u00e3o pr\u00e1tica e est\u00e9tica para o armazenamento. Com a crescente demanda por organiza\u00e7\u00e3o e funcionalidade, esse espa\u00e7o se transforma em um verdadeiro aliado no dia a dia. Portanto, ao planejar uma cozinha, n\u00e3o se esque\u00e7a de considerar a inclus\u00e3o de uma despensa. Afinal, quem n\u00e3o gostaria de ter um espa\u00e7o que une <b>praticidade<\/b> e <b>beleza<\/b>?<\/p>\n<p>Pontos principais do artigo:<\/p>\n<ul>\n<li><b>Despesas modernas<\/b> s\u00e3o mais do que simples espa\u00e7os de armazenamento; s\u00e3o elementos decorativos.<\/li>\n<li>A <b>praticidade<\/b> e a <b>est\u00e9tica<\/b> das despensas est\u00e3o em alta nas cozinhas contempor\u00e2neas.<\/li>\n<li>Uma boa <b>organiza\u00e7\u00e3o interna<\/b> e ilumina\u00e7\u00e3o s\u00e3o essenciais para a funcionalidade da despensa.<\/li>\n<li>Investir em uma despensa pode trazer <b>retornos significativos<\/b> em termos de economia de tempo e valoriza\u00e7\u00e3o do im\u00f3vel.<\/li>\n<li>As tend\u00eancias futuras prometem <b>inova\u00e7\u00f5es<\/b> que transformar\u00e3o ainda mais as despensas.<\/li>\n<\/ul>\n","protected":false},"excerpt":{"rendered":"<p>As despensas est\u00e3o se tornando o novo queridinho das cozinhas modernas, oferecendo uma solu\u00e7\u00e3o pr\u00e1tica e estilosa para o armazenamento de alimentos. Com a crescente demanda por organiza\u00e7\u00e3o e funcionalidade, esse espa\u00e7o tem se mostrado essencial para otimizar o dia a dia na cozinha. Funcionalidade e Est\u00e9tica: O Casamento Perfeito O que \u00e9 uma despensa [&hellip;]<\/p>\n","protected":false},"author":102,"featured_media":139834,"comment_status":"closed","ping_status":"closed","sticky":false,"template":"","format":"standard","meta":{"footnotes":""},"categories":[249,19127],"tags":[],"class_list":["post-139835","post","type-post","status-publish","format-standard","has-post-thumbnail","category-engenharia-e-construcao-civil","category-reforma-e-manutencao"],"_wp_attached_file":null,"_wp_attachment_metadata":null,"_wp_attachment_context":null,"_wp_attachment_is_custom_header":null,"geo_longitude":null,"geo_public":null,"geo_latitude":null,"_publicize_done_external":null,"_wpas_done_3897181":null,"publicize_twitter_user":null,"_wpas_done_3897175":null,"_wpas_skip_3897181":null,"_wpas_skip_3897175":null,"_wpas_skip_3924723":null,"_wpas_mess":null,"_wpas_done_3924723":null,"wps_subtitle":"","_links":{"self":[{"href":"https:\/\/www.aarquiteta.com.br\/blog\/wp-json\/wp\/v2\/posts\/139835","targetHints":{"allow":["GET"]}}],"collection":[{"href":"https:\/\/www.aarquiteta.com.br\/blog\/wp-json\/wp\/v2\/posts"}],"about":[{"href":"https:\/\/www.aarquiteta.com.br\/blog\/wp-json\/wp\/v2\/types\/post"}],"author":[{"embeddable":true,"href":"https:\/\/www.aarquiteta.com.br\/blog\/wp-json\/wp\/v2\/users\/102"}],"replies":[{"embeddable":true,"href":"https:\/\/www.aarquiteta.com.br\/blog\/wp-json\/wp\/v2\/comments?post=139835"}],"version-history":[{"count":0,"href":"https:\/\/www.aarquiteta.com.br\/blog\/wp-json\/wp\/v2\/posts\/139835\/revisions"}],"wp:featuredmedia":[{"embeddable":true,"href":"https:\/\/www.aarquiteta.com.br\/blog\/wp-json\/wp\/v2\/media\/139834"}],"wp:attachment":[{"href":"https:\/\/www.aarquiteta.com.br\/blog\/wp-json\/wp\/v2\/media?parent=139835"}],"wp:term":[{"taxonomy":"category","embeddable":true,"href":"https:\/\/www.aarquiteta.com.br\/blog\/wp-json\/wp\/v2\/categories?post=139835"},{"taxonomy":"post_tag","embeddable":true,"href":"https:\/\/www.aarquiteta.com.br\/blog\/wp-json\/wp\/v2\/tags?post=139835"}],"curies":[{"name":"wp","href":"https:\/\/api.w.org\/{rel}","templated":true}]}}