{"id":139780,"date":"2025-01-06T17:11:26","date_gmt":"2025-01-06T20:11:26","guid":{"rendered":"https:\/\/www.aarquiteta.com.br\/blog\/como-montar-cantinho-do-cafe\/"},"modified":"2025-01-06T17:11:26","modified_gmt":"2025-01-06T20:11:26","slug":"como-montar-cantinho-do-cafe","status":"publish","type":"post","link":"https:\/\/www.aarquiteta.com.br\/blog\/como-montar-cantinho-do-cafe\/","title":{"rendered":"Como Montar um Cantinho do Caf\u00e9 em Casa"},"content":{"rendered":"<p><body><\/p>\n<p>Transformar a sua casa em um lar doce lar \u00e9 uma arte que todos podemos dominar. E um dos melhores jeitos de fazer isso \u00e9 criando um cantinho do caf\u00e9 acolhedor e cheio de estilo! Aqui, vou compartilhar dicas pr\u00e1ticas para que voc\u00ea possa montar esse espa\u00e7o onde relaxar e apreciar suas bebidas favoritas se tornem rotina.<\/p>\n<h2>Introdu\u00e7\u00e3o<\/h2>\n<p>Voc\u00ea j\u00e1 imaginou ter um cantinho do caf\u00e9 em casa? Al\u00e9m de ser um canto aconchegante, \u00e9 um espa\u00e7o que agrega fun\u00e7\u00f5es e um toque especial ao seu dia a dia. Neste guide, vamos explorar juntos algumas ideias e dicas que v\u00e3o transformar sua casa em um verdadeiro ref\u00fagio para os amantes do caf\u00e9.<\/p>\n<h2>Por que ter um cantinho do caf\u00e9 em casa?<\/h2>\n<p>Ter um espa\u00e7o dedicado ao caf\u00e9 n\u00e3o \u00e9 apenas uma quest\u00e3o de estilo, \u00e9 uma maneira de <b>enriquecer<\/b> seus momentos. Certa vez, ouvi de um amigo que preparar um caf\u00e9 \u00e9 como <b>preparar uma po\u00e7\u00e3o m\u00e1gica<\/b>: ele transforma o dia e traz aquele aconchego! Ent\u00e3o, vamos l\u00e1 entender os benef\u00edcios desse cantinho:<\/p>\n<ul>\n<li><b>Relaxamento:<\/b> \u00c9 um lugar ideal para momentos de introspec\u00e7\u00e3o ou para reunir amigos.<\/li>\n<li><b>Organiza\u00e7\u00e3o:<\/b> Um espa\u00e7o espec\u00edfico para seu caf\u00e9 mant\u00e9m sua cozinha mais arrumada.<\/li>\n<li><b>Estilo:<\/b> Permite que voc\u00ea adicione sua personalidade atrav\u00e9s da decora\u00e7\u00e3o.<\/li>\n<\/ul>\n<h2>O que \u00e9 preciso para montar o cantinho do caf\u00e9?<\/h2>\n<p>Aqui \u00e9 onde a magia acontece! Para montar o seu cantinho do caf\u00e9, voc\u00ea precisa estar atento aos itens essenciais e tamb\u00e9m aos <b>toques decorativos<\/b> que fazem toda a diferen\u00e7a.<\/p>\n<h3>Itens essenciais<\/h3>\n<figure style=\"width: 1024px\" class=\"wp-caption aligncenter\"><img decoding=\"async\" src=\"https:\/\/www.aarquiteta.com.br\/blog\/wp-content\/uploads\/2025\/01\/como-montar-cantinho-do-cafe01.jpg\" alt=\"Como Montar um Cantinho do Caf\u00e9 em Casa\" width=\"1024\" height=\"1024\" title=\"\"><figcaption class=\"wp-caption-text\">Como Montar um Cantinho do Caf\u00e9 em Casa<\/figcaption><\/figure>\n<p>Em qualquer cantinho do caf\u00e9, alguns itens s\u00e3o fundamentais. E n\u00e3o estamos falando apenas da cafeteira. Al\u00e9m disso, voc\u00ea vai precisar de:<\/p>\n<ul>\n<li><b>Cafeteira:<\/b> el\u00e9trica ou manual, escolha a que mais combina com voc\u00ea.<\/li>\n<li><b>X\u00edcaras:<\/b> Um conjunto bem estiloso pode fazer seu caf\u00e9 parecer ainda mais gostoso.<\/li>\n<li><b>Utens\u00edlios:<\/b> colher, a\u00e7\u00facar e ado\u00e7antes devem estar sempre \u00e0 m\u00e3o.<\/li>\n<\/ul>\n<h3>Toques decorativos<\/h3>\n<figure style=\"width: 1024px\" class=\"wp-caption aligncenter\"><img decoding=\"async\" src=\"https:\/\/www.aarquiteta.com.br\/blog\/wp-content\/uploads\/2025\/01\/como-fazer-um-cantinho-do-cafe-na-bancada-da-cozinha-1200x900.jpg\" alt=\"Caf\u00e9 na bancada da cozinha, com espa\u00e7o para relaxar. \" title=\"\"><figcaption class=\"wp-caption-text\">Caf\u00e9 na bancada da cozinha, com espa\u00e7o para relaxar.<\/figcaption><\/figure>\n<p>Agora que j\u00e1 falamos dos itens essenciais, \u00e9 hora de acrescentar aquele <b>puxadinho de personalidade<\/b> ao seu cantinho. Quer ver?<\/p>\n<ul>\n<li><b>Plantas:<\/b> d\u00e3o frescor e vida ao espa\u00e7o.<\/li>\n<li><b>Quadros ou fotos:<\/b> que trazem boas mem\u00f3rias e estilo.<\/li>\n<\/ul>\n<h2>Onde \u00e9 o melhor lugar para fazer o cantinho do caf\u00e9?<\/h2>\n<p>A localiza\u00e7\u00e3o \u00e9 crucial! O local que voc\u00ea escolher deve ser <b>pr\u00e1tico<\/b> e f\u00e1cil de acessar. A cozinha \u00e9 uma escolha cl\u00e1ssica, mas uma \u00e1rea de conviv\u00eancia, como a sala, tamb\u00e9m pode ser uma \u00f3tima pedida.<\/p>\n<p>Evite lugares muito afastados do resto da casa. A ideia \u00e9 que seu cantinho do caf\u00e9 se torne um ponto de encontro, n\u00e3o um canto esquecido!<\/p>\n<h2>Como montar um cantinho do caf\u00e9?<\/h2>\n<h3>1. Escolha um local adequado<\/h3>\n<figure style=\"width: 1024px\" class=\"wp-caption aligncenter\"><img decoding=\"async\" src=\"https:\/\/www.aarquiteta.com.br\/blog\/wp-content\/uploads\/2025\/01\/como-montar-um-cantinho-do-cafe-1200x900.jpg\" alt=\"Uma \u00e1rea dedicada ao caf\u00e9 com um ambiente acolhedor.\" title=\"\"><figcaption class=\"wp-caption-text\">Uma \u00e1rea dedicada ao caf\u00e9 com um ambiente acolhedor.<\/figcaption><\/figure>\n<p>Primeiro passo: decidir onde vai ser esse espa\u00e7o. Pode ser uma pequena mesa ou at\u00e9 um aparador. O importante \u00e9 que esteja perto da cozinha e que tenha um <b>ponto el\u00e9trico<\/b> para sua cafeteira.<\/p>\n<h3>2. Utilize cores para destacar o local<\/h3>\n<figure style=\"width: 1024px\" class=\"wp-caption aligncenter\"><img decoding=\"async\" src=\"https:\/\/www.aarquiteta.com.br\/blog\/wp-content\/uploads\/2025\/01\/como-montar-cantinho-do-cafe02.jpg\" alt=\"Como Montar um Cantinho do Caf\u00e9 em Casa\" width=\"1024\" height=\"1024\" title=\"\"><figcaption class=\"wp-caption-text\">Como Montar um Cantinho do Caf\u00e9 em Casa<\/figcaption><\/figure>\n<p>A cor \u00e9 um verdadeiro protagonista na decora\u00e7\u00e3o! Tons quentes como o marrom trazem uma sensa\u00e7\u00e3o de aconchego, enquanto outros como azul claro deixam um ar relaxante.<\/p>\n<p>Brinque com pap\u00e9is de parede ou tintas. O que importa \u00e9 fazer seu cantinho se destacar e convidar para um cafezinho!<\/p>\n<h3>3. Aparadores como op\u00e7\u00e3o pr\u00e1tica<\/h3>\n<figure style=\"width: 1024px\" class=\"wp-caption aligncenter\"><img decoding=\"async\" src=\"https:\/\/www.aarquiteta.com.br\/blog\/wp-content\/uploads\/2025\/01\/como-fazer-um-cantinho-do-cafe-simples-1200x900.jpg\" alt=\"Um cantinho do caf\u00e9 simples e organizado.\" title=\"\"><figcaption class=\"wp-caption-text\">Um cantinho do caf\u00e9 simples e organizado.<\/figcaption><\/figure>\n<p>Um aparador \u00e9 uma escolha inteligente! Al\u00e9m de ser um suporte para a cafeteira, ele pode ter prateleiras que ajudam a organizar tudo. Imagine: abrir uma gaveta e encontrar suas x\u00edcaras organizadas, \u00e9 como um sonho, n\u00e3o \u00e9 mesmo?<\/p>\n<h3>4. Quadros tem\u00e1ticos para estilo<\/h3>\n<figure style=\"width: 1024px\" class=\"wp-caption aligncenter\"><img decoding=\"async\" src=\"https:\/\/www.aarquiteta.com.br\/blog\/wp-content\/uploads\/2025\/01\/como-montar-cantinho-do-cafe03.jpg\" alt=\"Como Montar um Cantinho do Caf\u00e9 em Casa\" width=\"1024\" height=\"1024\" title=\"\"><figcaption class=\"wp-caption-text\">Como Montar um Cantinho do Caf\u00e9 em Casa<\/figcaption><\/figure>\n<p>N\u00e3o subestime o poder de alguns quadros. Eles s\u00e3o como a cereja do bolo. Um mural bem montado pode contar um pouco da sua hist\u00f3ria e deixar o espa\u00e7o muito mais charmoso!<\/p>\n<h3>5. Aposta em prateleiras<\/h3>\n<figure style=\"width: 1024px\" class=\"wp-caption aligncenter\"><img decoding=\"async\" src=\"https:\/\/www.aarquiteta.com.br\/blog\/wp-content\/uploads\/2025\/01\/como-organizar-um-cantinho-do-cafe-1200x900.jpg\" alt=\"Espa\u00e7o para acomodar os utens\u00edlios do caf\u00e9 de forma pr\u00e1tica.\" title=\"\"><figcaption class=\"wp-caption-text\">Espa\u00e7o para acomodar os utens\u00edlios do caf\u00e9 de forma pr\u00e1tica.<\/figcaption><\/figure>\n<p>As prateleiras s\u00e3o <b>multifuncionais!<\/b> Al\u00e9m de maximizarem o espa\u00e7o, s\u00e3o incr\u00edveis para mostrar elementos decorativos, como canecas e plantas.<br \/>\nEnt\u00e3o, n\u00e3o tenha medo de se arriscar! <b>Use a criatividade<\/b> e potencialize o seu cantinho.<\/p>\n<h2>Conclus\u00e3o<\/h2>\n<p>Montar seu cantinho do caf\u00e9 \u00e9 uma oportunidade perfeita para personalizar seu lar e inovar no dia a dia. Com as dicas que explorei aqui, voc\u00ea poder\u00e1 criar um espa\u00e7o que une funcionalidade e charme, permitindo que voc\u00ea desfrute de momentos relaxantes.<\/p>\n<p>Espero que tenha gostado e que essas sugest\u00f5es ajudem a transformar sua rotina com aquele caf\u00e9 quentinho e especial!<\/p>\n<p><\/body><br \/>\n<figure style=\"width: 1024px\" class=\"wp-caption aligncenter\"><img decoding=\"async\" src=\"https:\/\/www.aarquiteta.com.br\/blog\/wp-content\/uploads\/2025\/01\/como-montar-cantinho-do-cafe4.jpg\" alt=\"Como Montar um Cantinho do Caf\u00e9 em Casa\" width=\"1024\" height=\"1024\" title=\"\"><figcaption class=\"wp-caption-text\">Como Montar um Cantinho do Caf\u00e9 em Casa<\/figcaption><\/figure>\n<figure style=\"width: 1024px\" class=\"wp-caption aligncenter\"><img decoding=\"async\" src=\"https:\/\/www.aarquiteta.com.br\/blog\/wp-content\/uploads\/2025\/01\/como-fazer-um-cantinho-do-cafe-na-cozinha-1200x900.jpg\" alt=\"Cantinho do caf\u00e9 na cozinha que maximiza o espa\u00e7o.\" title=\"\"><figcaption class=\"wp-caption-text\">Cantinho do caf\u00e9 na cozinha que maximiza o espa\u00e7o.<\/figcaption><\/figure>\n<p><iframe title=\"YouTube video player\" src=\"https:\/\/www.youtube.com\/embed\/cR68Cs-xhFc\" width=\"560\" height=\"315\" frameborder=\"0\" allowfullscreen=\"allowfullscreen\"><\/iframe><\/p>\n<img decoding=\"async\" src=\"\" alt=\"\" title=\"\">\n","protected":false},"excerpt":{"rendered":"<p>Aprenda a montar um cantinho do caf\u00e9 acolhedor em sua casa com dicas simples e criativas para organizar e decorar seu espa\u00e7o.<\/p>\n","protected":false},"author":102,"featured_media":139769,"comment_status":"closed","ping_status":"closed","sticky":false,"template":"","format":"standard","meta":{"footnotes":""},"categories":[1507,6,249],"tags":[],"class_list":["post-139780","post","type-post","status-publish","format-standard","has-post-thumbnail","category-arquitetura","category-carreira-de-arquitetura","category-engenharia-e-construcao-civil"],"_wp_attached_file":null,"_wp_attachment_metadata":null,"_wp_attachment_context":null,"_wp_attachment_is_custom_header":null,"geo_longitude":null,"geo_public":null,"geo_latitude":null,"_publicize_done_external":null,"_wpas_done_3897181":null,"publicize_twitter_user":null,"_wpas_done_3897175":null,"_wpas_skip_3897181":null,"_wpas_skip_3897175":null,"_wpas_skip_3924723":null,"_wpas_mess":null,"_wpas_done_3924723":null,"wps_subtitle":"","_links":{"self":[{"href":"https:\/\/www.aarquiteta.com.br\/blog\/wp-json\/wp\/v2\/posts\/139780","targetHints":{"allow":["GET"]}}],"collection":[{"href":"https:\/\/www.aarquiteta.com.br\/blog\/wp-json\/wp\/v2\/posts"}],"about":[{"href":"https:\/\/www.aarquiteta.com.br\/blog\/wp-json\/wp\/v2\/types\/post"}],"author":[{"embeddable":true,"href":"https:\/\/www.aarquiteta.com.br\/blog\/wp-json\/wp\/v2\/users\/102"}],"replies":[{"embeddable":true,"href":"https:\/\/www.aarquiteta.com.br\/blog\/wp-json\/wp\/v2\/comments?post=139780"}],"version-history":[{"count":0,"href":"https:\/\/www.aarquiteta.com.br\/blog\/wp-json\/wp\/v2\/posts\/139780\/revisions"}],"wp:featuredmedia":[{"embeddable":true,"href":"https:\/\/www.aarquiteta.com.br\/blog\/wp-json\/wp\/v2\/media\/139769"}],"wp:attachment":[{"href":"https:\/\/www.aarquiteta.com.br\/blog\/wp-json\/wp\/v2\/media?parent=139780"}],"wp:term":[{"taxonomy":"category","embeddable":true,"href":"https:\/\/www.aarquiteta.com.br\/blog\/wp-json\/wp\/v2\/categories?post=139780"},{"taxonomy":"post_tag","embeddable":true,"href":"https:\/\/www.aarquiteta.com.br\/blog\/wp-json\/wp\/v2\/tags?post=139780"}],"curies":[{"name":"wp","href":"https:\/\/api.w.org\/{rel}","templated":true}]}}