{"id":139730,"date":"2025-01-06T11:57:12","date_gmt":"2025-01-06T14:57:12","guid":{"rendered":"https:\/\/www.aarquiteta.com.br\/blog\/cerca-de-madeira\/"},"modified":"2025-01-06T11:57:12","modified_gmt":"2025-01-06T14:57:12","slug":"cerca-de-madeira","status":"publish","type":"post","link":"https:\/\/www.aarquiteta.com.br\/blog\/cerca-de-madeira\/","title":{"rendered":"Cerca de madeira: 10 ideias e tutoriais para dividir espa\u00e7os com charme"},"content":{"rendered":"<p><body><\/p>\n<p>As cercas de madeira s\u00e3o uma solu\u00e7\u00e3o pr\u00e1tica e encantadora para demarcar espa\u00e7os no seu ambiente externo. Al\u00e9m de fornecer seguran\u00e7a, elas conferem um toque de eleg\u00e2ncia que valoriza o seu jardim ou quintal. Neste artigo, vou compartilhar dicas e ideias interessantes para voc\u00ea se inspirar e criar sua cerca de madeira de maneira criativa!<\/p>\n<h2>Introdu\u00e7\u00e3o<\/h2>\n<p>Quando falamos em <b>cercas de madeira<\/b>, estamos abordando um elemento que traz tanto funcionalidade quanto beleza para o nosso espa\u00e7o. Seja para delimitar \u00e1reas, garantir privacidade ou simplesmente embelezar o jardim, existem in\u00fameras possibilidades de estilos e aplica\u00e7\u00f5es. Neste guia, exploraremos as <b>vantagens<\/b>, os estilos, e dicas para a manuten\u00e7\u00e3o e decora\u00e7\u00e3o com cercas de madeira.<\/p>\n<h2>1. Vantagens da Cerca de Madeira<\/h2>\n<p>As cercas de madeira v\u00e3o muito al\u00e9m da est\u00e9tica. Elas oferecem uma s\u00e9rie de <b>vantagens pr\u00e1ticas<\/b> que podem transformar o seu espa\u00e7o. Vamos ver algumas delas:<\/p>\n<ul>\n<li><b>Durabilidade:<\/b> A madeira, quando tratada, pode resistir ao tempo e adversidades clim\u00e1ticas.<\/li>\n<li><b>Versatilidade:<\/b> Voc\u00ea pode utilizar diferentes tipos e estilos, adaptando-se ao seu gosto e necessidade.<\/li>\n<li><b>Isolamento ac\u00fastico:<\/b> Cercas de madeira ajudam a bloquear barulhos externos, proporcionando um ambiente mais tranquilo.<\/li>\n<\/ul>\n<h2>2. Estilos de Cerca de Madeira<\/h2>\n<p>As op\u00e7\u00f5es s\u00e3o muitas! Podemos nos aventurar por diferentes estilos que se adequam a cada <b>projeto e local<\/b>.<\/p>\n<h3>2.1. R\u00fastica<\/h3>\n<figure style=\"width: 1024px\" class=\"wp-caption aligncenter\"><img decoding=\"async\" src=\"https:\/\/www.aarquiteta.com.br\/blog\/wp-content\/uploads\/2025\/01\/cerca-de-madeira-5-730x736.jpg\" alt=\"Foto de cerca de madeira 5 - 5\" title=\"\"><figcaption class=\"wp-caption-text\">Foto de cerca de madeira 5 &#8211; 5<\/figcaption><\/figure>\n<p>A cerca r\u00fastica traz um aspecto natural, perfeito para \u00e1reas de campo ou jardins que buscam por um toque mais <b>org\u00e2nico<\/b>.<\/p>\n<h3>2.2. Moderna<\/h3>\n<figure style=\"width: 1024px\" class=\"wp-caption aligncenter\"><img decoding=\"async\" src=\"https:\/\/www.aarquiteta.com.br\/blog\/wp-content\/uploads\/2025\/01\/cerca-de-madeira01.jpg\" alt=\"Cerca de madeira: 50 ideias e tutoriais para dividir espa\u00e7os com charme\" width=\"1024\" height=\"1024\" title=\"\"><figcaption class=\"wp-caption-text\">Cerca de madeira: 50 ideias e tutoriais para dividir espa\u00e7os com charme<\/figcaption><\/figure>\n<p>A proposta moderna \u00e9 composta de linhas retas e acabamentos limpos, ideal para quem aprecia um <b>design minimalista<\/b>.<\/p>\n<h3>2.3. Cl\u00e1ssica<\/h3>\n<figure style=\"width: 1024px\" class=\"wp-caption aligncenter\"><img decoding=\"async\" src=\"https:\/\/www.aarquiteta.com.br\/blog\/wp-content\/uploads\/2025\/01\/cerca-de-madeira-51.jpg\" alt=\"Matt Parker Photography\" title=\"\"><figcaption class=\"wp-caption-text\">Matt Parker Photography<\/figcaption><\/figure>\n<p>As cercas cl\u00e1ssicas, com seus detalhes ornamentais, trazem um ar de sofistica\u00e7\u00e3o e eleg\u00e2ncia ao espa\u00e7o, complementando com charme qualquer fachada.<\/p>\n<h3>2.4. Completamente Personalizada<\/h3>\n<figure style=\"width: 1024px\" class=\"wp-caption aligncenter\"><img decoding=\"async\" src=\"https:\/\/www.aarquiteta.com.br\/blog\/wp-content\/uploads\/2025\/01\/cerca-de-madeira02.jpg\" alt=\"Cerca de madeira: 50 ideias e tutoriais para dividir espa\u00e7os com charme\" width=\"1024\" height=\"1024\" title=\"\"><figcaption class=\"wp-caption-text\">Cerca de madeira: 50 ideias e tutoriais para dividir espa\u00e7os com charme<\/figcaption><\/figure>\n<p>Se a ideia \u00e9 inovar, as cercas personalizadas permitem que voc\u00ea crie o que mais deseja, misturando materiais e estilos \u00e0 sua escolha.<\/p>\n<h2>3. Como Fazer Sua Pr\u00f3pria Cerca de Madeira<\/h2>\n<p>Arrega\u00e7ar as mangas e colocar a m\u00e3o na massa \u00e9 a melhor forma de dar vida a sua ideia. Aqui vou te ensinar como:<\/p>\n<h3>3.1. Ferramentas Necess\u00e1rias<\/h3>\n<figure style=\"width: 1024px\" class=\"wp-caption aligncenter\"><img decoding=\"async\" src=\"https:\/\/www.aarquiteta.com.br\/blog\/wp-content\/uploads\/2025\/01\/cerca-de-madeira-1-730x487.jpg\" alt=\"Foto de cerca de madeira 1 - 1\" title=\"\"><figcaption class=\"wp-caption-text\">Foto de cerca de madeira 1 &#8211; 1<\/figcaption><\/figure>\n<p>Antes de tudo, \u00e9 preciso ter as ferramentas certas: serra, martelo, pregos, and so on&#8230; Uma boa prepara\u00e7\u00e3o \u00e9 essencial para um trabalho bem feito!<\/p>\n<h3>3.2. Passo a Passo para Execu\u00e7\u00e3o<\/h3>\n<figure style=\"width: 1024px\" class=\"wp-caption aligncenter\"><img decoding=\"async\" src=\"https:\/\/www.aarquiteta.com.br\/blog\/wp-content\/uploads\/2025\/01\/cerca-de-madeira03.jpg\" alt=\"Cerca de madeira: 50 ideias e tutoriais para dividir espa\u00e7os com charme\" width=\"1024\" height=\"1024\" title=\"\"><figcaption class=\"wp-caption-text\">Cerca de madeira: 50 ideias e tutoriais para dividir espa\u00e7os com charme<\/figcaption><\/figure>\n<p>O processo \u00e9 simples, e seguindo um <b>passo a passo<\/b>, voc\u00ea consegue realizar a constru\u00e7\u00e3o sem grandes dificuldades:<\/p>\n<ol>\n<li>Defina o espa\u00e7o que voc\u00ea quer cercar.<\/li>\n<li>Marque o local com estacas e um cord\u00e3o.<\/li>\n<li>Cave buracos para os postes de sustenta\u00e7\u00e3o.<\/li>\n<li>Instale os postes e conecte as ripas de madeira.<\/li>\n<\/ol>\n<h3>3.3. Inspira\u00e7\u00e3o em Projetos de DIY<\/h3>\n<figure style=\"width: 1024px\" class=\"wp-caption aligncenter\"><img decoding=\"async\" src=\"https:\/\/www.aarquiteta.com.br\/blog\/wp-content\/uploads\/2025\/01\/cerca-de-madeira-3-730x486.jpg\" alt=\"Foto de cerca de madeira 3 - 2\" title=\"\"><figcaption class=\"wp-caption-text\">Foto de cerca de madeira 3 &#8211; 2<\/figcaption><\/figure>\n<p>Uma boa ideia \u00e9 buscar projetos DIY (Do It Yourself) na internet. H\u00e1 uma infinidade de v\u00eddeos e tutoriais que podem te ajudar a <b>dar asas \u00e0 criatividade<\/b>.<\/p>\n<h2>4. Cuidados e Manuten\u00e7\u00e3o da Cerca de Madeira<\/h2>\n<p>Ap\u00f3s a constru\u00e7\u00e3o, a manuten\u00e7\u00e3o se torna uma parte fundamental do processo. Para garantir uma cerca sempre bonita, siga essas dicas:<\/p>\n<h3>4.1. Tratamento da Madeira<\/h3>\n<figure style=\"width: 1024px\" class=\"wp-caption aligncenter\"><img decoding=\"async\" src=\"https:\/\/www.aarquiteta.com.br\/blog\/wp-content\/uploads\/2025\/01\/cerca-de-madeira4.jpg\" alt=\"Cerca de madeira: 50 ideias e tutoriais para dividir espa\u00e7os com charme\" width=\"1024\" height=\"1024\" title=\"\"><figcaption class=\"wp-caption-text\">Cerca de madeira: 50 ideias e tutoriais para dividir espa\u00e7os com charme<\/figcaption><\/figure>\n<p>Utilize produtos espec\u00edficos para proteger a madeira contra fungos e insetos. Um bom <b>tratamento<\/b> pode aumentar a durabilidade.<\/p>\n<h3>4.2. Limpeza e Conserva\u00e7\u00e3o<\/h3>\n<figure style=\"width: 1024px\" class=\"wp-caption aligncenter\"><img decoding=\"async\" src=\"https:\/\/www.aarquiteta.com.br\/blog\/wp-content\/uploads\/2025\/01\/cerca-de-madeira-2-730x868.jpg\" alt=\"Foto de cerca de madeira 2 - 3\" title=\"\"><figcaption class=\"wp-caption-text\">Foto de cerca de madeira 2 &#8211; 3<\/figcaption><\/figure>\n<p>Uma limpeza peri\u00f3dica com \u00e1gua e sab\u00e3o neutro \u00e9 recomendada para manter a apar\u00eancia da sua cerca. Evite produtos qu\u00edmicos fortes que podem danificar a madeira.<\/p>\n<h2>5. Ideias de Decora\u00e7\u00e3o com Cerca de Madeira<\/h2>\n<p>Para dar um charme extra ao espa\u00e7o, voc\u00ea pode integrar elementos decorativos \u00e0 cerca:<\/p>\n<h3>5.1. Integra\u00e7\u00e3o com Plantas<\/h3>\n<h3>Para se aprofundar mais sobre o tema, veja a minha recomenda\u00e7\u00e3o sobre o tema deste artigo no v\u00eddeo a seguir abaixo:<\/h3>\n<p><iframe title=\"YouTube video player\" src=\"https:\/\/www.youtube.com\/embed\/u5SOiAwSxk4\" width=\"560\" height=\"315\" frameborder=\"0\" allowfullscreen=\"allowfullscreen\"><\/iframe><\/p>\n<p>Usar a cerca como suporte para <b>plantas trepadeiras<\/b> \u00e9 uma forma maravilhosa de dar vida ao ambiente.<\/p>\n<h3>5.2. Ilumina\u00e7\u00e3o Decorativa<\/h3>\n<figure style=\"width: 1024px\" class=\"wp-caption aligncenter\"><img decoding=\"async\" src=\"https:\/\/www.aarquiteta.com.br\/blog\/wp-content\/uploads\/2025\/01\/cerca-de-madeira-4-730x730.jpg\" alt=\"Foto de cerca de madeira 4 - 4\" title=\"\"><figcaption class=\"wp-caption-text\">Foto de cerca de madeira 4 &#8211; 4<\/figcaption><\/figure>\n<p>Adicione luzes ao longo da cerca para criar ambientes aconchegantes \u00e0 noite. As <b>ilumina\u00e7\u00f5es<\/b> podem mudar completamente a atmosfera.<\/p>\n<h3>5.3. Uso de Cores e Acabamentos<\/h3>\n<p>Pintar ou aplicar acabamentos coloridos pode trazer modernidade e estilo \u00e0 cerca, destacando-a ainda mais no seu jardim.<\/p>\n<h2>6. Exemplos Inspiradores de Cercas de Madeira<\/h2>\n<p>Aqui est\u00e3o algumas inspira\u00e7\u00f5es que v\u00e3o te deixar com vontade de come\u00e7ar seu projeto:<\/p>\n<ul>\n<li>Uma cerca de madeira branca em um jardim florido pode se tornar um foco de atra\u00e7\u00e3o.<\/li>\n<li>Cercas vazadas permitem a vis\u00e3o do interior do jardim, tornando o espa\u00e7o leve.<\/li>\n<li>Utilizar troncos de madeira \u00e9 uma alternativa r\u00fastica e natural para cercas.<\/li>\n<\/ul>\n<h2>Conclus\u00e3o<\/h2>\n<p>Investir em uma <b>cerca de madeira<\/b> \u00e9 uma excelente maneira de embelezar e organizar os espa\u00e7os ao ar livre. Com as ideias e tutoriais deste artigo, voc\u00ea est\u00e1 mais do que preparado para criar sua pr\u00f3pria cerca, ajustando \u00e0s suas prefer\u00eancias e necessidades. N\u00e3o tenha medo de soltar a imagina\u00e7\u00e3o!<\/p>\n<p><\/body><\/p>\n","protected":false},"excerpt":{"rendered":"<p>Descubra 50 ideias inspiradoras e tutoriais de cercas de madeira para decorar e dividir espa\u00e7os externos com charme.<\/p>\n","protected":false},"author":102,"featured_media":139723,"comment_status":"closed","ping_status":"closed","sticky":false,"template":"","format":"standard","meta":{"footnotes":""},"categories":[1484],"tags":[],"class_list":["post-139730","post","type-post","status-publish","format-standard","has-post-thumbnail","category-decoracao"],"_wp_attached_file":null,"_wp_attachment_metadata":null,"_wp_attachment_context":null,"_wp_attachment_is_custom_header":null,"geo_longitude":null,"geo_public":null,"geo_latitude":null,"_publicize_done_external":null,"_wpas_done_3897181":null,"publicize_twitter_user":null,"_wpas_done_3897175":null,"_wpas_skip_3897181":null,"_wpas_skip_3897175":null,"_wpas_skip_3924723":null,"_wpas_mess":null,"_wpas_done_3924723":null,"wps_subtitle":"","_links":{"self":[{"href":"https:\/\/www.aarquiteta.com.br\/blog\/wp-json\/wp\/v2\/posts\/139730","targetHints":{"allow":["GET"]}}],"collection":[{"href":"https:\/\/www.aarquiteta.com.br\/blog\/wp-json\/wp\/v2\/posts"}],"about":[{"href":"https:\/\/www.aarquiteta.com.br\/blog\/wp-json\/wp\/v2\/types\/post"}],"author":[{"embeddable":true,"href":"https:\/\/www.aarquiteta.com.br\/blog\/wp-json\/wp\/v2\/users\/102"}],"replies":[{"embeddable":true,"href":"https:\/\/www.aarquiteta.com.br\/blog\/wp-json\/wp\/v2\/comments?post=139730"}],"version-history":[{"count":0,"href":"https:\/\/www.aarquiteta.com.br\/blog\/wp-json\/wp\/v2\/posts\/139730\/revisions"}],"wp:featuredmedia":[{"embeddable":true,"href":"https:\/\/www.aarquiteta.com.br\/blog\/wp-json\/wp\/v2\/media\/139723"}],"wp:attachment":[{"href":"https:\/\/www.aarquiteta.com.br\/blog\/wp-json\/wp\/v2\/media?parent=139730"}],"wp:term":[{"taxonomy":"category","embeddable":true,"href":"https:\/\/www.aarquiteta.com.br\/blog\/wp-json\/wp\/v2\/categories?post=139730"},{"taxonomy":"post_tag","embeddable":true,"href":"https:\/\/www.aarquiteta.com.br\/blog\/wp-json\/wp\/v2\/tags?post=139730"}],"curies":[{"name":"wp","href":"https:\/\/api.w.org\/{rel}","templated":true}]}}