{"id":139678,"date":"2025-01-05T14:20:30","date_gmt":"2025-01-05T17:20:30","guid":{"rendered":"https:\/\/www.aarquiteta.com.br\/blog\/floreira-de-parede-4\/"},"modified":"2025-01-05T14:20:30","modified_gmt":"2025-01-05T17:20:30","slug":"floreira-de-parede-4","status":"publish","type":"post","link":"https:\/\/www.aarquiteta.com.br\/blog\/floreira-de-parede-4\/","title":{"rendered":"Floreiras de parede: como fazer e 10 op\u00e7\u00f5es encantadoras para sua casa."},"content":{"rendered":"<p><body><\/p>\n<p>A floreira de parede \u00e9 uma solu\u00e7\u00e3o incr\u00edvel para quem quer adicionar um toque verde \u00e0 decora\u00e7\u00e3o, mesmo com espa\u00e7o limitado. Neste artigo, vou compartilhar dicas pr\u00e1ticas e inspira\u00e7\u00f5es criativas para voc\u00ea criar sua floreira, al\u00e9m de mostrar modelos que podem transformar a sua casa.<\/p>\n<h2\n[caption align=\"aligncenter\" width=\"1024\"]<img decoding=\"async\" src=\"https:\/\/www.aarquiteta.com.br\/blog\/wp-content\/uploads\/2025\/01\/1_floreira-de-parede-2-1-730x783.jpg\" alt=\"A FLOREIRA DE PAREDE, GERALMENTE, PODE SER FEITA DE 3 MATERIAIS\" title=\"\">A FLOREIRA DE PAREDE, GERALMENTE, PODE SER FEITA DE 3 MATERIAIS[\/caption]\n<figure style=\"width: 1024px\" class=\"wp-caption aligncenter\"><img decoding=\"async\" src=\"https:\/\/www.aarquiteta.com.br\/blog\/wp-content\/uploads\/2025\/01\/floreira-de-parede01.jpg\" alt=\"Floreiras de parede: como fazer e 50 op\u00e7\u00f5es encantadoras para sua casa\" width=\"1024\" height=\"1024\" title=\"\"><figcaption class=\"wp-caption-text\">Floreiras de parede: como fazer e 50 op\u00e7\u00f5es encantadoras para sua casa<\/figcaption><\/figure>\n<figure style=\"width: 1024px\" class=\"wp-caption aligncenter\"><img decoding=\"async\" src=\"https:\/\/www.aarquiteta.com.br\/blog\/wp-content\/uploads\/2025\/01\/1_floreira-de-parede-0.jpg\" alt=\"A floreira de parede \u00e9 uma pe\u00e7a ideal para quem deseja cultivar plantas e embelezar um ambiente, mas n\u00e3o tem muito espa\u00e7o em casa.\" title=\"\"><figcaption class=\"wp-caption-text\">A floreira de parede \u00e9 uma pe\u00e7a ideal para quem deseja cultivar plantas e embelezar um ambiente, mas n\u00e3o tem muito espa\u00e7o em casa.<\/figcaption><\/figure>\n<figure style=\"width: 1024px\" class=\"wp-caption aligncenter\"><img decoding=\"async\" src=\"https:\/\/www.aarquiteta.com.br\/blog\/wp-content\/uploads\/2025\/01\/floreira-de-parede02.jpg\" alt=\"Floreiras de parede: como fazer e 50 op\u00e7\u00f5es encantadoras para sua casa\" width=\"1024\" height=\"1024\" title=\"\"><figcaption class=\"wp-caption-text\">Floreiras de parede: como fazer e 50 op\u00e7\u00f5es encantadoras para sua casa<\/figcaption><\/figure>\n<figure style=\"width: 1024px\" class=\"wp-caption aligncenter\"><img decoding=\"async\" src=\"https:\/\/www.aarquiteta.com.br\/blog\/wp-content\/uploads\/2025\/01\/floreiras-destaque-286x160.jpg\" alt=\"Uma floreira de parede pode ser colocada tanto em ambientes externos quanto internos, al\u00e9m de ser feita de diferentes materiais.\" title=\"\"><figcaption class=\"wp-caption-text\">Uma floreira de parede pode ser colocada tanto em ambientes externos quanto internos, al\u00e9m de ser feita de diferentes materiais.<\/figcaption><\/figure>\n<figure style=\"width: 1024px\" class=\"wp-caption aligncenter\"><img decoding=\"async\" src=\"https:\/\/www.aarquiteta.com.br\/blog\/wp-content\/uploads\/2025\/01\/floreira-de-parede03.jpg\" alt=\"Floreiras de parede: como fazer e 50 op\u00e7\u00f5es encantadoras para sua casa\" width=\"1024\" height=\"1024\" title=\"\"><figcaption class=\"wp-caption-text\">Floreiras de parede: como fazer e 50 op\u00e7\u00f5es encantadoras para sua casa<\/figcaption><\/figure>\n<figure style=\"width: 1024px\" class=\"wp-caption aligncenter\"><img decoding=\"async\" src=\"https:\/\/www.aarquiteta.com.br\/blog\/wp-content\/uploads\/2025\/01\/1_tipos-de-flores-00-286x160.jpg\" alt=\"Fotos de floreiras destaque - 1\" title=\"\"><figcaption class=\"wp-caption-text\">Fotos de floreiras destaque &#8211; 1<\/figcaption><\/figure>\n<figure style=\"width: 1024px\" class=\"wp-caption aligncenter\"><img decoding=\"async\" src=\"https:\/\/www.aarquiteta.com.br\/blog\/wp-content\/uploads\/2025\/01\/floreira-de-parede4.jpg\" alt=\"Floreiras de parede: como fazer e 50 op\u00e7\u00f5es encantadoras para sua casa\" width=\"1024\" height=\"1024\" title=\"\"><figcaption class=\"wp-caption-text\">Floreiras de parede: como fazer e 50 op\u00e7\u00f5es encantadoras para sua casa<\/figcaption><\/figure>\n<figure style=\"width: 1024px\" class=\"wp-caption aligncenter\"><img decoding=\"async\" src=\"https:\/\/www.aarquiteta.com.br\/blog\/wp-content\/uploads\/2025\/01\/1_arranjos-de-flores-decoracao-286x160.jpg\" alt=\"Foto de tipos de flores 00 - 2\" title=\"\"><figcaption class=\"wp-caption-text\">Foto de tipos de flores 00 &#8211; 2<\/figcaption><\/figure>\n<h3>Para se aprofundar mais sobre o tema, veja a minha recomenda\u00e7\u00e3o sobre o tema deste artigo no v\u00eddeo a seguir abaixo:<\/h3>\n<p><iframe title=\"YouTube video player\" src=\"https:\/\/www.youtube.com\/embed\/RpkfcNjBIT4\" width=\"560\" height=\"315\" frameborder=\"0\" allowfullscreen=\"allowfullscreen\"><\/iframe><\/p>\n<figure style=\"width: 1024px\" class=\"wp-caption aligncenter\"><img decoding=\"async\" src=\"https:\/\/www.aarquiteta.com.br\/blog\/wp-content\/uploads\/2025\/01\/1_floreira-de-parede-1-1-730x805.jpg\" alt=\"Foto de arranjos de flores decoracao - 3\" title=\"\"><figcaption class=\"wp-caption-text\">Foto de arranjos de flores decoracao &#8211; 3<\/figcaption><\/figure>\n<p><\/body><\/p>\n","protected":false},"excerpt":{"rendered":"<p>Descubra como fazer floreiras de parede e veja 50 ideias incr\u00edveis para decorar sua casa com plantas.<\/p>\n","protected":false},"author":102,"featured_media":139672,"comment_status":"closed","ping_status":"closed","sticky":false,"template":"","format":"standard","meta":{"footnotes":""},"categories":[1484],"tags":[],"class_list":["post-139678","post","type-post","status-publish","format-standard","has-post-thumbnail","category-decoracao"],"_wp_attached_file":null,"_wp_attachment_metadata":null,"_wp_attachment_context":null,"_wp_attachment_is_custom_header":null,"geo_longitude":null,"geo_public":null,"geo_latitude":null,"_publicize_done_external":null,"_wpas_done_3897181":null,"publicize_twitter_user":null,"_wpas_done_3897175":null,"_wpas_skip_3897181":null,"_wpas_skip_3897175":null,"_wpas_skip_3924723":null,"_wpas_mess":null,"_wpas_done_3924723":null,"wps_subtitle":"","_links":{"self":[{"href":"https:\/\/www.aarquiteta.com.br\/blog\/wp-json\/wp\/v2\/posts\/139678","targetHints":{"allow":["GET"]}}],"collection":[{"href":"https:\/\/www.aarquiteta.com.br\/blog\/wp-json\/wp\/v2\/posts"}],"about":[{"href":"https:\/\/www.aarquiteta.com.br\/blog\/wp-json\/wp\/v2\/types\/post"}],"author":[{"embeddable":true,"href":"https:\/\/www.aarquiteta.com.br\/blog\/wp-json\/wp\/v2\/users\/102"}],"replies":[{"embeddable":true,"href":"https:\/\/www.aarquiteta.com.br\/blog\/wp-json\/wp\/v2\/comments?post=139678"}],"version-history":[{"count":0,"href":"https:\/\/www.aarquiteta.com.br\/blog\/wp-json\/wp\/v2\/posts\/139678\/revisions"}],"wp:featuredmedia":[{"embeddable":true,"href":"https:\/\/www.aarquiteta.com.br\/blog\/wp-json\/wp\/v2\/media\/139672"}],"wp:attachment":[{"href":"https:\/\/www.aarquiteta.com.br\/blog\/wp-json\/wp\/v2\/media?parent=139678"}],"wp:term":[{"taxonomy":"category","embeddable":true,"href":"https:\/\/www.aarquiteta.com.br\/blog\/wp-json\/wp\/v2\/categories?post=139678"},{"taxonomy":"post_tag","embeddable":true,"href":"https:\/\/www.aarquiteta.com.br\/blog\/wp-json\/wp\/v2\/tags?post=139678"}],"curies":[{"name":"wp","href":"https:\/\/api.w.org\/{rel}","templated":true}]}}