{"id":139610,"date":"2025-01-04T17:30:20","date_gmt":"2025-01-04T20:30:20","guid":{"rendered":"https:\/\/www.aarquiteta.com.br\/blog\/ideias-originais-para-celebrar-o-ano-novo\/"},"modified":"2025-01-04T17:30:20","modified_gmt":"2025-01-04T20:30:20","slug":"ideias-originais-para-celebrar-o-ano-novo","status":"publish","type":"post","link":"https:\/\/www.aarquiteta.com.br\/blog\/ideias-originais-para-celebrar-o-ano-novo\/","title":{"rendered":"5 maneiras criativas de celebrar o Ano Novo sem fogos."},"content":{"rendered":"<p>Comemorar o Ano Novo de forma original e sustent\u00e1vel \u00e9 poss\u00edvel! Ao inv\u00e9s de fogos de artif\u00edcio e bal\u00f5es tradicionais, existem alternativas que n\u00e3o s\u00f3 preservam o meio ambiente, mas tamb\u00e9m trazem alegria e estilo \u00e0 celebra\u00e7\u00e3o.<\/p>\n<h2>Ideias Originais para Celebrar o Ano Novo<\/h2>\n<h3>Luzes de LED: Brilho Sustent\u00e1vel<\/h3>\n<p>Quando se fala em celebra\u00e7\u00f5es, <b>luzes de LED<\/b> s\u00e3o uma escolha que brilha com for\u00e7a total! Ao inv\u00e9s de optar pelos tradicionais fogos de artif\u00edcio, que podem ser barulhentos e prejudiciais ao meio ambiente, as luzes de LED oferecem uma alternativa encantadora e ecol\u00f3gica. Elas n\u00e3o apenas iluminam o ambiente, mas tamb\u00e9m criam uma atmosfera m\u00e1gica, perfeita para dar boas-vindas ao novo ano. Al\u00e9m disso, o consumo de energia \u00e9 bem menor, o que \u00e9 uma vit\u00f3ria para o planeta!<\/p>\n<h3>Bal\u00f5es Biodegrad\u00e1veis: Alegria sem Culpa<\/h3>\n<figure style=\"width: 1024px\" class=\"wp-caption aligncenter\"><img decoding=\"async\" src=\"https:\/\/www.aarquiteta.com.br\/blog\/wp-content\/uploads\/2025\/01\/ideias-criativas-para-celebrar-o-ano-novo.jpg\" alt=\"5 maneiras criativas de celebrar o Ano Novo sem fogos.\" width=\"1024\" height=\"1024\" title=\"\"><figcaption class=\"wp-caption-text\">Source: <a href=\"https:\/\/ndmais.com.br\/arquitetura-e-decoracao\/nem-fogos-de-artificio-nem-baloes-tradicionais-ideias-originais-para-celebrar-o-ano-novo\/\" target=\"_blank\" rel=\"noopener\">NDMAIS<\/a><\/figcaption><\/figure>\n<p>Para aqueles que n\u00e3o conseguem resistir \u00e0 alegria dos <b>bal\u00f5es<\/b>, a solu\u00e7\u00e3o est\u00e1 em escolher op\u00e7\u00f5es biodegrad\u00e1veis. Feitos de l\u00e1tex natural, esses bal\u00f5es se decomp\u00f5em rapidamente, evitando a polui\u00e7\u00e3o que os bal\u00f5es de pl\u00e1stico e metal causam. Decorar a festa com bal\u00f5es biodegrad\u00e1veis \u00e9 uma maneira de manter a tradi\u00e7\u00e3o, mas com um toque de responsabilidade ambiental. Afinal, \u00e9 poss\u00edvel celebrar sem deixar um rastro de lixo!<\/p>\n<h3>Festa ao Ar Livre: Conex\u00e3o com a Natureza<\/h3>\n<p>Uma <b>festa ao ar livre<\/b> \u00e9 uma excelente maneira de celebrar o Ano Novo, permitindo que os convidados se conectem com a natureza. Imagine um quintal decorado com luzes suaves, mesas repletas de del\u00edcias e a brisa fresca da noite. Essa atmosfera relaxada e descontra\u00edda faz com que todos se sintam \u00e0 vontade para dan\u00e7ar e aproveitar a celebra\u00e7\u00e3o. Al\u00e9m disso, a natureza proporciona um cen\u00e1rio deslumbrante, perfeito para fotos memor\u00e1veis!<\/p>\n<h3>Decora\u00e7\u00e3o Tem\u00e1tica: Criatividade em Alta<\/h3>\n<h3>Assista agora a minha recomenda\u00e7\u00e3o de video abaixo sobre o tema que estamos tratando neste artigo: <\/h3>\n<p><iframe title=\"YouTube video player\" src=\"\" width=\"560\" height=\"315\" frameborder=\"0\" allowfullscreen=\"allowfullscreen\"><\/iframe><\/p>\n<p>Quando se trata de decora\u00e7\u00e3o, a <b>criatividade<\/b> \u00e9 o limite! Optar por uma decora\u00e7\u00e3o tem\u00e1tica pode transformar qualquer espa\u00e7o em um verdadeiro espet\u00e1culo. Seja uma festa tropical, uma noite de gala ou uma celebra\u00e7\u00e3o r\u00fastica, as op\u00e7\u00f5es s\u00e3o infinitas. Usar elementos como flores, tecidos e objetos que remetam ao tema escolhido traz um charme especial e faz com que os convidados se sintam parte de algo \u00fanico e inesquec\u00edvel.<\/p>\n<h3>Comidas e Bebidas Sustent\u00e1veis: Sabor com Consci\u00eancia<\/h3>\n<p>N\u00e3o se pode esquecer das <b>comidas e bebidas<\/b> que v\u00e3o acompanhar a festa! Optar por ingredientes locais e sazonais n\u00e3o s\u00f3 garante frescor, mas tamb\u00e9m apoia os produtores da regi\u00e3o. Al\u00e9m disso, preparar pratos vegetarianos ou veganos pode ser uma \u00f3tima maneira de incluir todos os convidados, respeitando diferentes prefer\u00eancias alimentares. E que tal um brinde com bebidas org\u00e2nicas? Isso certamente vai deixar a celebra\u00e7\u00e3o ainda mais especial!<\/p>\n<h3>Atividades Interativas: Divers\u00e3o Garantida<\/h3>\n<p>Para manter a energia da festa l\u00e1 em cima, incluir <b>atividades interativas<\/b> \u00e9 uma \u00f3tima pedida. Jogos, dan\u00e7as e at\u00e9 mesmo uma sess\u00e3o de fotos divertida podem animar a celebra\u00e7\u00e3o. Essas atividades n\u00e3o s\u00f3 quebram o gelo, mas tamb\u00e9m criam mem\u00f3rias que os convidados levar\u00e3o para o resto do ano. Afinal, o que seria de uma festa sem boas risadas e momentos inesquec\u00edveis?<\/p>\n<h2>Conclus\u00e3o<\/h2>\n<p>Comemorar o Ano Novo de forma original e sustent\u00e1vel \u00e9 uma maneira de dar boas-vindas ao novo ano com responsabilidade e alegria. Ao optar por alternativas como luzes de LED, bal\u00f5es biodegrad\u00e1veis e festas ao ar livre, \u00e9 poss\u00edvel celebrar sem deixar de lado a preocupa\u00e7\u00e3o com o meio ambiente. Portanto, que tal come\u00e7ar 2025 com o p\u00e9 direito, fazendo escolhas que beneficiem n\u00e3o s\u00f3 a si mesmo, mas tamb\u00e9m o planeta? Afinal, cada pequena a\u00e7\u00e3o conta e pode fazer uma grande diferen\u00e7a!<\/p>\n","protected":false},"excerpt":{"rendered":"<p>Comemorar o Ano Novo de forma original e sustent\u00e1vel \u00e9 poss\u00edvel! Ao inv\u00e9s de fogos de artif\u00edcio e bal\u00f5es tradicionais, existem alternativas que n\u00e3o s\u00f3 preservam o meio ambiente, mas tamb\u00e9m trazem alegria e estilo \u00e0 celebra\u00e7\u00e3o. Ideias Originais para Celebrar o Ano Novo Luzes de LED: Brilho Sustent\u00e1vel Quando se fala em celebra\u00e7\u00f5es, luzes [&hellip;]<\/p>\n","protected":false},"author":102,"featured_media":139609,"comment_status":"closed","ping_status":"closed","sticky":false,"template":"","format":"standard","meta":{"footnotes":""},"categories":[249,19127],"tags":[],"class_list":["post-139610","post","type-post","status-publish","format-standard","has-post-thumbnail","category-engenharia-e-construcao-civil","category-reforma-e-manutencao"],"_wp_attached_file":null,"_wp_attachment_metadata":null,"_wp_attachment_context":null,"_wp_attachment_is_custom_header":null,"geo_longitude":null,"geo_public":null,"geo_latitude":null,"_publicize_done_external":null,"_wpas_done_3897181":null,"publicize_twitter_user":null,"_wpas_done_3897175":null,"_wpas_skip_3897181":null,"_wpas_skip_3897175":null,"_wpas_skip_3924723":null,"_wpas_mess":null,"_wpas_done_3924723":null,"wps_subtitle":"","_links":{"self":[{"href":"https:\/\/www.aarquiteta.com.br\/blog\/wp-json\/wp\/v2\/posts\/139610","targetHints":{"allow":["GET"]}}],"collection":[{"href":"https:\/\/www.aarquiteta.com.br\/blog\/wp-json\/wp\/v2\/posts"}],"about":[{"href":"https:\/\/www.aarquiteta.com.br\/blog\/wp-json\/wp\/v2\/types\/post"}],"author":[{"embeddable":true,"href":"https:\/\/www.aarquiteta.com.br\/blog\/wp-json\/wp\/v2\/users\/102"}],"replies":[{"embeddable":true,"href":"https:\/\/www.aarquiteta.com.br\/blog\/wp-json\/wp\/v2\/comments?post=139610"}],"version-history":[{"count":0,"href":"https:\/\/www.aarquiteta.com.br\/blog\/wp-json\/wp\/v2\/posts\/139610\/revisions"}],"wp:featuredmedia":[{"embeddable":true,"href":"https:\/\/www.aarquiteta.com.br\/blog\/wp-json\/wp\/v2\/media\/139609"}],"wp:attachment":[{"href":"https:\/\/www.aarquiteta.com.br\/blog\/wp-json\/wp\/v2\/media?parent=139610"}],"wp:term":[{"taxonomy":"category","embeddable":true,"href":"https:\/\/www.aarquiteta.com.br\/blog\/wp-json\/wp\/v2\/categories?post=139610"},{"taxonomy":"post_tag","embeddable":true,"href":"https:\/\/www.aarquiteta.com.br\/blog\/wp-json\/wp\/v2\/tags?post=139610"}],"curies":[{"name":"wp","href":"https:\/\/api.w.org\/{rel}","templated":true}]}}