{"id":139584,"date":"2025-01-04T10:16:53","date_gmt":"2025-01-04T13:16:53","guid":{"rendered":"https:\/\/www.aarquiteta.com.br\/blog\/closet-planejado\/"},"modified":"2025-01-04T10:16:53","modified_gmt":"2025-01-04T13:16:53","slug":"closet-planejado","status":"publish","type":"post","link":"https:\/\/www.aarquiteta.com.br\/blog\/closet-planejado\/","title":{"rendered":"10 Modelos de Closet Planejado para Inspirar sua Decora\u00e7\u00e3o"},"content":{"rendered":"<p><body><\/p>\n<p>Um closet planejado traz n\u00e3o apenas est\u00e9tica, mas tamb\u00e9m <b>funcionalidade<\/b> para seu quarto, adaptando-se perfeitamente \u00e0s suas necessidades e ao espa\u00e7o dispon\u00edvel. Vamos explorar dicas valiosas e modelos inspiradores que podem ajud\u00e1-lo a criar o closet dos seus sonhos!<\/p>\n<h2>O que \u00e9 um Closet Planejado?<\/h2>\n<p>Quando falamos de <b>closet planejado<\/b>, estamos nos referindo a um espa\u00e7o cuidadosamente projetado para otimizar a organiza\u00e7\u00e3o de roupas, acess\u00f3rios e sapatos. Mais do que uma simples \u00e1rea de armazenamento, este ambiente proporciona uma experi\u00eancia de uso extremamente agrad\u00e1vel.<\/p>\n<h2>Vantagens de ter um Closet Planejado<\/h2>\n<p>Na hora de decidir se vale a pena investir em um closet planejado, considere as diversas <b>vantagens<\/b> que ele oferece:<\/p>\n<ul>\n<li><b>Organiza\u00e7\u00e3o:<\/b> Um espa\u00e7o bem estruturado torna mais f\u00e1cil encontrar o que voc\u00ea precisa.<\/li>\n<li><b>Personaliza\u00e7\u00e3o:<\/b> Os closets podem ser projetados de acordo com o estilo pessoal e prefer\u00eancias.<\/li>\n<li><b>Valoriza\u00e7\u00e3o do Im\u00f3vel:<\/b> Um closet planejado pode aumentar o valor de revenda do seu im\u00f3vel.<\/li>\n<\/ul>\n<h2>Como Planejar seu Closet?<\/h2>\n<p>Para garantir que o projeto atenda \u00e0s suas necessidades, alguns passos s\u00e3o essenciais. Aqui v\u00e3o algumas dicas que funcionam como um <b>guia pr\u00e1tico<\/b> para voc\u00ea:<\/p>\n<h3>1. Analise o Espa\u00e7o Dispon\u00edvel<\/h3>\n<figure style=\"width: 1024px\" class=\"wp-caption aligncenter\"><img decoding=\"async\" src=\"https:\/\/www.aarquiteta.com.br\/blog\/wp-content\/uploads\/2025\/01\/closet-planejado-1-1-730x730.jpg\" alt=\"Ambientes Planejados\" title=\"\"><figcaption class=\"wp-caption-text\">Ambientes Planejados<\/figcaption><\/figure>\n<p>Antes de sair comprando m\u00f3veis ou planejando design, \u00e9 crucial fazer uma <b>an\u00e1lise completa<\/b> do espa\u00e7o. Me\u00e7a cuidadosamente o local onde o closet ser\u00e1 instalado para evitar surpresas durante o processo de montagem.<\/p>\n<h3>2. Escolha Materiais e Cores<\/h3>\n<figure style=\"width: 1024px\" class=\"wp-caption aligncenter\"><img decoding=\"async\" src=\"https:\/\/www.aarquiteta.com.br\/blog\/wp-content\/uploads\/2025\/01\/closet-planejado01.jpg\" alt=\"55 Modelos de Closet Planejado para Inspirar sua Decora\u00e7\u00e3o\" width=\"1024\" height=\"1024\" title=\"\"><figcaption class=\"wp-caption-text\">55 Modelos de Closet Planejado para Inspirar sua Decora\u00e7\u00e3o<\/figcaption><\/figure>\n<p>Os <b>materiais<\/b> e cores do closet devem harmonizar com o restante da decora\u00e7\u00e3o da sua casa. Madeira natural, f\u00f3rmica ou MDF s\u00e3o op\u00e7\u00f5es populares. O ideal \u00e9 optar por cores que inspirem tranquilidade, como tons neutros ou past\u00e9is.<\/p>\n<h3>3. Funcionalidade \u00e9 a Chave<\/h3>\n<figure style=\"width: 1024px\" class=\"wp-caption aligncenter\"><img decoding=\"async\" src=\"https:\/\/www.aarquiteta.com.br\/blog\/wp-content\/uploads\/2025\/01\/closet-planejado-00.png\" alt=\"Dicas e 55 modelos de closet planejado para tirar os planos do arm\u00e1rio\" title=\"\"><figcaption class=\"wp-caption-text\">Dicas e 55 modelos de closet planejado para tirar os planos do arm\u00e1rio<\/figcaption><\/figure>\n<p>Um closet deve ser n\u00e3o s\u00f3 bonito, mas tamb\u00e9m <b>funcional<\/b>. Isso significa planejar divis\u00f5es espec\u00edficas para roupas, cal\u00e7ados e acess\u00f3rios. Uma boa organiza\u00e7\u00e3o torna a rotina di\u00e1ria mais pr\u00e1tica e eficiente.<\/p>\n<h3>4. Invista em Ilumina\u00e7\u00e3o<\/h3>\n<figure style=\"width: 1024px\" class=\"wp-caption aligncenter\"><img decoding=\"async\" src=\"https:\/\/www.aarquiteta.com.br\/blog\/wp-content\/uploads\/2025\/01\/closet-planejado02.jpg\" alt=\"55 Modelos de Closet Planejado para Inspirar sua Decora\u00e7\u00e3o\" width=\"1024\" height=\"1024\" title=\"\"><figcaption class=\"wp-caption-text\">55 Modelos de Closet Planejado para Inspirar sua Decora\u00e7\u00e3o<\/figcaption><\/figure>\n<p><b>Ilumina\u00e7\u00e3o adequada<\/b> \u00e9 fundamental para um closet. Elas n\u00e3o apenas embelezam o ambiente, mas tamb\u00e9m ajudam a visualizar as pe\u00e7as. Luzes de LED embutidas e spots direcionais s\u00e3o \u00f3timas escolhas.<\/p>\n<h3>5. Personalize o Estilo do Seu Closet<\/h3>\n<figure style=\"width: 1024px\" class=\"wp-caption aligncenter\"><img decoding=\"async\" src=\"https:\/\/www.aarquiteta.com.br\/blog\/wp-content\/uploads\/2025\/01\/IMG_3879-100x100.jpg\" alt=\"Foto de closet planejado\" title=\"\"><figcaption class=\"wp-caption-text\">Foto de closet planejado<\/figcaption><\/figure>\n<p>Cada um tem suas pr\u00f3prias prefer\u00eancias. Portanto, personalizar o estilo do seu <b>closet<\/b> \u00e9 essencial. Isso pode incluir desde a escolha de prateleiras at\u00e9 detalhes decorativos como espelhos e quadros, tornando-o um espa\u00e7o seu.<\/p>\n<h2>55 Modelos de Closet Planejado para Inspirar<\/h2>\n<p>Agora que cobrimos as dicas b\u00e1sicas, vamos \u00e0s inspira\u00e7\u00f5es. Abaixo, listo alguns <b>modelos de closet<\/b> que podem servir como refer\u00eancia para o seu projeto:<\/p>\n<h3>1. Closet em L<\/h3>\n<figure style=\"width: 1024px\" class=\"wp-caption aligncenter\"><img decoding=\"async\" src=\"https:\/\/www.aarquiteta.com.br\/blog\/wp-content\/uploads\/2025\/01\/closet-planejado03.jpg\" alt=\"55 Modelos de Closet Planejado para Inspirar sua Decora\u00e7\u00e3o\" width=\"1024\" height=\"1024\" title=\"\"><figcaption class=\"wp-caption-text\">55 Modelos de Closet Planejado para Inspirar sua Decora\u00e7\u00e3o<\/figcaption><\/figure>\n<p>Ideal para ambientes que possuem cantos n\u00e3o utilizados. Ele otimiza cada cent\u00edmetro, ~tornando o espa\u00e7o mais funcional~.<\/p>\n<h3>2. Closet com Portas de Correr<\/h3>\n<figure style=\"width: 1024px\" class=\"wp-caption aligncenter\"><img decoding=\"async\" src=\"https:\/\/www.aarquiteta.com.br\/blog\/wp-content\/uploads\/2025\/01\/organizar-gavetas-destaque-286x160.jpg\" alt=\"Foto de organizar gavetas\" title=\"\"><figcaption class=\"wp-caption-text\">Foto de organizar gavetas<\/figcaption><\/figure>\n<p>Uma excelente op\u00e7\u00e3o para quem busca <b>praticidade<\/b>, as portas de correr ajudam a esconder a bagun\u00e7a de forma elegante.<\/p>\n<h3>3. Closet com Porta de Vidro<\/h3>\n<figure style=\"width: 1024px\" class=\"wp-caption aligncenter\"><img decoding=\"async\" src=\"https:\/\/www.aarquiteta.com.br\/blog\/wp-content\/uploads\/2025\/01\/closet-planejado4.jpg\" alt=\"55 Modelos de Closet Planejado para Inspirar sua Decora\u00e7\u00e3o\" width=\"1024\" height=\"1024\" title=\"\"><figcaption class=\"wp-caption-text\">55 Modelos de Closet Planejado para Inspirar sua Decora\u00e7\u00e3o<\/figcaption><\/figure>\n<p>Al\u00e9m de proteger suas roupas do p\u00f3, este modelo deixa tudo \u00e0 vista, facilitando a escolha do look do dia.<\/p>\n<h3>4. Closet Aberto<\/h3>\n<figure style=\"width: 1024px\" class=\"wp-caption aligncenter\"><img decoding=\"async\" src=\"https:\/\/www.aarquiteta.com.br\/blog\/wp-content\/uploads\/2025\/01\/como-organizar-guarda-roupa-0000-286x160.jpg\" alt=\"Foto de como organizar guarda roupa\" title=\"\"><figcaption class=\"wp-caption-text\">Foto de como organizar guarda roupa<\/figcaption><\/figure>\n<p>Para quem gosta de ter tudo \u00e0 m\u00e3o. Este tipo de closet facilita o acesso e cria uma sensa\u00e7\u00e3o de amplitude no ambiente.<\/p>\n<h3>5. Penteadeira Integrada<\/h3>\n<h3>Para se aprofundar mais sobre o tema, veja a minha recomenda\u00e7\u00e3o sobre o tema deste artigo no v\u00eddeo a seguir abaixo:<\/h3>\n<p><iframe title=\"YouTube video player\" src=\"https:\/\/www.youtube.com\/embed\/n_Hu4mi-du8\" width=\"560\" height=\"315\" frameborder=\"0\" allowfullscreen=\"allowfullscreen\"><\/iframe><\/p>\n<p>Um espa\u00e7o dedicado \u00e0 beleza e ao autocuidado que combina perfeitamente fun\u00e7\u00e3o e est\u00e9tica.<\/p>\n<h2>Selecionando o Profissional Certo para o Projeto<\/h2>\n<p>Uma vez que voc\u00ea decidiu seguir em frente com seu <b>closet planejado<\/b>, \u00e9 hora de escolher o profissional certo que possa transformar suas ideias em realidade. Pesquise, pe\u00e7a recomenda\u00e7\u00f5es e avalie portf\u00f3lios para garantir que o projeto ser\u00e1 de qualidade e atender\u00e1 suas expectativas.<\/p>\n<h2>Conclus\u00e3o<\/h2>\n<p>Optar por um <b>closet planejado<\/b> \u00e9 apostar em organiza\u00e7\u00e3o, funcionalidade e, claro, estilo. Com todas essas dicas e inspira\u00e7\u00f5es, \u00e9 poss\u00edvel criar um espa\u00e7o que reflete n\u00e3o apenas suas necessidades, mas tamb\u00e9m a sua personalidade. Que tal come\u00e7ar esse projeto de sonho ainda hoje?<\/p>\n<p><\/body><br \/>\n<figure style=\"width: 1024px\" class=\"wp-caption aligncenter\"><img decoding=\"async\" src=\"https:\/\/www.aarquiteta.com.br\/blog\/wp-content\/uploads\/2025\/01\/closet-0-286x160.jpg\" alt=\"Foto de closet dos sonhos\" title=\"\"><figcaption class=\"wp-caption-text\">Foto de closet dos sonhos<\/figcaption><\/figure>\n","protected":false},"excerpt":{"rendered":"<p>Descubra dicas e 55 modelos de closet planejado para transformar seu espa\u00e7o com eleg\u00e2ncia e funcionalidade.<\/p>\n","protected":false},"author":102,"featured_media":139577,"comment_status":"closed","ping_status":"closed","sticky":false,"template":"","format":"standard","meta":{"footnotes":""},"categories":[1484],"tags":[],"class_list":["post-139584","post","type-post","status-publish","format-standard","has-post-thumbnail","category-decoracao"],"_wp_attached_file":null,"_wp_attachment_metadata":null,"_wp_attachment_context":null,"_wp_attachment_is_custom_header":null,"geo_longitude":null,"geo_public":null,"geo_latitude":null,"_publicize_done_external":null,"_wpas_done_3897181":null,"publicize_twitter_user":null,"_wpas_done_3897175":null,"_wpas_skip_3897181":null,"_wpas_skip_3897175":null,"_wpas_skip_3924723":null,"_wpas_mess":null,"_wpas_done_3924723":null,"wps_subtitle":"","_links":{"self":[{"href":"https:\/\/www.aarquiteta.com.br\/blog\/wp-json\/wp\/v2\/posts\/139584","targetHints":{"allow":["GET"]}}],"collection":[{"href":"https:\/\/www.aarquiteta.com.br\/blog\/wp-json\/wp\/v2\/posts"}],"about":[{"href":"https:\/\/www.aarquiteta.com.br\/blog\/wp-json\/wp\/v2\/types\/post"}],"author":[{"embeddable":true,"href":"https:\/\/www.aarquiteta.com.br\/blog\/wp-json\/wp\/v2\/users\/102"}],"replies":[{"embeddable":true,"href":"https:\/\/www.aarquiteta.com.br\/blog\/wp-json\/wp\/v2\/comments?post=139584"}],"version-history":[{"count":0,"href":"https:\/\/www.aarquiteta.com.br\/blog\/wp-json\/wp\/v2\/posts\/139584\/revisions"}],"wp:featuredmedia":[{"embeddable":true,"href":"https:\/\/www.aarquiteta.com.br\/blog\/wp-json\/wp\/v2\/media\/139577"}],"wp:attachment":[{"href":"https:\/\/www.aarquiteta.com.br\/blog\/wp-json\/wp\/v2\/media?parent=139584"}],"wp:term":[{"taxonomy":"category","embeddable":true,"href":"https:\/\/www.aarquiteta.com.br\/blog\/wp-json\/wp\/v2\/categories?post=139584"},{"taxonomy":"post_tag","embeddable":true,"href":"https:\/\/www.aarquiteta.com.br\/blog\/wp-json\/wp\/v2\/tags?post=139584"}],"curies":[{"name":"wp","href":"https:\/\/api.w.org\/{rel}","templated":true}]}}