{"id":139573,"date":"2025-01-04T09:58:17","date_gmt":"2025-01-04T12:58:17","guid":{"rendered":"https:\/\/www.aarquiteta.com.br\/blog\/cortina-de-vidro\/"},"modified":"2025-01-04T09:58:17","modified_gmt":"2025-01-04T12:58:17","slug":"cortina-de-vidro","status":"publish","type":"post","link":"https:\/\/www.aarquiteta.com.br\/blog\/cortina-de-vidro\/","title":{"rendered":"Cortinas de vidro: como transformar seu espa\u00e7o com eleg\u00e2ncia"},"content":{"rendered":"<p><body><\/p>\n<p>A cortina de vidro apresenta uma proposta irresist\u00edvel: ela n\u00e3o s\u00f3 amplia a *visibilidade* do ambiente, como tamb\u00e9m amplia a *luminosidade* natural. Essa solu\u00e7\u00e3o pr\u00e1tica serve como um escudo contra ru\u00eddos e clim\u00e1ticas adversas, tornando qualquer espa\u00e7o mais elegante e funcional.<\/p>\n<h2>O que \u00e9 uma cortina de vidro?<\/h2>\n<p>Na pr\u00e1tica, a cortina de vidro \u00e9 como uma janela que se estende at\u00e9 o infinito. \u00c9 uma estrutura que permite o contato visual com o mundo exterior sem abrir m\u00e3o do conforto. \u00c9 como dizer &#8220;Ol\u00e1, natureza!&#8221; enquanto ficamos protegidos dentro de casa. Ela se destaca por sua capacidade de conectar o interno ao externo, deixando os ambientes mais *integrados* e *iluminados*.<\/p>\n<h2>Vantagens da cortina de vidro<\/h2>\n<ul>\n<li><b>Ilumina\u00e7\u00e3o natural:<\/b> Imagine um raiar de sol que entra sem pedir licen\u00e7a. A cortina de vidro maximiza essa entrada de luz, tornando os espa\u00e7os mais vibrantes.<\/li>\n<li><b>Ampla visibilidade:<\/b> A vista no seu cotidiano pode se tornar uma obra de arte. Voc\u00ea aprecia a paisagem, como se estivesse sempre em um quadro.<\/li>\n<li><b>Prote\u00e7\u00e3o contra ru\u00eddos:<\/b> \u00c9 como se estiv\u00e9ssemos dentro de um casulo sonoro. O vidro ajuda a filtrar os sons indesejados, criando um ref\u00fagio em meio ao barulho do mundo.<\/li>\n<li><b>Estilo e sofistica\u00e7\u00e3o:<\/b> Uma cortina de vidro agrega um eleg\u00e2ncia contempor\u00e2nea. Ela transforma o ambiente, quase como uma maquiagem m\u00e1gica para o espa\u00e7o.<\/li>\n<\/ul>\n<h2>Tipos de cortina de vidro<\/h2>\n<p>No mundo das cortinas de vidro, h\u00e1 op\u00e7\u00f5es para todos os gostos e necessidades. Veja s\u00f3:<\/p>\n<h3>Cortina de vidro fixa<\/h3>\n<figure style=\"width: 1024px\" class=\"wp-caption aligncenter\"><img decoding=\"async\" src=\"https:\/\/www.aarquiteta.com.br\/blog\/wp-content\/uploads\/2025\/01\/cortina-de-vidro01.jpg\" alt=\"Cortinas de vidro: como transformar seu espa\u00e7o com eleg\u00e2ncia\" width=\"1024\" height=\"1024\" title=\"\"><figcaption class=\"wp-caption-text\">Cortinas de vidro: como transformar seu espa\u00e7o com eleg\u00e2ncia<\/figcaption><\/figure>\n<p>A cortina de vidro fixa \u00e9 como um \u00e1libi em sua casa \u2013 est\u00e1 sempre l\u00e1, sem se mover, perfeita para aquelas \u00e1reas que n\u00e3o necessitam de abertura. \u00c9 ideal para varandas ou salas onde a *visibilidade* deve ser mantida, mas o acesso ao exterior n\u00e3o \u00e9 necess\u00e1rio.<\/p>\n<h3>Cortina de vidro deslizante<\/h3>\n<figure style=\"width: 1024px\" class=\"wp-caption aligncenter\"><img decoding=\"async\" src=\"https:\/\/www.aarquiteta.com.br\/blog\/wp-content\/uploads\/2025\/01\/cortina-de-vidro-3-1-730x1095.jpg\" alt=\"Imagem de cortina de vidro 3, demonstrando sua versatilidade em espa\u00e7os pequenos.\" title=\"\"><figcaption class=\"wp-caption-text\">Imagem de cortina de vidro 3, demonstrando sua versatilidade em espa\u00e7os pequenos.<\/figcaption><\/figure>\n<p>Ah, a cortina deslizante! Essa \u00e9 para quem ama liberdade. Como uma porta que se abre para o mundo, ela permite que se crie uma circula\u00e7\u00e3o confort\u00e1vel entre os ambientes, podendo ser aberta ou fechada conforme a vontade do morador.<\/p>\n<h2>Dicas para instala\u00e7\u00e3o da cortina de vidro<\/h2>\n<p>Se voc\u00ea decidiu instalar uma cortina de vidro, temos algumas dicas quent\u00edssimas!<\/p>\n<ul>\n<li><b>Analisar o espa\u00e7o dispon\u00edvel:<\/b> N\u00e3o adianta sonhar com uma cortina gigantesca se o espa\u00e7o n\u00e3o comporta, certo? Fa\u00e7a um planejamento espacial como um verdadeiro arquiteto.<\/li>\n<li><b>Escolher um profissional qualificado:<\/b> O b\u00e1sico sempre vale! Busque algu\u00e9m que entenda do assunto, pois o trabalho bem executado \u00e9 o que far\u00e1 a diferen\u00e7a.<\/li>\n<li><b>Atentar-se aos cuidados e manuten\u00e7\u00e3o:<\/b> Assim como um carro novo, sua cortina precisa de cuidados. Verifique regularmente o estado do vidro e os trilhos.<\/li>\n<\/ul>\n<h2>Cuidados e manuten\u00e7\u00e3o<\/h2>\n<p>Cuidar da sua cortina de vidro \u00e9 essencial, meu amigo! N\u00e3o tem jeito. Aqui v\u00e3o algumas dicas para manter tudo em ordem:<\/p>\n<h3>Limpeza regular<\/h3>\n<figure style=\"width: 1024px\" class=\"wp-caption aligncenter\"><img decoding=\"async\" src=\"https:\/\/www.aarquiteta.com.br\/blog\/wp-content\/uploads\/2025\/01\/cortina-de-vidro-01.jpg\" alt=\"Imagem de cortina de vidro 01, mostrada em um ambiente com ilumina\u00e7\u00e3o.\" title=\"\"><figcaption class=\"wp-caption-text\">Imagem de cortina de vidro 01, mostrada em um ambiente com ilumina\u00e7\u00e3o.<\/figcaption><\/figure>\n<p>Um pano macio e um produto espec\u00edfico para vidro far\u00e3o maravilhas. Cuide para que a *brilho* e a *transpar\u00eancia* se mantenham. Lembre-se, a primeira impress\u00e3o \u00e9 a que fica!<\/p>\n<h3>Aten\u00e7\u00e3o aos trilhos<\/h3>\n<figure style=\"width: 1024px\" class=\"wp-caption aligncenter\"><img decoding=\"async\" src=\"https:\/\/www.aarquiteta.com.br\/blog\/wp-content\/uploads\/2025\/01\/cortina-de-vidro02.jpg\" alt=\"Cortinas de vidro: como transformar seu espa\u00e7o com eleg\u00e2ncia\" width=\"1024\" height=\"1024\" title=\"\"><figcaption class=\"wp-caption-text\">Cortinas de vidro: como transformar seu espa\u00e7o com eleg\u00e2ncia<\/figcaption><\/figure>\n<p>N\u00e3o esque\u00e7a que os trilhos s\u00e3o a *alma do neg\u00f3cio*. Um pano \u00famido pode resolver. Manter tudo em dia garante que voc\u00ea n\u00e3o tenha surpresas ou dificuldades ao abrir ou fechar a cortina.<\/p>\n<h2>Investimento e custo<\/h2>\n<p>Se voc\u00ea est\u00e1 pensando em pre\u00e7os, saiba que a varia\u00e7\u00e3o pode ser grande. O custo das cortinas de vidro pode oscilar entre R$ 500 a R$ 1.500 por metro quadrado. \u00c9 uma quantia significativa, mas pense em tudo que ela pode oferecer em termos de est\u00e9tica e funcionalidade!<\/p>\n<h2>Considera\u00e7\u00f5es finais<\/h2>\n<p>Em suma, a cortina de vidro \u00e9 uma op\u00e7\u00e3o que combina modernidade e praticidade. Portanto, se a busca \u00e9 por transformar seu ambiente em um espa\u00e7o mais integrado e iluminado, essa \u00e9 uma escolha que vale a pena considerar. Aposte na eleg\u00e2ncia e leveza que ela traz!<\/p>\n<p><\/body><br \/>\n<figure style=\"width: 1024px\" class=\"wp-caption aligncenter\"><img decoding=\"async\" src=\"https:\/\/www.aarquiteta.com.br\/blog\/wp-content\/uploads\/2025\/01\/cortina-de-vidro-03-730x449.jpg\" alt=\"Imagem de cortina de vidro 03, que destaca a integra\u00e7\u00e3o com o ambiente.\" title=\"\"><figcaption class=\"wp-caption-text\">Imagem de cortina de vidro 03, que destaca a integra\u00e7\u00e3o com o ambiente.<\/figcaption><\/figure>\n<figure style=\"width: 1024px\" class=\"wp-caption aligncenter\"><img decoding=\"async\" src=\"https:\/\/www.aarquiteta.com.br\/blog\/wp-content\/uploads\/2025\/01\/cortina-de-vidro03.jpg\" alt=\"Cortinas de vidro: como transformar seu espa\u00e7o com eleg\u00e2ncia\" width=\"1024\" height=\"1024\" title=\"\"><figcaption class=\"wp-caption-text\">Cortinas de vidro: como transformar seu espa\u00e7o com eleg\u00e2ncia<\/figcaption><\/figure>\n<figure style=\"width: 1024px\" class=\"wp-caption aligncenter\"><img decoding=\"async\" src=\"https:\/\/www.aarquiteta.com.br\/blog\/wp-content\/uploads\/2025\/01\/cortina-de-vidro-1-730x798.jpg\" alt=\"Imagem de cortina de vidro 1, localizada na parte superior de um espa\u00e7o.\" title=\"\"><figcaption class=\"wp-caption-text\">Imagem de cortina de vidro 1, localizada na parte superior de um espa\u00e7o.<\/figcaption><\/figure>\n<figure style=\"width: 1024px\" class=\"wp-caption aligncenter\"><img decoding=\"async\" src=\"https:\/\/www.aarquiteta.com.br\/blog\/wp-content\/uploads\/2025\/01\/cortina-de-vidro4.jpg\" alt=\"Cortinas de vidro: como transformar seu espa\u00e7o com eleg\u00e2ncia\" width=\"1024\" height=\"1024\" title=\"\"><figcaption class=\"wp-caption-text\">Cortinas de vidro: como transformar seu espa\u00e7o com eleg\u00e2ncia<\/figcaption><\/figure>\n<figure style=\"width: 1024px\" class=\"wp-caption aligncenter\"><img decoding=\"async\" src=\"https:\/\/www.aarquiteta.com.br\/blog\/wp-content\/uploads\/2025\/01\/cortina-de-vidro-2-730x730.jpg\" alt=\"Imagem de cortina de vidro 2, mostrando um ambiente leve e integrado.\" title=\"\"><figcaption class=\"wp-caption-text\">Imagem de cortina de vidro 2, mostrando um ambiente leve e integrado.<\/figcaption><\/figure>\n<p><iframe title=\"YouTube video player\" src=\"https:\/\/www.youtube.com\/embed\/mxz2Rx6ln6A\" width=\"560\" height=\"315\" frameborder=\"0\" allowfullscreen=\"allowfullscreen\"><\/iframe><\/p>\n<figure style=\"width: 1024px\" class=\"wp-caption aligncenter\"><img decoding=\"async\" src=\"https:\/\/www.aarquiteta.com.br\/blog\/wp-content\/uploads\/2025\/01\/cortina-de-vidro-4-730x912.jpg\" alt=\"Imagem de cortina de vidro 4, evidenciando a circula\u00e7\u00e3o de luminosidade.\" title=\"\"><figcaption class=\"wp-caption-text\">Imagem de cortina de vidro 4, evidenciando a circula\u00e7\u00e3o de luminosidade.<\/figcaption><\/figure>\n","protected":false},"excerpt":{"rendered":"<p>Descubra os benef\u00edcios das cortinas de vidro: eleg\u00e2ncia, ilumina\u00e7\u00e3o e versatilidade em qualquer ambiente.<\/p>\n","protected":false},"author":102,"featured_media":139566,"comment_status":"closed","ping_status":"closed","sticky":false,"template":"","format":"standard","meta":{"footnotes":""},"categories":[1507,249],"tags":[],"class_list":["post-139573","post","type-post","status-publish","format-standard","has-post-thumbnail","category-arquitetura","category-engenharia-e-construcao-civil"],"_wp_attached_file":null,"_wp_attachment_metadata":null,"_wp_attachment_context":null,"_wp_attachment_is_custom_header":null,"geo_longitude":null,"geo_public":null,"geo_latitude":null,"_publicize_done_external":null,"_wpas_done_3897181":null,"publicize_twitter_user":null,"_wpas_done_3897175":null,"_wpas_skip_3897181":null,"_wpas_skip_3897175":null,"_wpas_skip_3924723":null,"_wpas_mess":null,"_wpas_done_3924723":null,"wps_subtitle":"","_links":{"self":[{"href":"https:\/\/www.aarquiteta.com.br\/blog\/wp-json\/wp\/v2\/posts\/139573","targetHints":{"allow":["GET"]}}],"collection":[{"href":"https:\/\/www.aarquiteta.com.br\/blog\/wp-json\/wp\/v2\/posts"}],"about":[{"href":"https:\/\/www.aarquiteta.com.br\/blog\/wp-json\/wp\/v2\/types\/post"}],"author":[{"embeddable":true,"href":"https:\/\/www.aarquiteta.com.br\/blog\/wp-json\/wp\/v2\/users\/102"}],"replies":[{"embeddable":true,"href":"https:\/\/www.aarquiteta.com.br\/blog\/wp-json\/wp\/v2\/comments?post=139573"}],"version-history":[{"count":0,"href":"https:\/\/www.aarquiteta.com.br\/blog\/wp-json\/wp\/v2\/posts\/139573\/revisions"}],"wp:featuredmedia":[{"embeddable":true,"href":"https:\/\/www.aarquiteta.com.br\/blog\/wp-json\/wp\/v2\/media\/139566"}],"wp:attachment":[{"href":"https:\/\/www.aarquiteta.com.br\/blog\/wp-json\/wp\/v2\/media?parent=139573"}],"wp:term":[{"taxonomy":"category","embeddable":true,"href":"https:\/\/www.aarquiteta.com.br\/blog\/wp-json\/wp\/v2\/categories?post=139573"},{"taxonomy":"post_tag","embeddable":true,"href":"https:\/\/www.aarquiteta.com.br\/blog\/wp-json\/wp\/v2\/tags?post=139573"}],"curies":[{"name":"wp","href":"https:\/\/api.w.org\/{rel}","templated":true}]}}