{"id":139562,"date":"2025-01-04T08:27:07","date_gmt":"2025-01-04T11:27:07","guid":{"rendered":"https:\/\/www.aarquiteta.com.br\/blog\/iluminacao-para-sala\/"},"modified":"2025-01-04T08:27:07","modified_gmt":"2025-01-04T11:27:07","slug":"iluminacao-para-sala","status":"publish","type":"post","link":"https:\/\/www.aarquiteta.com.br\/blog\/iluminacao-para-sala\/","title":{"rendered":"10 Projetos de Ilumina\u00e7\u00e3o para Sala que Deixam o Ambiente Acolhedor"},"content":{"rendered":"<p><body><\/p>\n<p>Um projeto de ilumina\u00e7\u00e3o adequado transforma a sala, trazendo conforto e eleg\u00e2ncia. Neste artigo, exploraremos como escolher as melhores op\u00e7\u00f5es para iluminar seu espa\u00e7o, garantindo funcionalidade e um ambiente acolhedor.<\/p>\n<h2>Principais Insights sobre Ilumina\u00e7\u00e3o de Salas<\/h2>\n<ul>\n<li><b>A ilumina\u00e7\u00e3o \u00e9 essencial<\/b> para valorizar a decora\u00e7\u00e3o e criar um ambiente acolhedor.<\/li>\n<li>Existem diferentes <b>tipos de ilumina\u00e7\u00e3o<\/b> que podem ser combinados para um efeito harmonioso.<\/li>\n<li><b>Dicas pr\u00e1ticas<\/b> podem ajudar a alcan\u00e7ar um espa\u00e7o aconchegante e funcional.<\/li>\n<li>A ilumina\u00e7\u00e3o planejada pode ser um divisor de \u00e1guas na <b>percep\u00e7\u00e3o do espa\u00e7o<\/b>.<\/li>\n<li>\u00c9 poss\u00edvel <b>inspirar-se em ideias criativas<\/b> que transformam a sala de estar.<\/li>\n<\/ul>\n<h2>Import\u00e2ncia da Ilumina\u00e7\u00e3o na Sala<\/h2>\n<p>Quando falamos da <b>ilumina\u00e7\u00e3o<\/b> em uma sala, n\u00e3o estamos apenas nos referindo a l\u00e2mpadas e luzes. \u00c9 um aspecto que <b>muda a atmosfera<\/b> do ambiente, proporcionando conforto e uma sensa\u00e7\u00e3o de acolhimento. Um projeto bem elaborado pode transformar a forma como voc\u00ea e seus convidados percebem o espa\u00e7o.<\/p>\n<h3>Valoriza a Decora\u00e7\u00e3o<\/h3>\n<figure style=\"width: 1024px\" class=\"wp-caption aligncenter\"><img decoding=\"async\" src=\"https:\/\/www.aarquiteta.com.br\/blog\/wp-content\/uploads\/2025\/01\/iluminacao-para-sala-02-730x449.jpg\" alt=\"Lu\u00e1 Arquitetura\" title=\"\"><figcaption class=\"wp-caption-text\">Lu\u00e1 Arquitetura<\/figcaption><\/figure>\n<p>Uma ilumina\u00e7\u00e3o bem planejada <b>destaca elementos decorativos<\/b>, como quadros e pe\u00e7as de arte. Ao apontar luz em dire\u00e7\u00e3o a determinados objetos, voc\u00ea n\u00e3o apenas os embeleza, mas tamb\u00e9m cria um <b>foco visual<\/b> que atrai a aten\u00e7\u00e3o.<\/p>\n<h3>Garante Conforto e Bem-Estar<\/h3>\n<figure style=\"width: 1024px\" class=\"wp-caption aligncenter\"><img decoding=\"async\" src=\"https:\/\/www.aarquiteta.com.br\/blog\/wp-content\/uploads\/2025\/01\/iluminacao-para-sala01.jpg\" alt=\"25 Projetos de Ilumina\u00e7\u00e3o para Sala que Deixam o Ambiente Acolhedor\" width=\"1024\" height=\"1024\" title=\"\"><figcaption class=\"wp-caption-text\">25 Projetos de Ilumina\u00e7\u00e3o para Sala que Deixam o Ambiente Acolhedor<\/figcaption><\/figure>\n<p>A luz adequada proporciona uma <b>sensa\u00e7\u00e3o de conforto<\/b>. Quando voc\u00ea chega em casa, deseja um espa\u00e7o que te fa\u00e7a sentir relaxado. Luzes amareladas, por exemplo, podem criar um ambiente mais <b>aconchegante<\/b> e acolhedor.<\/p>\n<h2>Tipos de Ilumina\u00e7\u00e3o para Sala<\/h2>\n<p>Entender os diferentes tipos de <b>ilumina\u00e7\u00e3o<\/b> \u00e9 crucial para projetar ambientes que atendam \u00e0s suas necessidades. Aqui est\u00e3o alguns dos principais tipos: <\/p>\n<h3>Ilumina\u00e7\u00e3o Direta<\/h3>\n<figure style=\"width: 1024px\" class=\"wp-caption aligncenter\"><img decoding=\"async\" src=\"https:\/\/www.aarquiteta.com.br\/blog\/wp-content\/uploads\/2025\/01\/iluminacao-para-sala-00-1.jpg\" alt=\"Box14 Arquitetura\" title=\"\"><figcaption class=\"wp-caption-text\">Box14 Arquitetura<\/figcaption><\/figure>\n<p>Ideal para focar em <b>pontos espec\u00edficos<\/b>, essa ilumina\u00e7\u00e3o \u00e9 perfeita para mesas de jantar ou \u00e1reas de leitura. Uma lumin\u00e1ria de mesa ou um pendente em cima da mesa cria um foco que permite a concentra\u00e7\u00e3o e aprecia\u00e7\u00e3o do ambiente.<\/p>\n<h3>Ilumina\u00e7\u00e3o Indireta<\/h3>\n<figure style=\"width: 1024px\" class=\"wp-caption aligncenter\"><img decoding=\"async\" src=\"https:\/\/www.aarquiteta.com.br\/blog\/wp-content\/uploads\/2025\/01\/iluminacao-para-sala02.jpg\" alt=\"25 Projetos de Ilumina\u00e7\u00e3o para Sala que Deixam o Ambiente Acolhedor\" width=\"1024\" height=\"1024\" title=\"\"><figcaption class=\"wp-caption-text\">25 Projetos de Ilumina\u00e7\u00e3o para Sala que Deixam o Ambiente Acolhedor<\/figcaption><\/figure>\n<p>Esse tipo de ilumina\u00e7\u00e3o <b>rebatida<\/b> cria um efeito suave, que n\u00e3o ofusca. Lustres e arandelas s\u00e3o \u00f3timas op\u00e7\u00f5es para dispersar uma luz aconchegante, tornando o ambiente convidativo.<\/p>\n<h3>Ilumina\u00e7\u00e3o Difusa<\/h3>\n<figure style=\"width: 1024px\" class=\"wp-caption aligncenter\"><img decoding=\"async\" src=\"https:\/\/www.aarquiteta.com.br\/blog\/wp-content\/uploads\/2025\/01\/iluminacao-para-quarto-00-286x160.jpg\" alt=\"Sheila Almendros\" title=\"\"><figcaption class=\"wp-caption-text\">Sheila Almendros<\/figcaption><\/figure>\n<p>A luz difusa proporciona um brilho <b>uniforme<\/b>, ideal para quem busca relaxar. \u00c9 comum encontr\u00e1-la em abajures com c\u00fapulas que filtram a luz, criando uma atmosfera <b>intimista<\/b>.<\/p>\n<h3>Ilumina\u00e7\u00e3o de Destaque<\/h3>\n<figure style=\"width: 1024px\" class=\"wp-caption aligncenter\"><img decoding=\"async\" src=\"https:\/\/www.aarquiteta.com.br\/blog\/wp-content\/uploads\/2025\/01\/iluminacao-para-sala03.jpg\" alt=\"25 Projetos de Ilumina\u00e7\u00e3o para Sala que Deixam o Ambiente Acolhedor\" width=\"1024\" height=\"1024\" title=\"\"><figcaption class=\"wp-caption-text\">25 Projetos de Ilumina\u00e7\u00e3o para Sala que Deixam o Ambiente Acolhedor<\/figcaption><\/figure>\n<p>Esta ilumina\u00e7\u00e3o tem como fun\u00e7\u00e3o <b>real\u00e7ar<\/b> elementos ou obras de arte. Spots embutidos ou lumin\u00e1rias direcion\u00e1veis ajudam a dar uma nova vida a objetos que s\u00e3o importantes no seu espa\u00e7o.<\/p>\n<h3>Ilumina\u00e7\u00e3o Linear<\/h3>\n<figure style=\"width: 1024px\" class=\"wp-caption aligncenter\"><img decoding=\"async\" src=\"https:\/\/www.aarquiteta.com.br\/blog\/wp-content\/uploads\/2025\/01\/iluminacao-de-cozinha-capa-286x160.jpg\" alt=\"Danieli Bonatto\" title=\"\"><figcaption class=\"wp-caption-text\">Danieli Bonatto<\/figcaption><\/figure>\n<p>A ilumina\u00e7\u00e3o linear se popularizou com o uso de fitas de LED. \u00c9 uma forma moderna e elegante de <b>iluminar superf\u00edcies<\/b> e destacar a arquitetura do espa\u00e7o.<\/p>\n<h2>Dicas para um Ambiente Aconchegante<\/h2>\n<p>Para alcan\u00e7ar um espa\u00e7o que seja confort\u00e1vel e acolhedor, considere as seguintes dicas:<\/p>\n<ol>\n<li><b>Escolha luz amarela<\/b> para transmitir conforto.<\/li>\n<li><b>Crie pontos de luz isolados<\/b> para diferentes momentos e atividades.<\/li>\n<li><b>Utilize abajures<\/b> para uma ilumina\u00e7\u00e3o suave em \u00e1reas de leitura.<\/li>\n<li><b>Explore spots embutidos<\/b> no teto para proporcionar uma ilumina\u00e7\u00e3o agrad\u00e1vel e discreta.<\/li>\n<li><b>Combine diferentes tipos<\/b> de ilumina\u00e7\u00e3o para harmonizar o estilo do ambiente.<\/li>\n<\/ol>\n<h2>Ideias de Ilumina\u00e7\u00e3o para Valorizar sua Sala<\/h2>\n<p>Para quem busca inspira\u00e7\u00e3o, aqui est\u00e3o algumas ideias criativas para incorporar na sua sala:<\/p>\n<h3>Ambientes com Ilumina\u00e7\u00e3o Planejada<\/h3>\n<figure style=\"width: 1024px\" class=\"wp-caption aligncenter\"><img decoding=\"async\" src=\"https:\/\/www.aarquiteta.com.br\/blog\/wp-content\/uploads\/2025\/01\/iluminacao-para-sala4.jpg\" alt=\"25 Projetos de Ilumina\u00e7\u00e3o para Sala que Deixam o Ambiente Acolhedor\" width=\"1024\" height=\"1024\" title=\"\"><figcaption class=\"wp-caption-text\">25 Projetos de Ilumina\u00e7\u00e3o para Sala que Deixam o Ambiente Acolhedor<\/figcaption><\/figure>\n<p>Uma abordagem planejada permite <b>jogar com sombras e luzes<\/b> criando diferentes climas no mesmo espa\u00e7o. Use pequenos spots ou abajures nas esquinas para um efeito dram\u00e1tico.<\/p>\n<h3>Luz Amarela para Conforto<\/h3>\n<figure style=\"width: 1024px\" class=\"wp-caption aligncenter\"><img decoding=\"async\" src=\"https:\/\/www.aarquiteta.com.br\/blog\/wp-content\/uploads\/2025\/01\/cores-para-sala-pequena-00-1-286x160.jpg\" alt=\"Danieli Bonatto\" title=\"\"><figcaption class=\"wp-caption-text\">Danieli Bonatto<\/figcaption><\/figure>\n<p>A luz amarela se destaca como a mais adequada para funcionalidades de <b>relaxamento e conforto<\/b>. Use-a em ambientes para sentar, como salas de estar, onde a ideia \u00e9 desconectar-se do dia a dia.<\/p>\n<h3>Abajures e Lumin\u00e1rias<\/h3>\n<h3>Para se aprofundar mais sobre o tema, veja a minha recomenda\u00e7\u00e3o sobre o tema deste artigo no v\u00eddeo a seguir abaixo:<\/h3>\n<p><iframe title=\"YouTube video player\" src=\"https:\/\/www.youtube.com\/embed\/sXmaR0GrlmM\" width=\"560\" height=\"315\" frameborder=\"0\" allowfullscreen=\"allowfullscreen\"><\/iframe><\/p>\n<p>Invista em <b>abajures<\/b> e lumin\u00e1rias com estilos interessantes. Eles n\u00e3o apenas iluminam, mas tamb\u00e9m <b>auxiliam na est\u00e9tica<\/b> do ambiente, ajudando a contar sua hist\u00f3ria.<\/p>\n<h3>Utiliza\u00e7\u00e3o de LED Embutido<\/h3>\n<figure style=\"width: 1024px\" class=\"wp-caption aligncenter\"><img decoding=\"async\" src=\"https:\/\/www.aarquiteta.com.br\/blog\/wp-content\/uploads\/2025\/01\/iluminacao-para-sala-01-730x449.jpg\" alt=\"Jota Barbosa\" title=\"\"><figcaption class=\"wp-caption-text\">Jota Barbosa<\/figcaption><\/figure>\n<p>Os efeitos criados por LED embutido em pain\u00e9is de teto ou rodap\u00e9s s\u00e3o <b>modernos e funcionais<\/b>. Eles oferecem um toque contempor\u00e2neo sem sobrecarregar o ambiente.<\/p>\n<h3>Charme com Arandelas<\/h3>\n<p>As arandelas de parede oferecem um <b>charme \u00fanico<\/b> ao iluminar cantos e criar uma ilumina\u00e7\u00e3o envolvente. Escolha modelos que complementem sua decora\u00e7\u00e3o.<\/p>\n<h2>Conclus\u00e3o<\/h2>\n<p>No final, uma <b>ilumina\u00e7\u00e3o bem escolhida<\/b> n\u00e3o \u00e9 apenas luz; \u00e9 uma chave que transforma a percep\u00e7\u00e3o da sala. Ao aplicar as dicas e ideias apresentadas, voc\u00ea pode criar um espa\u00e7o que seja acolhedor e cheio de estilo, perfeito para momentos de reuni\u00e3o ou relaxamento.<\/p>\n<p><\/body><\/p>\n","protected":false},"excerpt":{"rendered":"<p>Descubra 25 projetos de ilumina\u00e7\u00e3o para sala que transformam seu ambiente, garantindo aconchego e eleg\u00e2ncia na decora\u00e7\u00e3o.<\/p>\n","protected":false},"author":102,"featured_media":139555,"comment_status":"closed","ping_status":"closed","sticky":false,"template":"","format":"standard","meta":{"footnotes":""},"categories":[1484],"tags":[],"class_list":["post-139562","post","type-post","status-publish","format-standard","has-post-thumbnail","category-decoracao"],"_wp_attached_file":null,"_wp_attachment_metadata":null,"_wp_attachment_context":null,"_wp_attachment_is_custom_header":null,"geo_longitude":null,"geo_public":null,"geo_latitude":null,"_publicize_done_external":null,"_wpas_done_3897181":null,"publicize_twitter_user":null,"_wpas_done_3897175":null,"_wpas_skip_3897181":null,"_wpas_skip_3897175":null,"_wpas_skip_3924723":null,"_wpas_mess":null,"_wpas_done_3924723":null,"wps_subtitle":"","_links":{"self":[{"href":"https:\/\/www.aarquiteta.com.br\/blog\/wp-json\/wp\/v2\/posts\/139562","targetHints":{"allow":["GET"]}}],"collection":[{"href":"https:\/\/www.aarquiteta.com.br\/blog\/wp-json\/wp\/v2\/posts"}],"about":[{"href":"https:\/\/www.aarquiteta.com.br\/blog\/wp-json\/wp\/v2\/types\/post"}],"author":[{"embeddable":true,"href":"https:\/\/www.aarquiteta.com.br\/blog\/wp-json\/wp\/v2\/users\/102"}],"replies":[{"embeddable":true,"href":"https:\/\/www.aarquiteta.com.br\/blog\/wp-json\/wp\/v2\/comments?post=139562"}],"version-history":[{"count":0,"href":"https:\/\/www.aarquiteta.com.br\/blog\/wp-json\/wp\/v2\/posts\/139562\/revisions"}],"wp:featuredmedia":[{"embeddable":true,"href":"https:\/\/www.aarquiteta.com.br\/blog\/wp-json\/wp\/v2\/media\/139555"}],"wp:attachment":[{"href":"https:\/\/www.aarquiteta.com.br\/blog\/wp-json\/wp\/v2\/media?parent=139562"}],"wp:term":[{"taxonomy":"category","embeddable":true,"href":"https:\/\/www.aarquiteta.com.br\/blog\/wp-json\/wp\/v2\/categories?post=139562"},{"taxonomy":"post_tag","embeddable":true,"href":"https:\/\/www.aarquiteta.com.br\/blog\/wp-json\/wp\/v2\/tags?post=139562"}],"curies":[{"name":"wp","href":"https:\/\/api.w.org\/{rel}","templated":true}]}}