{"id":139513,"date":"2025-01-03T15:40:36","date_gmt":"2025-01-03T18:40:36","guid":{"rendered":"https:\/\/www.aarquiteta.com.br\/blog\/quarto-de-bebe\/"},"modified":"2025-01-03T15:40:36","modified_gmt":"2025-01-03T18:40:36","slug":"quarto-de-bebe","status":"publish","type":"post","link":"https:\/\/www.aarquiteta.com.br\/blog\/quarto-de-bebe\/","title":{"rendered":"Como Montar Um Quarto de Beb\u00ea Seguro e Confort\u00e1vel com 10 Dicas"},"content":{"rendered":"<p><body><\/p>\n<p>Montar um quarto de beb\u00ea \u00e9 um momento repleto de alegria e expectativa, mas tamb\u00e9m de responsabilidades. A arquiteta Marcela Zampere traz dicas valiosas para garantir que este espa\u00e7o seja seguro e acolhedor. Neste artigo, voc\u00ea vai descobrir tudo sobre a escolha dos m\u00f3veis, a decora\u00e7\u00e3o ideal e como otimizar cada cantinho.<\/p>\n<h2>Principais Considera\u00e7\u00f5es ao Montar um Quarto de Beb\u00ea<\/h2>\n<ul>\n<li><b>Planejamento Antecipado:<\/b> Comece a planejar o espa\u00e7o nos primeiros meses de gesta\u00e7\u00e3o.<\/li>\n<li><b>Itens Essenciais:<\/b> Conhe\u00e7a os m\u00f3veis que n\u00e3o podem faltar para funcionalidade e seguran\u00e7a.<\/li>\n<li><b>Dicas de Decora\u00e7\u00e3o:<\/b> Descubra cores e temas que ajudam a criar um ambiente acolhedor.<\/li>\n<li><b>Otimiza\u00e7\u00e3o de Espa\u00e7o:<\/b> Aprenda a utilizar m\u00f3veis multifuncionais e organiza\u00e7\u00e3o inteligente.<\/li>\n<li><b>Ilumina\u00e7\u00e3o e Acess\u00f3rios:<\/b> A import\u00e2ncia de uma boa ilumina\u00e7\u00e3o e escolha cuidadosa de acess\u00f3rios.<\/li>\n<\/ul>\n<h2>O In\u00edcio do Planejamento<\/h2>\n<p>Um projeto como esse deve ser iniciado de maneira tranquila, quase como a constru\u00e7\u00e3o de um lar doce lar. Nos primeiros meses de gesta\u00e7\u00e3o, <b>n\u00e3o deixe de coletar ideias<\/b> que alinhem com seu estilo e necessidades.<\/p>\n<p>Nos dois primeiros meses priorize o planejamento e a organiza\u00e7\u00e3o financeira. A partir do terceiro, j\u00e1 \u00e9 poss\u00edvel implementar as escolhas com calma, garantindo um espa\u00e7o pronto entre o quarto e o quinto m\u00eas.<\/p>\n<h3>Contrata\u00e7\u00e3o de Profissionais<\/h3>\n<figure style=\"width: 1024px\" class=\"wp-caption aligncenter\"><img decoding=\"async\" src=\"https:\/\/www.aarquiteta.com.br\/blog\/wp-content\/uploads\/2025\/01\/quarto-de-bebe-02-730x449.jpg\" alt=\"Imagem de um ber\u00e7o seguro e confort\u00e1vel para o beb\u00ea.\" title=\"\"><figcaption class=\"wp-caption-text\">Imagem de um ber\u00e7o seguro e confort\u00e1vel para o beb\u00ea.<\/figcaption><\/figure>\n<p>Se voc\u00ea estiver pensando em decorar o quartinho do seu pequeno de maneira pr\u00e1tica e com estilo, contar com um <b>arquiteto pode fazer toda a diferen\u00e7a<\/b>. Eles v\u00e3o ajudar a otimizar o layout, garantindo que cada m\u00f3vel tenha seu lugar sem sufocar o ambiente.<\/p>\n<h2>Itens Essenciais no Quarto do Beb\u00ea<\/h2>\n<p>\u00c9 imprescind\u00edvel ter em mente quais itens s\u00e3o realmente essenciais para o dia a dia. N\u00e3o se trata apenas de est\u00e9tica, mas de <b>conforto e praticidade<\/b>.<\/p>\n<h3>O Ber\u00e7o<\/h3>\n<figure style=\"width: 1024px\" class=\"wp-caption aligncenter\"><img decoding=\"async\" src=\"https:\/\/www.aarquiteta.com.br\/blog\/wp-content\/uploads\/2025\/01\/quarto-de-bebe01.jpg\" alt=\"Como Montar Um Quarto de Beb\u00ea Seguro e Confort\u00e1vel\" width=\"1024\" height=\"1024\" title=\"\"><figcaption class=\"wp-caption-text\">Como Montar Um Quarto de Beb\u00ea Seguro e Confort\u00e1vel<\/figcaption><\/figure>\n<p>\u00c9 claro que o ber\u00e7o est\u00e1 no topo da lista. Ao escolher, priorize <b>seguran\u00e7a e conforto<\/b>, afinal, esse ser\u00e1 o espa\u00e7o onde seu beb\u00ea vai passar muitas horas. Opte por modelos que atendam as normas de seguran\u00e7a e que sejam dur\u00e1veis.<\/p>\n<h3>C\u00f4moda e Guarda-Roupas<\/h3>\n<figure style=\"width: 1024px\" class=\"wp-caption aligncenter\"><img decoding=\"async\" src=\"https:\/\/www.aarquiteta.com.br\/blog\/wp-content\/uploads\/2025\/01\/quarto-de-bebe-00.jpg\" alt=\"Imagem de um quarto de beb\u00ea decorado, acolhedor e seguro.\" title=\"\"><figcaption class=\"wp-caption-text\">Imagem de um quarto de beb\u00ea decorado, acolhedor e seguro.<\/figcaption><\/figure>\n<p>A c\u00f4moda \u00e9 mais do que um mero m\u00f3vel \u2014 ela \u00e9 vital para manter a organiza\u00e7\u00e3o das roupas e itens do beb\u00ea. Um guarda-roupas planejado facilita ainda mais e proporciona <b>mais espa\u00e7o<\/b> para o crescimento do seu pequeno sem bagun\u00e7a.<\/p>\n<h3>Poltrona de Amamenta\u00e7\u00e3o<\/h3>\n<figure style=\"width: 1024px\" class=\"wp-caption aligncenter\"><img decoding=\"async\" src=\"https:\/\/www.aarquiteta.com.br\/blog\/wp-content\/uploads\/2025\/01\/quarto-de-bebe02.jpg\" alt=\"Como Montar Um Quarto de Beb\u00ea Seguro e Confort\u00e1vel\" width=\"1024\" height=\"1024\" title=\"\"><figcaption class=\"wp-caption-text\">Como Montar Um Quarto de Beb\u00ea Seguro e Confort\u00e1vel<\/figcaption><\/figure>\n<p>A poltrona \u00e9 o seu trono, o local onde momentos especiais ocorrem. Escolha uma que seja <b>confort\u00e1vel e acolhedora<\/b>, pois as horas de amamenta\u00e7\u00e3o ser\u00e3o bem mais agrad\u00e1veis nela.<\/p>\n<h2>Dicas de Decora\u00e7\u00e3o do Quarto de Beb\u00ea<\/h2>\n<p>A decora\u00e7\u00e3o vai muito al\u00e9m da est\u00e9tica; \u00e9 crucial para criar um ambiente acolhedor e seguro. Considere cores suaves e <b>temas que sejam atemporais<\/b>.<\/p>\n<h3>Escolhendo Cores e Temas<\/h3>\n<figure style=\"width: 1024px\" class=\"wp-caption aligncenter\"><img decoding=\"async\" src=\"https:\/\/www.aarquiteta.com.br\/blog\/wp-content\/uploads\/2025\/01\/quadros-para-quarto-de-bebe-19-286x160.jpg\" alt=\"Quadros com delicadas ilustra\u00e7\u00f5es para quarto de beb\u00ea.\" title=\"\"><figcaption class=\"wp-caption-text\">Quadros com delicadas ilustra\u00e7\u00f5es para quarto de beb\u00ea.<\/figcaption><\/figure>\n<p>Cores neutras trazem um ar de calma, enquanto temas l\u00fadicos podem estimular a imagina\u00e7\u00e3o. Pense em <b>decora\u00e7\u00f5es que possam evoluir<\/b> com seu beb\u00ea, evitando pinturas muito espec\u00edficas que podem se tornar datadas rapidamente.<\/p>\n<h3>Ilumina\u00e7\u00e3o Adequada<\/h3>\n<figure style=\"width: 1024px\" class=\"wp-caption aligncenter\"><img decoding=\"async\" src=\"https:\/\/www.aarquiteta.com.br\/blog\/wp-content\/uploads\/2025\/01\/quarto-de-bebe03.jpg\" alt=\"Como Montar Um Quarto de Beb\u00ea Seguro e Confort\u00e1vel\" width=\"1024\" height=\"1024\" title=\"\"><figcaption class=\"wp-caption-text\">Como Montar Um Quarto de Beb\u00ea Seguro e Confort\u00e1vel<\/figcaption><\/figure>\n<p>A ilumina\u00e7\u00e3o tamb\u00e9m \u00e9 uma d\u00edvida, mas \u00e9 simb\u00f3lica: um espa\u00e7o bem iluminado traz conforto e seguran\u00e7a. Invista em op\u00e7\u00f5es regul\u00e1veis, podendo ter uma luz suave para as noites.<\/p>\n<h2>Como Otimizar o Espa\u00e7o no Quarto do Beb\u00ea<\/h2>\n<p>N\u00e3o importa o tamanho do espa\u00e7o; o truque est\u00e1 em usar suas formas com intelig\u00eancia. Aqui, cada cent\u00edmetro conta!<\/p>\n<h3>M\u00f3veis Multifuncionais<\/h3>\n<figure style=\"width: 1024px\" class=\"wp-caption aligncenter\"><img decoding=\"async\" src=\"https:\/\/www.aarquiteta.com.br\/blog\/wp-content\/uploads\/2025\/01\/estante-para-brinquedos-capa-286x160.png\" alt=\"Estante para brinquedos com v\u00e1rias op\u00e7\u00f5es de organiza\u00e7\u00e3o.\" title=\"\"><figcaption class=\"wp-caption-text\">Estante para brinquedos com v\u00e1rias op\u00e7\u00f5es de organiza\u00e7\u00e3o.<\/figcaption><\/figure>\n<p>Compre m\u00f3veis que tenham mais de uma fun\u00e7\u00e3o, como ber\u00e7os com op\u00e7\u00e3o de transform\u00e1-los em camas. <b>Essa \u00e9 uma solu\u00e7\u00e3o pr\u00e1tica<\/b> que tamb\u00e9m ajuda a economizar espa\u00e7o \u00e0 medida que seu filho cresce.<\/p>\n<h3>Organiza\u00e7\u00e3o \u00e9 Tudo<\/h3>\n<figure style=\"width: 1024px\" class=\"wp-caption aligncenter\"><img decoding=\"async\" src=\"https:\/\/www.aarquiteta.com.br\/blog\/wp-content\/uploads\/2025\/01\/quarto-de-bebe4.jpg\" alt=\"Como Montar Um Quarto de Beb\u00ea Seguro e Confort\u00e1vel\" width=\"1024\" height=\"1024\" title=\"\"><figcaption class=\"wp-caption-text\">Como Montar Um Quarto de Beb\u00ea Seguro e Confort\u00e1vel<\/figcaption><\/figure>\n<p>Utilize prateleiras e organizadores para manter tudo \u00e0 m\u00e3o. Uma boa organiza\u00e7\u00e3o <b>facilita a vida e a rotina<\/b> dos pais, especialmente nas correrias do dia a dia.<\/p>\n<h2>Conclus\u00e3o<\/h2>\n<p>Montar um quarto de beb\u00ea vai muito al\u00e9m de apenas escolher m\u00f3veis e cores. Com planejamento e carinho, \u00e9 poss\u00edvel criar um espa\u00e7o <b>acolhedor e funcional<\/b>. Vale lembrar: esse \u00e9 um ambiente que dever\u00e1 evoluir e proporcionar momentos especiais na vida de sua fam\u00edlia. Aproveite esse momento m\u00e1gico!<\/p>\n<p><\/body><br \/>\n<figure style=\"width: 1024px\" class=\"wp-caption aligncenter\"><img decoding=\"async\" src=\"https:\/\/www.aarquiteta.com.br\/blog\/wp-content\/uploads\/2025\/01\/brinquedoteca-capa-1-286x160.jpg\" alt=\"Brinquedoteca colorida, ideal para divers\u00e3o das crian\u00e7as.\" title=\"\"><figcaption class=\"wp-caption-text\">Brinquedoteca colorida, ideal para divers\u00e3o das crian\u00e7as.<\/figcaption><\/figure>\n<h3>Para se aprofundar mais sobre o tema, veja a minha recomenda\u00e7\u00e3o sobre o tema deste artigo no v\u00eddeo a seguir abaixo:<\/h3>\n<p><iframe title=\"YouTube video player\" src=\"https:\/\/www.youtube.com\/embed\/ij_S61O2uII\" width=\"560\" height=\"315\" frameborder=\"0\" allowfullscreen=\"allowfullscreen\"><\/iframe><\/p>\n<figure style=\"width: 1024px\" class=\"wp-caption aligncenter\"><img decoding=\"async\" src=\"https:\/\/www.aarquiteta.com.br\/blog\/wp-content\/uploads\/2025\/01\/quarto-de-bebe-01-730x447.jpg\" alt=\"Quarto de beb\u00ea amplo e ensolarado.\" title=\"\"><figcaption class=\"wp-caption-text\">Quarto de beb\u00ea amplo e ensolarado.<\/figcaption><\/figure>\n","protected":false},"excerpt":{"rendered":"<p>Descubra dicas essenciais para montar um quarto de beb\u00ea seguro e confort\u00e1vel, com orienta\u00e7\u00f5es sobre m\u00f3veis e decora\u00e7\u00e3o.<\/p>\n","protected":false},"author":102,"featured_media":139506,"comment_status":"closed","ping_status":"closed","sticky":false,"template":"","format":"standard","meta":{"footnotes":""},"categories":[1484],"tags":[],"class_list":["post-139513","post","type-post","status-publish","format-standard","has-post-thumbnail","category-decoracao"],"_wp_attached_file":null,"_wp_attachment_metadata":null,"_wp_attachment_context":null,"_wp_attachment_is_custom_header":null,"geo_longitude":null,"geo_public":null,"geo_latitude":null,"_publicize_done_external":null,"_wpas_done_3897181":null,"publicize_twitter_user":null,"_wpas_done_3897175":null,"_wpas_skip_3897181":null,"_wpas_skip_3897175":null,"_wpas_skip_3924723":null,"_wpas_mess":null,"_wpas_done_3924723":null,"wps_subtitle":"","_links":{"self":[{"href":"https:\/\/www.aarquiteta.com.br\/blog\/wp-json\/wp\/v2\/posts\/139513","targetHints":{"allow":["GET"]}}],"collection":[{"href":"https:\/\/www.aarquiteta.com.br\/blog\/wp-json\/wp\/v2\/posts"}],"about":[{"href":"https:\/\/www.aarquiteta.com.br\/blog\/wp-json\/wp\/v2\/types\/post"}],"author":[{"embeddable":true,"href":"https:\/\/www.aarquiteta.com.br\/blog\/wp-json\/wp\/v2\/users\/102"}],"replies":[{"embeddable":true,"href":"https:\/\/www.aarquiteta.com.br\/blog\/wp-json\/wp\/v2\/comments?post=139513"}],"version-history":[{"count":0,"href":"https:\/\/www.aarquiteta.com.br\/blog\/wp-json\/wp\/v2\/posts\/139513\/revisions"}],"wp:featuredmedia":[{"embeddable":true,"href":"https:\/\/www.aarquiteta.com.br\/blog\/wp-json\/wp\/v2\/media\/139506"}],"wp:attachment":[{"href":"https:\/\/www.aarquiteta.com.br\/blog\/wp-json\/wp\/v2\/media?parent=139513"}],"wp:term":[{"taxonomy":"category","embeddable":true,"href":"https:\/\/www.aarquiteta.com.br\/blog\/wp-json\/wp\/v2\/categories?post=139513"},{"taxonomy":"post_tag","embeddable":true,"href":"https:\/\/www.aarquiteta.com.br\/blog\/wp-json\/wp\/v2\/tags?post=139513"}],"curies":[{"name":"wp","href":"https:\/\/api.w.org\/{rel}","templated":true}]}}