{"id":139465,"date":"2025-01-03T11:19:22","date_gmt":"2025-01-03T14:19:22","guid":{"rendered":"https:\/\/www.aarquiteta.com.br\/blog\/confira-os-melhores-vidros-para-sacada\/"},"modified":"2025-01-03T11:19:22","modified_gmt":"2025-01-03T14:19:22","slug":"confira-os-melhores-vidros-para-sacada","status":"publish","type":"post","link":"https:\/\/www.aarquiteta.com.br\/blog\/confira-os-melhores-vidros-para-sacada\/","title":{"rendered":"Dicas para Transformar sua Varanda com Vidros para Sacada"},"content":{"rendered":"<p>&#8220;`html<\/p>\n<p>Transforme sua varanda em um espa\u00e7o encantador e aconchegante com os melhores vidros para sacada, garantindo privacidade e conforto, al\u00e9m de seguir as normas do seu condom\u00ednio!<\/p>\n<h2>Introdu\u00e7\u00e3o<\/h2>\n<p>As varandas est\u00e3o se tornando cada vez mais importantes nas planta\u00e7\u00f5es dos apartamentos, oferecendo mais espa\u00e7o e personalidade aos lares. Neste artigo, vamos explorar os principais tipos de vidros para sacada que podem transformar sua varanda em um ambiente acolhedor e funcional.<\/p>\n<h2>Quais normas observar antes de escolher os vidros para sacada?<\/h2>\n<p>Antes de iniciar qualquer reforma, <b>\u00e9 fundamental verificar as normas do condom\u00ednio<\/b> relacionadas ao fechamento de sacadas, garantindo que sua escolha esteja de acordo com as regras estabelecidas.<\/p>\n<p>N\u00e3o adianta sonhar em ter uma varanda linda se o s\u00edndico n\u00e3o aprovar, n\u00e9? Por isso, observe as diretrizes de seguran\u00e7a e estilo que t\u00eam que ser seguidas. Al\u00e9m de evitar multas, voc\u00ea previne uma besourada a mais na cabe\u00e7a, porque reforma parada \u00e9 o mesmo que dor de cabe\u00e7a.<\/p>\n<h2>Por que usar vidros para sacada?<\/h2>\n<p>A primeira coisa que vem \u00e0 mente quando falamos em <b>vidros para sacada<\/b> \u00e9 o quanto eles oferecem privacidade para os momentos de relaxamento ou para aquela festa com os amigos. Mas calma, porque n\u00e3o \u00e9 s\u00f3 isso!<\/p>\n<p>Os vidros funcionam tamb\u00e9m como uma <b>barreira contra o vento e a chuva<\/b>, permitindo que voc\u00ea desfrute da sua varanda independente do clima l\u00e1 fora. Quem n\u00e3o gosta de um pouco de aconchego em um dia chuvoso, enquanto se toma um caf\u00e9, n\u00e3o \u00e9 mesmo?<\/p>\n<h2>Quais s\u00e3o os melhores vidros para sacada?<\/h2>\n<h3>Vidro Temperado<\/h3>\n<figure style=\"width: 1024px\" class=\"wp-caption aligncenter\"><img decoding=\"async\" src=\"https:\/\/www.aarquiteta.com.br\/blog\/wp-content\/uploads\/2025\/01\/confira-os-melhores-vidros-para-sacada01.jpg\" alt=\"Dicas para Transformar sua Varanda com Vidros para Sacada\" width=\"1024\" height=\"1024\" title=\"\"><figcaption class=\"wp-caption-text\">Dicas para Transformar sua Varanda com Vidros para Sacada<\/figcaption><\/figure>\n<p>Se tem um vidro que eu super indico \u00e9 o <b>vidro temperado<\/b>. Ele \u00e9 incr\u00edvel, resistente, e se encontrar o ch\u00e3o, se fragmenta em pequenos peda\u00e7os, sem causar perigo. Ideal para aqueles que vivem em \u00e1reas com muito vento.<\/p>\n<p>Ele passa por um tratamento que o torna mais dur\u00e1vel do que o vidro comum. Ent\u00e3o, se voc\u00ea est\u00e1 pensando em seguran\u00e7a, a sua escolha deve ser com esse material. Al\u00e9m disso, fica super elegante.<\/p>\n<h3>Vidro Laminado<\/h3>\n<img decoding=\"async\" src=\"\" alt=\"\" title=\"\">\n<p>J\u00e1 o <b>vidro laminado<\/b> \u00e9 outra op\u00e7\u00e3o que traz seguran\u00e7a. Embora n\u00e3o seja t\u00e3o resistente a impactos, em caso de quebra, os estilha\u00e7os ficam retidos, evitando acidentes. Imagine s\u00f3: voc\u00ea est\u00e1 na sua varanda, aproveitando o sol, e de repente, algo bate nos vidros. Tranquilidade \u00e9 tudo, certo?<\/p>\n<h2>Ideias de decora\u00e7\u00e3o para varandas<\/h2>\n<h3>Varanda com tapete listrado<\/h3>\n<figure style=\"width: 1024px\" class=\"wp-caption aligncenter\"><img decoding=\"async\" src=\"https:\/\/www.aarquiteta.com.br\/blog\/wp-content\/uploads\/2025\/01\/89802cfdaf50e5e974a5fb75a324b851.jpg.webp\" alt=\"Varanda com tapete listrado, sof\u00e1s de canto e mesinha de apoio, decorada com flores e samambaias.\" title=\"\"><figcaption class=\"wp-caption-text\">Varanda com tapete listrado, sof\u00e1s de canto e mesinha de apoio, decorada com flores e samambaias.<\/figcaption><\/figure>\n<p>Uma ideia que d\u00e1 um charme incr\u00edvel \u00e9 incorporar um <b>tapete listrado<\/b>. Esse detalhe n\u00e3o apenas traz cor, mas tamb\u00e9m deixa o ambiente mais aconchegante. Combine com m\u00f3veis confort\u00e1veis e alguns vasos de plantas e tenha um espa\u00e7o super convidativo.<\/p>\n<h3>Varanda com cadeira de balan\u00e7o e palmeiras<\/h3>\n<figure style=\"width: 1024px\" class=\"wp-caption aligncenter\"><img decoding=\"async\" src=\"https:\/\/www.aarquiteta.com.br\/blog\/wp-content\/uploads\/2025\/01\/confira-os-melhores-vidros-para-sacada02.jpg\" alt=\"Dicas para Transformar sua Varanda com Vidros para Sacada\" width=\"1024\" height=\"1024\" title=\"\"><figcaption class=\"wp-caption-text\">Dicas para Transformar sua Varanda com Vidros para Sacada<\/figcaption><\/figure>\n<p>Outra op\u00e7\u00e3o bacana \u00e9 investir em <b>cadeiras de balan\u00e7o<\/b> e plantas como palmeiras. Isso faz com que a varanda se transforme em um verdadeiro o\u00e1sis urbano. Lembrando que um tapete bem colorido e almofadas diversificadas podem ajudar a criar um cantinho relaxante.<\/p>\n<h3>Varanda com m\u00f3veis de madeira<\/h3>\n<figure style=\"width: 1024px\" class=\"wp-caption aligncenter\"><img decoding=\"async\" src=\"https:\/\/www.aarquiteta.com.br\/blog\/wp-content\/uploads\/2025\/01\/82c6d5069cd191929d1313c4bf4b1648.jpg.webp\" alt=\"Varanda decorada com cadeira de balan\u00e7o, palmeiras e almofadas coloridas, criando um ambiente aconchegante.\" title=\"\"><figcaption class=\"wp-caption-text\">Varanda decorada com cadeira de balan\u00e7o, palmeiras e almofadas coloridas, criando um ambiente aconchegante.<\/figcaption><\/figure>\n<p>Um m\u00f3vel de madeira bem desenhado ali, com um vidro temperado ao fundo, resulta em um design harmonioso e de muito bom gosto. Afinal, quem n\u00e3o gostaria de ter um <b>ambiente integrado e funcional<\/b>? O uso de madeira traz aconchego e rusticidade, proporcionando um clima incr\u00edvel ao espa\u00e7o.<\/p>\n<h3>Varanda confort\u00e1vel<\/h3>\n<figure style=\"width: 1024px\" class=\"wp-caption aligncenter\"><img decoding=\"async\" src=\"https:\/\/www.aarquiteta.com.br\/blog\/wp-content\/uploads\/2025\/01\/confira-os-melhores-vidros-para-sacada03.jpg\" alt=\"Dicas para Transformar sua Varanda com Vidros para Sacada\" width=\"1024\" height=\"1024\" title=\"\"><figcaption class=\"wp-caption-text\">Dicas para Transformar sua Varanda com Vidros para Sacada<\/figcaption><\/figure>\n<p>Ah, conforto \u00e9 tudo, n\u00e3o \u00e9 mesmo? Portanto, <b>sof\u00e1s embutidos<\/b>, cheios de almofadas, s\u00e3o a pedida certa. Para isso, \u00e9 fundamental optar por materiais que resistam \u00e0 umidade e \u00e0s mudan\u00e7as de temperatura. E quem n\u00e3o ama um balan\u00e7o de corda e madeira? \u00c9 puro amor!<\/p>\n<h2>Produto recomendado e como escolher<\/h2>\n<p>Um detalhe importante que eu n\u00e3o poderia deixar de mencionar \u00e9 a <b>escolha correta do fornecedor<\/b>. Certifique-se de que a empresa possui bons produtos que respeitam as normas de seguran\u00e7a. Lembre-se que o barato pode sair caro, com quest\u00f5es de qualidade e seguran\u00e7a.<\/p>\n<h2>Conclus\u00e3o<\/h2>\n<p>Transformar sua sacada em um espa\u00e7o agrad\u00e1vel e seguro \u00e9 poss\u00edvel com a escolha dos vidros adequados e a correta decora\u00e7\u00e3o. <b>N\u00e3o esque\u00e7a de seguir as normas do seu condom\u00ednio<\/b> para evitar contratempos!<\/p>\n<p>&#8220;`<br \/>\n<figure style=\"width: 1024px\" class=\"wp-caption aligncenter\"><img decoding=\"async\" src=\"https:\/\/www.aarquiteta.com.br\/blog\/wp-content\/uploads\/2025\/01\/DIY-Balcony-feature-5b37b5be46e0fb0054fb1816.webp\" alt=\"Varanda com m\u00f3veis de madeira, banco embutido e espa\u00e7o para plantas, ideal para armazenamento e assentos adicionais.\" title=\"\"><figcaption class=\"wp-caption-text\">Varanda com m\u00f3veis de madeira, banco embutido e espa\u00e7o para plantas, ideal para armazenamento e assentos adicionais.<\/figcaption><\/figure>\n<figure style=\"width: 1024px\" class=\"wp-caption aligncenter\"><img decoding=\"async\" src=\"https:\/\/www.aarquiteta.com.br\/blog\/wp-content\/uploads\/2025\/01\/confira-os-melhores-vidros-para-sacada4.jpg\" alt=\"Dicas para Transformar sua Varanda com Vidros para Sacada\" width=\"1024\" height=\"1024\" title=\"\"><figcaption class=\"wp-caption-text\">Dicas para Transformar sua Varanda com Vidros para Sacada<\/figcaption><\/figure>\n<figure style=\"width: 1024px\" class=\"wp-caption aligncenter\"><img decoding=\"async\" src=\"https:\/\/www.aarquiteta.com.br\/blog\/wp-content\/uploads\/2025\/01\/7290a3015cb974cca3dded0ad0a98535.jpg.webp\" alt=\"Varanda confort\u00e1vel com sof\u00e1s embutidos, almofadas de couro e balan\u00e7os de madeira, oferecendo um toque l\u00fadico.\" title=\"\"><figcaption class=\"wp-caption-text\">Varanda confort\u00e1vel com sof\u00e1s embutidos, almofadas de couro e balan\u00e7os de madeira, oferecendo um toque l\u00fadico.<\/figcaption><\/figure>\n<p><iframe title=\"YouTube video player\" src=\"https:\/\/www.youtube.com\/embed\/-OvReCrYSLM\" width=\"560\" height=\"315\" frameborder=\"0\" allowfullscreen=\"allowfullscreen\"><\/iframe><\/p>\n<img decoding=\"async\" src=\"\" alt=\"\" title=\"\">\n","protected":false},"excerpt":{"rendered":"<p>Descubra como escolher os melhores vidros para sacada e transforme sua varanda em um espa\u00e7o confort\u00e1vel e aconchegante.<\/p>\n","protected":false},"author":102,"featured_media":139460,"comment_status":"closed","ping_status":"closed","sticky":false,"template":"","format":"standard","meta":{"footnotes":""},"categories":[1507,6,249],"tags":[],"class_list":["post-139465","post","type-post","status-publish","format-standard","has-post-thumbnail","category-arquitetura","category-carreira-de-arquitetura","category-engenharia-e-construcao-civil"],"_wp_attached_file":null,"_wp_attachment_metadata":null,"_wp_attachment_context":null,"_wp_attachment_is_custom_header":null,"geo_longitude":null,"geo_public":null,"geo_latitude":null,"_publicize_done_external":null,"_wpas_done_3897181":null,"publicize_twitter_user":null,"_wpas_done_3897175":null,"_wpas_skip_3897181":null,"_wpas_skip_3897175":null,"_wpas_skip_3924723":null,"_wpas_mess":null,"_wpas_done_3924723":null,"wps_subtitle":"","_links":{"self":[{"href":"https:\/\/www.aarquiteta.com.br\/blog\/wp-json\/wp\/v2\/posts\/139465","targetHints":{"allow":["GET"]}}],"collection":[{"href":"https:\/\/www.aarquiteta.com.br\/blog\/wp-json\/wp\/v2\/posts"}],"about":[{"href":"https:\/\/www.aarquiteta.com.br\/blog\/wp-json\/wp\/v2\/types\/post"}],"author":[{"embeddable":true,"href":"https:\/\/www.aarquiteta.com.br\/blog\/wp-json\/wp\/v2\/users\/102"}],"replies":[{"embeddable":true,"href":"https:\/\/www.aarquiteta.com.br\/blog\/wp-json\/wp\/v2\/comments?post=139465"}],"version-history":[{"count":0,"href":"https:\/\/www.aarquiteta.com.br\/blog\/wp-json\/wp\/v2\/posts\/139465\/revisions"}],"wp:featuredmedia":[{"embeddable":true,"href":"https:\/\/www.aarquiteta.com.br\/blog\/wp-json\/wp\/v2\/media\/139460"}],"wp:attachment":[{"href":"https:\/\/www.aarquiteta.com.br\/blog\/wp-json\/wp\/v2\/media?parent=139465"}],"wp:term":[{"taxonomy":"category","embeddable":true,"href":"https:\/\/www.aarquiteta.com.br\/blog\/wp-json\/wp\/v2\/categories?post=139465"},{"taxonomy":"post_tag","embeddable":true,"href":"https:\/\/www.aarquiteta.com.br\/blog\/wp-json\/wp\/v2\/tags?post=139465"}],"curies":[{"name":"wp","href":"https:\/\/api.w.org\/{rel}","templated":true}]}}