{"id":139456,"date":"2025-01-03T09:44:59","date_gmt":"2025-01-03T12:44:59","guid":{"rendered":"https:\/\/www.aarquiteta.com.br\/blog\/hall-de-entrada-pequeno-2\/"},"modified":"2025-01-03T09:44:59","modified_gmt":"2025-01-03T12:44:59","slug":"hall-de-entrada-pequeno-2","status":"publish","type":"post","link":"https:\/\/www.aarquiteta.com.br\/blog\/hall-de-entrada-pequeno-2\/","title":{"rendered":"10 Boas Ideias para Decorar um Hall de Entrada Pequeno"},"content":{"rendered":"<p><body><\/p>\n<p>Descubra 30 ideias inspiradoras para decorar um hall de entrada pequeno, otimizando o espa\u00e7o com dicas pr\u00e1ticas e criativas que trazem funcionalidade e charme ao seu lar.<\/p>\n<h2>Introdu\u00e7\u00e3o<\/h2>\n<p>A decora\u00e7\u00e3o de um <b>hall de entrada pequeno<\/b> pode ser um desafio, mas com as estrat\u00e9gias certas, \u00e9 poss\u00edvel transformar esse espa\u00e7o em um ambiente acolhedor e funcional.<\/p>\n<h2>1. A Import\u00e2ncia do Hall de Entrada<\/h2>\n<p>O <b>hall de entrada<\/b> \u00e9 a primeira impress\u00e3o do seu lar, e sua decora\u00e7\u00e3o pode refletir sua personalidade e estilo. \u00c9 nesse espa\u00e7o que os visitantes sentem o tom que ser\u00e1 apresentado na casa inteira.<\/p>\n<h2>2. Cores e Estilos de Decora\u00e7\u00e3o<\/h2>\n<h3>2.1 Uso de Cores Atrativas<\/h3>\n<figure style=\"width: 1024px\" class=\"wp-caption aligncenter\"><img decoding=\"async\" src=\"https:\/\/www.aarquiteta.com.br\/blog\/wp-content\/uploads\/2025\/01\/hall-de-entrada-pequeno-5-730x913.jpg\" alt=\"Alessandra Braggion\" title=\"\"><figcaption class=\"wp-caption-text\">Alessandra Braggion<\/figcaption><\/figure>\n<p>As cores t\u00eam um papel crucial na atmosfera de um ambiente. <b>Cores claras<\/b> ajudam a ampliar visualmente o espa\u00e7o, enquanto toques de cores vibrantes podem trazer vida e energia ao hall. N\u00e3o tenha medo de misturar e combinar!<\/p>\n<h3>2.2 A Magia dos Revestimentos 3D<\/h3>\n<figure style=\"width: 1024px\" class=\"wp-caption aligncenter\"><img decoding=\"async\" src=\"https:\/\/www.aarquiteta.com.br\/blog\/wp-content\/uploads\/2025\/01\/hall-de-entrada-pequeno01.jpg\" alt=\"30 Boas Ideias para Decorar um Hall de Entrada Pequeno\" width=\"1024\" height=\"1024\" title=\"\"><figcaption class=\"wp-caption-text\">30 Boas Ideias para Decorar um Hall de Entrada Pequeno<\/figcaption><\/figure>\n<p>Os <b>revestimentos 3D<\/b> s\u00e3o uma tend\u00eancia que n\u00e3o apenas embelezam, mas tamb\u00e9m adicionam profundidade ao espa\u00e7o. Apostar em pain\u00e9is texturizados pode transformar seu hall de entrada em uma verdadeira obra de arte.<\/p>\n<h2>3. Mobili\u00e1rio Funcional e Organiza\u00e7\u00e3o<\/h2>\n<h3>3.1 Cabideiros e Aparadores Suspensos<\/h3>\n<figure style=\"width: 1024px\" class=\"wp-caption aligncenter\"><img decoding=\"async\" src=\"https:\/\/www.aarquiteta.com.br\/blog\/wp-content\/uploads\/2025\/01\/hall-de-entrada-pequeno-0.jpg\" alt=\"Est\u00fadio Mar\u00e9\" title=\"\"><figcaption class=\"wp-caption-text\">Est\u00fadio Mar\u00e9<\/figcaption><\/figure>\n<p>Para optimizar espa\u00e7o, os <b>cabideiros<\/b> e aparadores suspensos s\u00e3o essenciais. Eles permitem que voc\u00ea armazene facilmente casacos e acess\u00f3rios, mantendo a \u00e1rea organizada e livre de bagun\u00e7a.<\/p>\n<h3>3.2 A Import\u00e2ncia dos Cestos Organizadores<\/h3>\n<figure style=\"width: 1024px\" class=\"wp-caption aligncenter\"><img decoding=\"async\" src=\"https:\/\/www.aarquiteta.com.br\/blog\/wp-content\/uploads\/2025\/01\/hall-de-entrada-pequeno02.jpg\" alt=\"30 Boas Ideias para Decorar um Hall de Entrada Pequeno\" width=\"1024\" height=\"1024\" title=\"\"><figcaption class=\"wp-caption-text\">30 Boas Ideias para Decorar um Hall de Entrada Pequeno<\/figcaption><\/figure>\n<p>Os <b>cestos organizadores<\/b> s\u00e3o verdadeiros aliados na hora de acumular objetos soltos. Al\u00e9m de manter a ordem, eles adicionam um toque de <b>aconchego<\/b> \u00e0 decora\u00e7\u00e3o.<\/p>\n<h2>4. Elementos Decorativos e Aconchego<\/h2>\n<h3>4.1 Plantas e Vasos como Acess\u00f3rios<\/h3>\n<figure style=\"width: 1024px\" class=\"wp-caption aligncenter\"><img decoding=\"async\" src=\"https:\/\/www.aarquiteta.com.br\/blog\/wp-content\/uploads\/2025\/01\/hall-de-entrada-pequeno-1-730x913.jpg\" alt=\"Natalia Salla Arquitetura\" title=\"\"><figcaption class=\"wp-caption-text\">Natalia Salla Arquitetura<\/figcaption><\/figure>\n<p>Adicionar <b>plantas<\/b> no hall de entrada n\u00e3o s\u00f3 embeleza, mas tamb\u00e9m purifica o ar. Escolha vasos que complementem a sua decora\u00e7\u00e3o e tragam um visual leve.<\/p>\n<h3>4.2 Como Quadros e Arte Aumentam o Charme<\/h3>\n<figure style=\"width: 1024px\" class=\"wp-caption aligncenter\"><img decoding=\"async\" src=\"https:\/\/www.aarquiteta.com.br\/blog\/wp-content\/uploads\/2025\/01\/hall-de-entrada-pequeno03.jpg\" alt=\"30 Boas Ideias para Decorar um Hall de Entrada Pequeno\" width=\"1024\" height=\"1024\" title=\"\"><figcaption class=\"wp-caption-text\">30 Boas Ideias para Decorar um Hall de Entrada Pequeno<\/figcaption><\/figure>\n<p>Quadros ou arte de parede s\u00e3o fundamentais para dar personalidade ao espa\u00e7o. Eles podem ser uma conversa interessante para os visitantes e ajudam a definir o seu estilo pessoal.<\/p>\n<h2>5. Ilumina\u00e7\u00e3o e Espelhos<\/h2>\n<h3>5.1 Amplie o Espa\u00e7o com Espelhos<\/h3>\n<figure style=\"width: 1024px\" class=\"wp-caption aligncenter\"><img decoding=\"async\" src=\"https:\/\/tuacasa.uol.com.br\/wp-content\/uploads\/2021\/08\/hall-de-entrada-pequeno-2-730x846.jpg\" alt=\"Doma Arquitetura\" title=\"\"><figcaption class=\"wp-caption-text\">Doma Arquitetura<\/figcaption><\/figure>\n<p>Espelhos s\u00e3o m\u00e1gicos! Eles n\u00e3o s\u00f3 refletem luz, como tamb\u00e9m <b>ampliam<\/b> visualmente o espa\u00e7o. Um espelho estrategicamente posicionado pode transformar completamente seu hall.<\/p>\n<h3>5.2 Ilumina\u00e7\u00e3o Adequada para um Ambiente Aconchegante<\/h3>\n<figure style=\"width: 1024px\" class=\"wp-caption aligncenter\"><img decoding=\"async\" src=\"https:\/\/www.aarquiteta.com.br\/blog\/wp-content\/uploads\/2025\/01\/hall-de-entrada-pequeno4.jpg\" alt=\"30 Boas Ideias para Decorar um Hall de Entrada Pequeno\" width=\"1024\" height=\"1024\" title=\"\"><figcaption class=\"wp-caption-text\">30 Boas Ideias para Decorar um Hall de Entrada Pequeno<\/figcaption><\/figure>\n<p>Uma boa <b>ilumina\u00e7\u00e3o<\/b> \u00e9 crucial. Aposte em l\u00e2mpadas com luz amarelada para um ambiente acolhedor. Arandelas ou lumin\u00e1rias pendentes podem funcionar muito bem!<\/p>\n<h2>6. Personaliza\u00e7\u00e3o e Toques Finais<\/h2>\n<h3>6.1 Adicionando Pe\u00e7as que Refletem sua Personalidade<\/h3>\n<figure style=\"width: 1024px\" class=\"wp-caption aligncenter\"><img decoding=\"async\" src=\"https:\/\/www.aarquiteta.com.br\/blog\/wp-content\/uploads\/2025\/01\/hall-de-entrada-pequeno-3-730x973.jpg\" alt=\"Andrezza Alencar\" title=\"\"><figcaption class=\"wp-caption-text\">Andrezza Alencar<\/figcaption><\/figure>\n<p>Incorporar itens que tenham <b>significado<\/b> pessoal, como lembran\u00e7as de viagens ou objetos herdados, traz um toque \u00fanico ao espa\u00e7o. S\u00e3o essas pequenas coisas que contam a sua hist\u00f3ria!<\/p>\n<h3>6.2 Usando Frases e Mensagens Inspiradoras<\/h3>\n<h3>Para se aprofundar mais sobre o tema, veja a minha recomenda\u00e7\u00e3o sobre o tema deste artigo no v\u00eddeo a seguir abaixo:<\/h3>\n<p><iframe title=\"YouTube video player\" src=\"https:\/\/www.youtube.com\/embed\/1LnxPbNAtlk\" width=\"560\" height=\"315\" frameborder=\"0\" allowfullscreen=\"allowfullscreen\"><\/iframe><\/p>\n<p>Adicione uma parede de cita\u00e7\u00f5es ou uma frase inspiradora. Isso pode funcionar como um lembrete positivo para voc\u00ea e seus visitantes logo ao entrarem no seu lar.<\/p>\n<h2>Conclus\u00e3o<\/h2>\n<p>Um hall de entrada bem decorado pode trazer praticidade e aconchego ao seu espa\u00e7o. Com estas dicas, transforme seu pequeno hall de entrada em um ambiente funcional e charmoso. \u00c9 hora de p\u00f4r a m\u00e3o na massa e come\u00e7ar a criar o <b>hall dos seus sonhos<\/b>!<\/p>\n<p><\/body><br \/>\n<figure style=\"width: 1024px\" class=\"wp-caption aligncenter\"><img decoding=\"async\" src=\"https:\/\/www.aarquiteta.com.br\/blog\/wp-content\/uploads\/2025\/01\/hall-de-entrada-pequeno-4-730x913.jpg\" alt=\"Juliana Agner Arquitetura\" title=\"\"><figcaption class=\"wp-caption-text\">Juliana Agner Arquitetura<\/figcaption><\/figure>\n","protected":false},"excerpt":{"rendered":"<p>Descubra dicas pr\u00e1ticas e criativas para otimizar a decora\u00e7\u00e3o do seu hall de entrada, mesmo em espa\u00e7os pequenos.<\/p>\n","protected":false},"author":102,"featured_media":139450,"comment_status":"closed","ping_status":"closed","sticky":false,"template":"","format":"standard","meta":{"footnotes":""},"categories":[1484],"tags":[],"class_list":["post-139456","post","type-post","status-publish","format-standard","has-post-thumbnail","category-decoracao"],"_wp_attached_file":null,"_wp_attachment_metadata":null,"_wp_attachment_context":null,"_wp_attachment_is_custom_header":null,"geo_longitude":null,"geo_public":null,"geo_latitude":null,"_publicize_done_external":null,"_wpas_done_3897181":null,"publicize_twitter_user":null,"_wpas_done_3897175":null,"_wpas_skip_3897181":null,"_wpas_skip_3897175":null,"_wpas_skip_3924723":null,"_wpas_mess":null,"_wpas_done_3924723":null,"wps_subtitle":"","_links":{"self":[{"href":"https:\/\/www.aarquiteta.com.br\/blog\/wp-json\/wp\/v2\/posts\/139456","targetHints":{"allow":["GET"]}}],"collection":[{"href":"https:\/\/www.aarquiteta.com.br\/blog\/wp-json\/wp\/v2\/posts"}],"about":[{"href":"https:\/\/www.aarquiteta.com.br\/blog\/wp-json\/wp\/v2\/types\/post"}],"author":[{"embeddable":true,"href":"https:\/\/www.aarquiteta.com.br\/blog\/wp-json\/wp\/v2\/users\/102"}],"replies":[{"embeddable":true,"href":"https:\/\/www.aarquiteta.com.br\/blog\/wp-json\/wp\/v2\/comments?post=139456"}],"version-history":[{"count":0,"href":"https:\/\/www.aarquiteta.com.br\/blog\/wp-json\/wp\/v2\/posts\/139456\/revisions"}],"wp:featuredmedia":[{"embeddable":true,"href":"https:\/\/www.aarquiteta.com.br\/blog\/wp-json\/wp\/v2\/media\/139450"}],"wp:attachment":[{"href":"https:\/\/www.aarquiteta.com.br\/blog\/wp-json\/wp\/v2\/media?parent=139456"}],"wp:term":[{"taxonomy":"category","embeddable":true,"href":"https:\/\/www.aarquiteta.com.br\/blog\/wp-json\/wp\/v2\/categories?post=139456"},{"taxonomy":"post_tag","embeddable":true,"href":"https:\/\/www.aarquiteta.com.br\/blog\/wp-json\/wp\/v2\/tags?post=139456"}],"curies":[{"name":"wp","href":"https:\/\/api.w.org\/{rel}","templated":true}]}}