{"id":139442,"date":"2025-01-02T17:55:04","date_gmt":"2025-01-02T20:55:04","guid":{"rendered":"https:\/\/www.aarquiteta.com.br\/blog\/pedra-portuguesa-2\/"},"modified":"2025-01-02T17:55:04","modified_gmt":"2025-01-02T20:55:04","slug":"pedra-portuguesa-2","status":"publish","type":"post","link":"https:\/\/www.aarquiteta.com.br\/blog\/pedra-portuguesa-2\/","title":{"rendered":"Aproveite as Vantagens da Pedra Portuguesa na Decora\u00e7\u00e3o"},"content":{"rendered":"<p><body><\/p>\n<p>A <b>pedra portuguesa<\/b> \u00e9 um revestimento vers\u00e1til que transforma ambientes com suas diversas cores e possibilidades decorativas. Ela \u00e9 ideal para espa\u00e7os internos e externos, garantindo uma est\u00e9tica refinada e moderna a qualquer projeto.<\/p>\n<h2>Principais Destaques do Artigo<\/h2>\n<ul>\n<li><b>Versatilidade das Cores:<\/b> A pedra portuguesa pode ser encontrada em v\u00e1rias tonalidades, cada uma trazendo uma proposta \u00fanica para diferentes ambientes.<\/li>\n<li><b>M\u00faltiplas Aplica\u00e7\u00f5es:<\/b> Desde entradas criativas at\u00e9 fachadas arrojadas, a forma como a pedra \u00e9 utilizada redefine o conceito de modernidade.<\/li>\n<li><b>Considera\u00e7\u00f5es de Pre\u00e7o:<\/b> Entender como e por que os pre\u00e7os variam \u00e9 crucial para quem deseja investir neste material.<\/li>\n<li><b>Assentamento Adequado:<\/b> Dicas do processo de instala\u00e7\u00e3o garantem um resultado final impec\u00e1vel, valorizando ainda mais o projeto.<\/li>\n<li><b>Beleza Duradoura:<\/b> O uso da pedra portuguesa n\u00e3o s\u00f3 embeleza, mas tamb\u00e9m traz uma modernidade atemporal aos ambientes.<\/li>\n<\/ul>\n<h2>Introdu\u00e7\u00e3o<\/h2>\n<p>Quando pensamos em um revestimento que une <b>estilo<\/b> e <b>funcionalidade<\/b>, n\u00e3o posso deixar de me lembrar da pedra portuguesa. Conhecida por sua beleza e pela facilidade de aplica\u00e7\u00e3o, ela se tornou uma estrela nos projetos de arquitetura e decora\u00e7\u00e3o. Este material \u00e9 uma verdadeira coringa, permitindo que o arquiteto brinque com texturas, cores e formatos.<\/p>\n<h2>Cores da Pedra Portuguesa<\/h2>\n<p>Uma das caracter\u00edsticas que mais encanta na pedra portuguesa \u00e9 a sua variedade de <b>cores<\/b>. Cada tonalidade agrega uma nova dimens\u00e3o ao projeto e suas possibilidades s\u00e3o vastas. Vamos conferir um pouco sobre as principais cores dispon\u00edveis:<\/p>\n<h3>1. Branco: Sofistica\u00e7\u00e3o e Clean<\/h3>\n<figure style=\"width: 1024px\" class=\"wp-caption aligncenter\"><img decoding=\"async\" src=\"https:\/\/www.aarquiteta.com.br\/blog\/wp-content\/uploads\/2025\/01\/pedra-portuguesa01.jpg\" alt=\"Aproveite as Vantagens da Pedra Portuguesa na Decora\u00e7\u00e3o\" width=\"1024\" height=\"1024\" title=\"\"><figcaption class=\"wp-caption-text\">Aproveite as Vantagens da Pedra Portuguesa na Decora\u00e7\u00e3o<\/figcaption><\/figure>\n<p>O branco sempre estar\u00e1 no topo das prefer\u00eancias quando se busca um <b>aspecto clean<\/b>. Ele ilumina e amplia os espa\u00e7os, sendo \u00f3timo para quem gosta de ambientes mais arejados.<\/p>\n<h3>2. Amarelo: R\u00fastico e Discreto<\/h3>\n<figure style=\"width: 1024px\" class=\"wp-caption aligncenter\"><img decoding=\"async\" src=\"https:\/\/www.aarquiteta.com.br\/blog\/wp-content\/uploads\/2025\/01\/pedra-portuguesa-19-730x730.jpg\" alt=\"\u00c9 a cor mais forte e chamativa dentre todas as op\u00e7\u00f5es.\" title=\"\"><figcaption class=\"wp-caption-text\">\u00c9 a cor mais forte e chamativa dentre todas as op\u00e7\u00f5es.<\/figcaption><\/figure>\n<p>Um <b>amarelo<\/b> suave traz um toque r\u00fastico, perfeito para \u00e1reas externas e combina\u00e7\u00f5es com plantas e outros materiais naturais.<\/p>\n<h3>3. Vermelho: Atraente e Marcante<\/h3>\n<figure style=\"width: 1024px\" class=\"wp-caption aligncenter\"><img decoding=\"async\" src=\"https:\/\/www.aarquiteta.com.br\/blog\/wp-content\/uploads\/2025\/01\/pedra-portuguesa-00.jpg\" alt=\"Famosa por decorar o cal\u00e7ad\u00e3o de Copacabana, a pedra portuguesa tem seu espa\u00e7o garantido entre as prefer\u00eancias de arquitetos e designers.\" title=\"\"><figcaption class=\"wp-caption-text\">Famosa por decorar o cal\u00e7ad\u00e3o de Copacabana, a pedra portuguesa tem seu espa\u00e7o garantido entre as prefer\u00eancias de arquitetos e designers.<\/figcaption><\/figure>\n<p>E quem n\u00e3o ama um vermelho vibrante? Essa cor \u00e9 perfeita para quem deseja uma presen\u00e7a forte, principalmente em <b>fachadas<\/b>.<\/p>\n<h3>4. Preto: Eleg\u00e2ncia e Modernidade<\/h3>\n<figure style=\"width: 1024px\" class=\"wp-caption aligncenter\"><img decoding=\"async\" src=\"https:\/\/www.aarquiteta.com.br\/blog\/wp-content\/uploads\/2025\/01\/pedra-portuguesa02.jpg\" alt=\"Aproveite as Vantagens da Pedra Portuguesa na Decora\u00e7\u00e3o\" width=\"1024\" height=\"1024\" title=\"\"><figcaption class=\"wp-caption-text\">Aproveite as Vantagens da Pedra Portuguesa na Decora\u00e7\u00e3o<\/figcaption><\/figure>\n<p>O <b>preto<\/b> \u00e9, sem d\u00favida, a escolha de quem busca algo mais contempor\u00e2neo. Ele combina bem com qualquer outra cor e pode ser o detalhe que falta em um interior sofisticado.<\/p>\n<h3>5. Cinza: Versatilidade e Naturalidade<\/h3>\n<figure style=\"width: 1024px\" class=\"wp-caption aligncenter\"><img decoding=\"async\" src=\"https:\/\/www.aarquiteta.com.br\/blog\/wp-content\/uploads\/2025\/01\/pedra-portuguesa-01-730x785.png\" alt=\"Com o aumento da procura por esse tipo de revestimento, as pedras preta e branca ganharam concorrentes com cores diferentes, que proporcionem uma composi\u00e7\u00e3o mais flex\u00edvel e diferente.\" title=\"\"><figcaption class=\"wp-caption-text\">Com o aumento da procura por esse tipo de revestimento, as pedras preta e branca ganharam concorrentes com cores diferentes, que proporcionem uma composi\u00e7\u00e3o mais flex\u00edvel e diferente.<\/figcaption><\/figure>\n<p>\u00daltimamente, o cinza vem ganhando espa\u00e7o. Essa cor, al\u00e9m de <b>vers\u00e1til<\/b>, proporciona uma sensa\u00e7\u00e3o de aconchego e ao mesmo tempo modernidade.<\/p>\n<h3>6. Multicor: R\u00fastico e Diferenciado<\/h3>\n<figure style=\"width: 1024px\" class=\"wp-caption aligncenter\"><img decoding=\"async\" src=\"https:\/\/www.aarquiteta.com.br\/blog\/wp-content\/uploads\/2025\/01\/pedra-portuguesa03.jpg\" alt=\"Aproveite as Vantagens da Pedra Portuguesa na Decora\u00e7\u00e3o\" width=\"1024\" height=\"1024\" title=\"\"><figcaption class=\"wp-caption-text\">Aproveite as Vantagens da Pedra Portuguesa na Decora\u00e7\u00e3o<\/figcaption><\/figure>\n<p>Por fim, a pedra multicor \u00e9 uma presen\u00e7a marcante que traz um ar <b>r\u00fastico<\/b> e especial, ideal para quem busca exclusividade na decora\u00e7\u00e3o.<\/p>\n<h2>25 Maneiras de Usar a Pedra Portuguesa<\/h2>\n<p>Se voc\u00ea est\u00e1 pensando em incorporar a pedra portuguesa na sua decora\u00e7\u00e3o, aqui v\u00e3o algumas ideias de uso que podem te inspirar:<\/p>\n<h3>1. Criando Entradas Criativas<\/h3>\n<figure style=\"width: 1024px\" class=\"wp-caption aligncenter\"><img decoding=\"async\" src=\"https:\/\/www.aarquiteta.com.br\/blog\/wp-content\/uploads\/2025\/01\/pedra-portuguesa-1-730x377.jpg\" alt=\"A cor branca \u00e9 uma das mais comuns e conta com as varia\u00e7\u00f5es de tons neve e gelo, que se diferenciam por serem mais claras ou escuras.\" title=\"\"><figcaption class=\"wp-caption-text\">A cor branca \u00e9 uma das mais comuns e conta com as varia\u00e7\u00f5es de tons neve e gelo, que se diferenciam por serem mais claras ou escuras.<\/figcaption><\/figure>\n<p>Imagine receber seus convidados com uma entrada digna de <b>cinema<\/b>. A pedra portuguesa pode transformar esse espa\u00e7o em n\u00e3o s\u00f3 uma passagem, mas uma verdadeira obra de arte.<\/p>\n<h3>2. Escadas Clean<\/h3>\n<figure style=\"width: 1024px\" class=\"wp-caption aligncenter\"><img decoding=\"async\" src=\"https:\/\/www.aarquiteta.com.br\/blog\/wp-content\/uploads\/2025\/01\/pedra-portuguesa4.jpg\" alt=\"Aproveite as Vantagens da Pedra Portuguesa na Decora\u00e7\u00e3o\" width=\"1024\" height=\"1024\" title=\"\"><figcaption class=\"wp-caption-text\">Aproveite as Vantagens da Pedra Portuguesa na Decora\u00e7\u00e3o<\/figcaption><\/figure>\n<p>Utilizar a pedra em escadas traz leveza e uma apar\u00eancia moderna. Estou sempre surpreso com os resultados e a sensa\u00e7\u00e3o de continua\u00e7\u00e3o nos ambientes.<\/p>\n<h3>3. Detalhes Incr\u00edveis no Banheiro<\/h3>\n<figure style=\"width: 1024px\" class=\"wp-caption aligncenter\"><img decoding=\"async\" src=\"https:\/\/www.aarquiteta.com.br\/blog\/wp-content\/uploads\/2025\/01\/pedra-portuguesa-9-730x730.jpg\" alt=\"Apesar de amarelo, o tom conta com um efeito mais r\u00fastico e discreto, diferente da proposta original da cor.\" title=\"\"><figcaption class=\"wp-caption-text\">Apesar de amarelo, o tom conta com um efeito mais r\u00fastico e discreto, diferente da proposta original da cor.<\/figcaption><\/figure>\n<p>O banheiro pode e deve ser um espa\u00e7o de <b>luxo<\/b>. Um acabamento em pedra portuguesa cria um ambiente sofisticado e convidativo.<\/p>\n<h3>4. Fachadas Arrojadas<\/h3>\n<p><iframe title=\"YouTube video player\" src=\"https:\/\/www.youtube.com\/embed\/Ls3UgOI6bq8\" width=\"560\" height=\"315\" frameborder=\"0\" allowfullscreen=\"allowfullscreen\"><\/iframe><\/p>\n<p>Uma fachada bem projetada \u00e9 como um cart\u00e3o de visita. A pedra portuguesa pode ser a estrela nesta apresenta\u00e7\u00e3o, baseada nas tonalidades escolhidas.<\/p>\n<h3>5. Ambientes Externos Charmosos<\/h3>\n<p>As varandas e quintais merecem aten\u00e7\u00e3o especial. Usar pedra portuguesa contribui para um <b>ambiente acolhedor<\/b> e agrad\u00e1vel, perfeito para um chazinho ao p\u00f4r do sol.<\/p>\n<h2>Pre\u00e7o da Pedra Portuguesa<\/h2>\n<p>Entender os pre\u00e7os da pedra portuguesa \u00e9 crucial. Eles variam conforme a tonalidade e o tipo escolhido, que pode ir de R$15 a R$30 por metro quadrado. Mas desconfie de <b>pre\u00e7os muito baixos<\/b>; qualidade \u00e9 fundamental!<\/p>\n<h2>Assentamento da Pedra Portuguesa<\/h2>\n<p>Um projeto bem feito come\u00e7a com um assentamento adequado. A pedra requer aten\u00e7\u00e3o ao detalhe, principalmente na <b>escolha dos padr\u00f5es<\/b> e desenhos para garantir a uniformidade.<\/p>\n<h2>Conclus\u00e3o<\/h2>\n<p>Em resumo, a <b>pedra portuguesa<\/b> \u00e9 uma op\u00e7\u00e3o incr\u00edvel que, quando bem utilizada, transforma espa\u00e7os, trazendo n\u00e3o s\u00f3 beleza, mas tamb\u00e9m uma ess\u00eancia de modernidade e sofistica\u00e7\u00e3o. Quero convidar voc\u00ea a explorar as tonalidades e aplica\u00e7\u00f5es desse material, criando um espa\u00e7o \u00fanico e acolhedor para voc\u00ea e sua fam\u00edlia!<\/p>\n<p><\/body><br \/>\n<figure style=\"width: 1024px\" class=\"wp-caption aligncenter\"><img decoding=\"async\" src=\"https:\/\/www.aarquiteta.com.br\/blog\/wp-content\/uploads\/2025\/01\/pedra-portuguesa-10-730x913.jpg\" alt=\"Disputando com a cor branca, a pedra portuguesa preta tamb\u00e9m \u00e9 bem acess\u00edvel.\" title=\"\"><figcaption class=\"wp-caption-text\">Disputando com a cor branca, a pedra portuguesa preta tamb\u00e9m \u00e9 bem acess\u00edvel.<\/figcaption><\/figure>\n","protected":false},"excerpt":{"rendered":"<p>Descubra como a pedra portuguesa pode transformar ambientes com suas variadas cores e aplica\u00e7\u00f5es, trazendo beleza e sofistica\u00e7\u00e3o.<\/p>\n","protected":false},"author":102,"featured_media":139435,"comment_status":"closed","ping_status":"closed","sticky":false,"template":"","format":"standard","meta":{"footnotes":""},"categories":[1507,249],"tags":[],"class_list":["post-139442","post","type-post","status-publish","format-standard","has-post-thumbnail","category-arquitetura","category-engenharia-e-construcao-civil"],"_wp_attached_file":null,"_wp_attachment_metadata":null,"_wp_attachment_context":null,"_wp_attachment_is_custom_header":null,"geo_longitude":null,"geo_public":null,"geo_latitude":null,"_publicize_done_external":null,"_wpas_done_3897181":null,"publicize_twitter_user":null,"_wpas_done_3897175":null,"_wpas_skip_3897181":null,"_wpas_skip_3897175":null,"_wpas_skip_3924723":null,"_wpas_mess":null,"_wpas_done_3924723":null,"wps_subtitle":"","_links":{"self":[{"href":"https:\/\/www.aarquiteta.com.br\/blog\/wp-json\/wp\/v2\/posts\/139442","targetHints":{"allow":["GET"]}}],"collection":[{"href":"https:\/\/www.aarquiteta.com.br\/blog\/wp-json\/wp\/v2\/posts"}],"about":[{"href":"https:\/\/www.aarquiteta.com.br\/blog\/wp-json\/wp\/v2\/types\/post"}],"author":[{"embeddable":true,"href":"https:\/\/www.aarquiteta.com.br\/blog\/wp-json\/wp\/v2\/users\/102"}],"replies":[{"embeddable":true,"href":"https:\/\/www.aarquiteta.com.br\/blog\/wp-json\/wp\/v2\/comments?post=139442"}],"version-history":[{"count":0,"href":"https:\/\/www.aarquiteta.com.br\/blog\/wp-json\/wp\/v2\/posts\/139442\/revisions"}],"wp:featuredmedia":[{"embeddable":true,"href":"https:\/\/www.aarquiteta.com.br\/blog\/wp-json\/wp\/v2\/media\/139435"}],"wp:attachment":[{"href":"https:\/\/www.aarquiteta.com.br\/blog\/wp-json\/wp\/v2\/media?parent=139442"}],"wp:term":[{"taxonomy":"category","embeddable":true,"href":"https:\/\/www.aarquiteta.com.br\/blog\/wp-json\/wp\/v2\/categories?post=139442"},{"taxonomy":"post_tag","embeddable":true,"href":"https:\/\/www.aarquiteta.com.br\/blog\/wp-json\/wp\/v2\/tags?post=139442"}],"curies":[{"name":"wp","href":"https:\/\/api.w.org\/{rel}","templated":true}]}}