{"id":139431,"date":"2025-01-02T17:39:22","date_gmt":"2025-01-02T20:39:22","guid":{"rendered":"https:\/\/www.aarquiteta.com.br\/blog\/prateleira-rustica-2\/"},"modified":"2025-01-02T17:39:22","modified_gmt":"2025-01-02T20:39:22","slug":"prateleira-rustica-2","status":"publish","type":"post","link":"https:\/\/www.aarquiteta.com.br\/blog\/prateleira-rustica-2\/","title":{"rendered":"Conhe\u00e7a 10 Ideias de Prateleiro R\u00fastica para Decorar Seu Lar"},"content":{"rendered":"<p><body><\/p>\n<p>A prateleira r\u00fastica se destaca como uma solu\u00e7\u00e3o incr\u00edvel para quem busca adicionar <b>charme<\/b> e aconchego ao ambiente, combinando beleza e praticidade. Neste artigo, irei compartilhar inspira\u00e7\u00f5es, tutoriais e dicas que ajudar\u00e3o a transformar seu espa\u00e7o com este elemento t\u00e3o vers\u00e1til.<\/p>\n<h2>Introdu\u00e7\u00e3o<\/h2>\n<p>Quando falamos em <b>decora\u00e7\u00e3o r\u00fastica<\/b>, a prateleira \u00e9 uma das pe\u00e7as que mais trazem essa sensa\u00e7\u00e3o de acolhimento e estilo. Meu objetivo aqui \u00e9 mostrar como essas prateleiras podem ser incorporadas em diferentes ambientes, trazendo funcionalidade e beleza. Vamos explorar juntos as diversas formas de usar esse item!<\/p>\n<h2>1. Vantagens da Prateleira R\u00fastica<\/h2>\n<h3>1.1 Estilo e aconchego na decora\u00e7\u00e3o<\/h3>\n<figure style=\"width: 1024px\" class=\"wp-caption aligncenter\"><img decoding=\"async\" src=\"https:\/\/www.aarquiteta.com.br\/blog\/wp-content\/uploads\/2025\/01\/prateleira-rustica-2-730x912.jpg\" alt=\"As prateleiras r\u00fasticas se encaixam em qualquer ambiente e nunca saem de moda.\" title=\"\"><figcaption class=\"wp-caption-text\">As prateleiras r\u00fasticas se encaixam em qualquer ambiente e nunca saem de moda.<\/figcaption><\/figure>\n<p>Uma prateleira r\u00fastica \u00e9 a <b>receita ideal<\/b> para trazer um toque de natureza para dentro de casa. Seu aspecto inacabado e a textura da madeira s\u00e3o capazes de criar um ambiente <b>mais acolhedor<\/b>, seja na sala, cozinha ou at\u00e9 no banheiro. N\u00e3o h\u00e1 como negar: a rusticidade tem seu apelo!<\/p>\n<h3>1.2 Materiais naturais e sustent\u00e1veis<\/h3>\n<figure style=\"width: 1024px\" class=\"wp-caption aligncenter\"><img decoding=\"async\" src=\"https:\/\/www.aarquiteta.com.br\/blog\/wp-content\/uploads\/2025\/01\/prateleira-rustica01.jpg\" alt=\"Conhe\u00e7a 40 Ideias de Prateleiro R\u00fastica para Decorar Seu Lar\" width=\"1024\" height=\"1024\" title=\"\"><figcaption class=\"wp-caption-text\">Conhe\u00e7a 40 Ideias de Prateleiro R\u00fastica para Decorar Seu Lar<\/figcaption><\/figure>\n<p>Al\u00e9m do estilo, as prateleiras r\u00fasticas s\u00e3o frequentemente feitas de <b>materiais sustent\u00e1veis<\/b>, como a madeira de demoli\u00e7\u00e3o ou paletes reciclados. Dessa forma, voc\u00ea n\u00e3o s\u00f3 embeleza seu lar, como tamb\u00e9m contribui para a preserva\u00e7\u00e3o do meio ambiente. <b>Um verdadeiro win-win!<\/b><\/p>\n<h2>2. Ideias Criativas para Usar Prateleiras R\u00fasticas<\/h2>\n<h3>2.1 Em diferentes c\u00f4modos da casa<\/h3>\n<figure style=\"width: 1024px\" class=\"wp-caption aligncenter\"><img decoding=\"async\" src=\"https:\/\/www.aarquiteta.com.br\/blog\/wp-content\/uploads\/2025\/01\/prateleira-rustica-capa-1.jpg\" alt=\"A prateleira r\u00fastica \u00e9 perfeita para dar um toque rural e aconchegante ao ambiente.\" title=\"\"><figcaption class=\"wp-caption-text\">A prateleira r\u00fastica \u00e9 perfeita para dar um toque rural e aconchegante ao ambiente.<\/figcaption><\/figure>\n<p>As prateleiras r\u00fasticas n\u00e3o t\u00eam limites! Elas podem ser usadas em diversos locais da casa, como na <b>cozinha<\/b>, para armazenar temperos e utens\u00edlios, ou na sala, para exibir suas <b>decora\u00e7\u00f5es<\/b> favoritas. Al\u00e9m disso, s\u00e3o \u00f3timas para corredores e at\u00e9 banheiros, proporcionando um charme especial.<\/p>\n<h3>2.2 Otimizando espa\u00e7os reduzidos<\/h3>\n<figure style=\"width: 1024px\" class=\"wp-caption aligncenter\"><img decoding=\"async\" src=\"https:\/\/www.aarquiteta.com.br\/blog\/wp-content\/uploads\/2025\/01\/prateleira-rustica02.jpg\" alt=\"Conhe\u00e7a 40 Ideias de Prateleiro R\u00fastica para Decorar Seu Lar\" width=\"1024\" height=\"1024\" title=\"\"><figcaption class=\"wp-caption-text\">Conhe\u00e7a 40 Ideias de Prateleiro R\u00fastica para Decorar Seu Lar<\/figcaption><\/figure>\n<p>Se voc\u00ea tem um espa\u00e7o pequeno, as prateleiras s\u00e3o uma <b>solu\u00e7\u00e3o perfeita<\/b> para otimizar a \u00e1rea e ainda manter tudo organizado. Utilize prateleiras flutuantes ou suspensas, que d\u00e3o a ilus\u00e3o de amplitude e ajudam a liberar o ch\u00e3o, criando um ambiente mais arejado.<\/p>\n<h2>3. Tipos de Prateleiras R\u00fasticas<\/h2>\n<h3>3.1 Prateleira de palete<\/h3>\n<figure style=\"width: 1024px\" class=\"wp-caption aligncenter\"><img decoding=\"async\" src=\"https:\/\/www.aarquiteta.com.br\/blog\/wp-content\/uploads\/2025\/01\/prateleiras-criativas-capa-0-286x160.png\" alt=\"A prateleira r\u00fastica \u00e9 ideal para organizar os itens na cozinha, trazendo um toque natural ao ambiente.\" title=\"\"><figcaption class=\"wp-caption-text\">A prateleira r\u00fastica \u00e9 ideal para organizar os itens na cozinha, trazendo um toque natural ao ambiente.<\/figcaption><\/figure>\n<p>A prateleira de <b>palete<\/b> \u00e9 uma op\u00e7\u00e3o econ\u00f4mica e super na moda! Feita de madeira reciclada, elas podem ser usadas em diversos ambientes, do quarto \u00e0 sala, e aceitam v\u00e1rios tipos de acabamentos. Al\u00e9m de pr\u00e1ticas, trazem um toque r\u00fastico inconfund\u00edvel.<\/p>\n<h3>3.2 Prateleira suspensa<\/h3>\n<figure style=\"width: 1024px\" class=\"wp-caption aligncenter\"><img decoding=\"async\" src=\"https:\/\/www.aarquiteta.com.br\/blog\/wp-content\/uploads\/2025\/01\/prateleira-rustica03.jpg\" alt=\"Conhe\u00e7a 40 Ideias de Prateleiro R\u00fastica para Decorar Seu Lar\" width=\"1024\" height=\"1024\" title=\"\"><figcaption class=\"wp-caption-text\">Conhe\u00e7a 40 Ideias de Prateleiro R\u00fastica para Decorar Seu Lar<\/figcaption><\/figure>\n<p>As prateleiras suspensas s\u00e3o ideais para dar um ar mais leve ao ambiente. Com cordas ou ganchos, elas criam um efeito original e <b>decorativo<\/b>, al\u00e9m de serem \u00f3timas para armazenar livros e plantinhas. Um charme \u00e0 parte que faz toda a diferen\u00e7a!<\/p>\n<h3>3.3 Prateleira com madeira de demoli\u00e7\u00e3o<\/h3>\n<figure style=\"width: 1024px\" class=\"wp-caption aligncenter\"><img decoding=\"async\" src=\"https:\/\/www.aarquiteta.com.br\/blog\/wp-content\/uploads\/2025\/01\/jardim-vertical-de-pallet-00-286x160.png\" alt=\"A prateleira r\u00fastica pode ser robusta e chamativa, ideal para decorar e organizar espa\u00e7os.\" title=\"\"><figcaption class=\"wp-caption-text\">A prateleira r\u00fastica pode ser robusta e chamativa, ideal para decorar e organizar espa\u00e7os.<\/figcaption><\/figure>\n<p>A <b>madeira de demoli\u00e7\u00e3o<\/b> \u00e9 perfeita para quem busca autenticidade. Cada pe\u00e7a conta uma hist\u00f3ria e, ao usar esse material, voc\u00ea estar\u00e1 promovendo um estilo \u00fanico e sustent\u00e1vel. Al\u00e9m disso, a durabilidade e resist\u00eancia dessa madeira s\u00e3o enormes, o que \u00e9 uma m\u00e3o na roda!<\/p>\n<h2>4. Como Fazer Sua Prateleira R\u00fastica<\/h2>\n<h3>4.1 Materiais necess\u00e1rios<\/h3>\n<figure style=\"width: 1024px\" class=\"wp-caption aligncenter\"><img decoding=\"async\" src=\"https:\/\/www.aarquiteta.com.br\/blog\/wp-content\/uploads\/2025\/01\/prateleira-rustica4.jpg\" alt=\"Conhe\u00e7a 40 Ideias de Prateleiro R\u00fastica para Decorar Seu Lar\" width=\"1024\" height=\"1024\" title=\"\"><figcaption class=\"wp-caption-text\">Conhe\u00e7a 40 Ideias de Prateleiro R\u00fastica para Decorar Seu Lar<\/figcaption><\/figure>\n<p>Para quem gosta de p\u00f4r a m\u00e3o na massa, fazer uma prateleira r\u00fastica \u00e9 mais simples do que parece! Voc\u00ea precisar\u00e1 de madeira, lixa, parafusos, suportes e, dependendo do modelo, cordas ou ganchos. <b>N\u00e3o se esque\u00e7a do acabamento!<\/b><\/p>\n<h3>4.2 Passo a passo para diferentes modelos<\/h3>\n<figure style=\"width: 1024px\" class=\"wp-caption aligncenter\"><img decoding=\"async\" src=\"https:\/\/www.aarquiteta.com.br\/blog\/wp-content\/uploads\/2025\/01\/como-usar-moveis-de-paletes-286x160.jpg\" alt=\"As prateleiras r\u00fasticas s\u00e3o \u00f3timas para otimizar o espa\u00e7o e deixar o ambiente mais acolhedor.\" title=\"\"><figcaption class=\"wp-caption-text\">As prateleiras r\u00fasticas s\u00e3o \u00f3timas para otimizar o espa\u00e7o e deixar o ambiente mais acolhedor.<\/figcaption><\/figure>\n<p>O passo a passo varia de acordo com o modelo que voc\u00ea deseja fazer. Para uma prateleira de palete, por exemplo, basta desmontar o palete, lixar as t\u00e1buas e fix\u00e1-las na parede com suportes. J\u00e1 para a prateleira suspensa, a ideia \u00e9 fixar as cordas de forma segura e pendur\u00e1-las em alturas diferentes, criando um efeito visual muito agrad\u00e1vel. <b>Criatividade na hora de usar!<\/b><\/p>\n<h2>5. Combina\u00e7\u00f5es e Estilos de Decora\u00e7\u00e3o<\/h2>\n<h3>5.1 Prateleiras r\u00fasticas com elementos modernos<\/h3>\n<h3>Para se aprofundar mais sobre o tema, veja a minha recomenda\u00e7\u00e3o sobre o tema deste artigo no v\u00eddeo a seguir abaixo:<\/h3>\n<p><iframe title=\"YouTube video player\" src=\"https:\/\/www.youtube.com\/embed\/mP7zq8riSg8\" width=\"560\" height=\"315\" frameborder=\"0\" allowfullscreen=\"allowfullscreen\"><\/iframe><\/p>\n<p>Uma tend\u00eancia que vem ganhando for\u00e7a \u00e9 a combina\u00e7\u00e3o de elementos <b>r\u00fasticos<\/b> e modernos. Usar prateleiras de madeira com objetos contempor\u00e2neos cria um contraste interessante e pode deixar o ambiente mais acolhedor e estiloso ao mesmo tempo.<\/p>\n<h3>5.2 Integrando plantas na decora\u00e7\u00e3o<\/h3>\n<figure style=\"width: 1024px\" class=\"wp-caption aligncenter\"><img decoding=\"async\" src=\"https:\/\/www.aarquiteta.com.br\/blog\/wp-content\/uploads\/2025\/01\/prateleira-rustica-1-730x913.jpg\" alt=\"A prateleira r\u00fastica combina com todos os tipos de plantas, trazendo beleza e funcionalidade.\" title=\"\"><figcaption class=\"wp-caption-text\">A prateleira r\u00fastica combina com todos os tipos de plantas, trazendo beleza e funcionalidade.<\/figcaption><\/figure>\n<p>As prateleiras r\u00fasticas s\u00e3o perfeitas para expor suas plantinhas! Trazer a natureza para dentro de casa \u00e9 sempre uma boa ideia, e com prateleiras bem posicionadas, voc\u00ea consegue dar destaque a flores, suculentas e outras belezuras. <b>A natureza sempre combina!<\/b><\/p>\n<h2>6. Manuten\u00e7\u00e3o e Cuidados com Prateleiras R\u00fasticas<\/h2>\n<h3>6.1 Limpeza e conserva\u00e7\u00e3o da madeira<\/h3>\n<p>Manter suas prateleiras sempre limpinhas \u00e9 essencial. Use um pano \u00famido e evite produtos muito fortes, que podem danificar a madeira. Uma conserva\u00e7\u00e3o cuidadosa ajuda a <b>preservar a beleza<\/b> da pe\u00e7a por muito mais tempo.<\/p>\n<h3>6.2 Prote\u00e7\u00e3o contra umidade e pragas<\/h3>\n<p>Uma dica importante \u00e9 aplicar um verniz de prote\u00e7\u00e3o, principalmente em ambientes \u00famidos, como a cozinha e o banheiro, que podem atrair pragas. Isso vai garantir que suas prateleiras continuem sempre belas e mantenham sua <b>durabilidade<\/b>.<\/p>\n<h2>Conclus\u00e3o<\/h2>\n<p>As prateleiras r\u00fasticas t\u00eam um <b>grande potencial<\/b> de transformar qualquer ambiente, trazendo estilo e funcionalidade. Com tantas op\u00e7\u00f5es e ideias, tenho certeza de que voc\u00ea encontrar\u00e1 a maneira perfeita de usar esse item t\u00e3o vers\u00e1til na sua decora\u00e7\u00e3o. Deixe sua criatividade fluir e crie um espa\u00e7o que \u00e9 a sua cara!<\/p>\n<p><\/body><\/p>\n","protected":false},"excerpt":{"rendered":"<p>Descubra como as prateleiras r\u00fasticas podem transformar sua decora\u00e7\u00e3o com estilo e funcionalidade!<\/p>\n","protected":false},"author":102,"featured_media":139424,"comment_status":"closed","ping_status":"closed","sticky":false,"template":"","format":"standard","meta":{"footnotes":""},"categories":[1484],"tags":[],"class_list":["post-139431","post","type-post","status-publish","format-standard","has-post-thumbnail","category-decoracao"],"_wp_attached_file":null,"_wp_attachment_metadata":null,"_wp_attachment_context":null,"_wp_attachment_is_custom_header":null,"geo_longitude":null,"geo_public":null,"geo_latitude":null,"_publicize_done_external":null,"_wpas_done_3897181":null,"publicize_twitter_user":null,"_wpas_done_3897175":null,"_wpas_skip_3897181":null,"_wpas_skip_3897175":null,"_wpas_skip_3924723":null,"_wpas_mess":null,"_wpas_done_3924723":null,"wps_subtitle":"","_links":{"self":[{"href":"https:\/\/www.aarquiteta.com.br\/blog\/wp-json\/wp\/v2\/posts\/139431","targetHints":{"allow":["GET"]}}],"collection":[{"href":"https:\/\/www.aarquiteta.com.br\/blog\/wp-json\/wp\/v2\/posts"}],"about":[{"href":"https:\/\/www.aarquiteta.com.br\/blog\/wp-json\/wp\/v2\/types\/post"}],"author":[{"embeddable":true,"href":"https:\/\/www.aarquiteta.com.br\/blog\/wp-json\/wp\/v2\/users\/102"}],"replies":[{"embeddable":true,"href":"https:\/\/www.aarquiteta.com.br\/blog\/wp-json\/wp\/v2\/comments?post=139431"}],"version-history":[{"count":0,"href":"https:\/\/www.aarquiteta.com.br\/blog\/wp-json\/wp\/v2\/posts\/139431\/revisions"}],"wp:featuredmedia":[{"embeddable":true,"href":"https:\/\/www.aarquiteta.com.br\/blog\/wp-json\/wp\/v2\/media\/139424"}],"wp:attachment":[{"href":"https:\/\/www.aarquiteta.com.br\/blog\/wp-json\/wp\/v2\/media?parent=139431"}],"wp:term":[{"taxonomy":"category","embeddable":true,"href":"https:\/\/www.aarquiteta.com.br\/blog\/wp-json\/wp\/v2\/categories?post=139431"},{"taxonomy":"post_tag","embeddable":true,"href":"https:\/\/www.aarquiteta.com.br\/blog\/wp-json\/wp\/v2\/tags?post=139431"}],"curies":[{"name":"wp","href":"https:\/\/api.w.org\/{rel}","templated":true}]}}