{"id":139395,"date":"2025-01-02T14:51:21","date_gmt":"2025-01-02T17:51:21","guid":{"rendered":"https:\/\/www.aarquiteta.com.br\/blog\/quadros-para-corredor\/"},"modified":"2025-01-02T14:51:21","modified_gmt":"2025-01-02T17:51:21","slug":"quadros-para-corredor","status":"publish","type":"post","link":"https:\/\/www.aarquiteta.com.br\/blog\/quadros-para-corredor\/","title":{"rendered":"10 Fotos de Quadros para Corredor que Decoram Seu Lar com Eleg\u00e2ncia"},"content":{"rendered":"<p><body><\/p>\n<p>Decorar corredores com quadros \u00e9 uma maneira elegante de transformar esses espa\u00e7os muitas vezes esquecidos. Utilize tipologias diversas, cores adequadas e aproveite a sugest\u00e3o de usar espelhos para ampliar o ambiente, garantindo um toque acolhedor e encantador ao seu lar.<\/p>\n<h2>Principais Considera\u00e7\u00f5es sobre a Decora\u00e7\u00e3o de Corredores com Quadros<\/h2>\n<ul>\n<li><b>Import\u00e2ncia dos Corredores:<\/b> Esses espa\u00e7os merecem ser decorados para refletir seu estilo e personalidade.<\/li>\n<li><b>Espelho como Aliado:<\/b> Quadros com espelhos d\u00e3o a sensa\u00e7\u00e3o de amplitude, ideais para corredores estreitos.<\/li>\n<li><b>Cores e Estilos:<\/b> Escolher as cores certas e garantir harmonia com a decora\u00e7\u00e3o existente \u00e9 crucial para o resultado final.<\/li>\n<li><b>Mem\u00f3rias em Quadro:<\/b> Incorporar fotos adiciona um toque pessoal \u00e0 sua decora\u00e7\u00e3o, criando conex\u00e3o emocional.<\/li>\n<li><b>Onde Encontrar Quadros:<\/b> Descubra locais e plataformas online que oferecem uma variedade de quadros.<\/li>\n<li><b>Transforma\u00e7\u00e3o do Espa\u00e7o:<\/b> Com uma boa escolha de quadros, seu corredor poder\u00e1 se tornar um espa\u00e7o charmoso e acolhedor.<\/li>\n<\/ul>\n<h2>Como Decorar Corredores com Quadros<\/h2>\n<p>Quando penso em <b>decorar um corredor<\/b>, a primeira coisa que me vem \u00e0 mente \u00e9 que esse espa\u00e7o n\u00e3o deve ser negligenciado. Imagine ser recebido em um lugar que conta uma hist\u00f3ria s\u00f3 sua, atrav\u00e9s de cada quadro pendurado. Isso n\u00e3o seria incr\u00edvel?<\/p>\n<h2>1. A Import\u00e2ncia da Decora\u00e7\u00e3o no Corredor<\/h2>\n<p>No meu trabalho, percebo que o <b>corredor<\/b> \u00e9 uma das passagens mais esquecidas em muitos lares. \u00c9 ali que podemos expressar a nossa criatividade e oferecer uma primeira impress\u00e3o impactante aos visitantes. O corredor pode ser considerado o <b>cart\u00e3o de visita<\/b> da casa. Por isso, \u00e9 fundamental que a decora\u00e7\u00e3o transmita o seu estilo.<\/p>\n<h2>2. Dicas para Escolher Quadros para Corredor<\/h2>\n<h3>2.1. Tamanho do Corredor<\/h3>\n<figure style=\"width: 1024px\" class=\"wp-caption aligncenter\"><img decoding=\"async\" src=\"https:\/\/www.aarquiteta.com.br\/blog\/wp-content\/uploads\/2025\/01\/quadros-para-corredor-56-730x449.jpg\" alt=\"Antes de qualquer coisa \u00e9 importante se atentar ao tamanho do corredor. Se o espa\u00e7o for pequeno, recomenda-se usar poucos quadros e de tamanhos menores, evitando que a decora\u00e7\u00e3o fique com apar\u00eancia carregada.\" title=\"\"><figcaption class=\"wp-caption-text\">Antes de qualquer coisa \u00e9 importante se atentar ao tamanho do corredor. Se o espa\u00e7o for pequeno, recomenda-se usar poucos quadros e de tamanhos menores, evitando que a decora\u00e7\u00e3o fique com apar\u00eancia carregada.<\/figcaption><\/figure>\n<p>Primeiro, avalie o <b>tamanho do corredor<\/b>. Se o espa\u00e7o for pequeno, recomendo n\u00e3o exagerar na quantidade de quadros. Um n\u00famero reduzido e quadros menores criam um visual mais harmonioso e n\u00e3o sobrecarregam o ambiente.<\/p>\n<h3>2.2. Quadros com Espelho<\/h3>\n<figure style=\"width: 1024px\" class=\"wp-caption aligncenter\"><img decoding=\"async\" src=\"https:\/\/www.aarquiteta.com.br\/blog\/wp-content\/uploads\/2025\/01\/quadros-para-corredor01.jpg\" alt=\"55 Fotos de Quadros para Corredor que Decoram Seu Lar com Eleg\u00e2ncia\" width=\"1024\" height=\"1024\" title=\"\"><figcaption class=\"wp-caption-text\">55 Fotos de Quadros para Corredor que Decoram Seu Lar com Eleg\u00e2ncia<\/figcaption><\/figure>\n<p>Usar <b>quadros com espelhos<\/b> \u00e9 uma sugest\u00e3o excelente. Eles n\u00e3o apenas decoram, mas tamb\u00e9m ampliam visualmente o espa\u00e7o, o que \u00e9 especialmente \u00fatil em corredores que levam a quartos ou banheiros. \u00c9 como fazer m\u00e1gica com um simples toque!<\/p>\n<h3>2.3. Escolha de Cores<\/h3>\n<figure style=\"width: 1024px\" class=\"wp-caption aligncenter\"><img decoding=\"async\" src=\"https:\/\/www.aarquiteta.com.br\/blog\/wp-content\/uploads\/2025\/01\/quadros-para-corredor-0.jpg\" alt=\"55 fotos de quadros para corredor que decoram seu lar com eleg\u00e2ncia\" title=\"\"><figcaption class=\"wp-caption-text\">55 fotos de quadros para corredor que decoram seu lar com eleg\u00e2ncia<\/figcaption><\/figure>\n<p>A escolha das <b>cores dos quadros<\/b> deve ser astuta. Para ambientes pequenos, opte por cores claras que criam uma sensa\u00e7\u00e3o de amplitude. Um corredor com tons mais suaves pode se transformar em um passaporte para a eleg\u00e2ncia.<\/p>\n<h3>2.4. Estilo da Decora\u00e7\u00e3o<\/h3>\n<figure style=\"width: 1024px\" class=\"wp-caption aligncenter\"><img decoding=\"async\" src=\"https:\/\/www.aarquiteta.com.br\/blog\/wp-content\/uploads\/2025\/01\/quadros-para-corredor02.jpg\" alt=\"55 Fotos de Quadros para Corredor que Decoram Seu Lar com Eleg\u00e2ncia\" width=\"1024\" height=\"1024\" title=\"\"><figcaption class=\"wp-caption-text\">55 Fotos de Quadros para Corredor que Decoram Seu Lar com Eleg\u00e2ncia<\/figcaption><\/figure>\n<p><b>Harmonia \u00e9 a palavra-chave<\/b> quando se trata de estilos. \u00c9 essencial que os quadros escolhidos concordem com o restante da decora\u00e7\u00e3o do espa\u00e7o. Um quadro mais r\u00fastico em um ambiente moderno pode criar um choque visual indesejado.<\/p>\n<h3>2.5. Quadros com Fotos<\/h3>\n<figure style=\"width: 1024px\" class=\"wp-caption aligncenter\"><img decoding=\"async\" src=\"https:\/\/www.aarquiteta.com.br\/blog\/wp-content\/uploads\/2025\/01\/trello-100x100.jpg\" alt=\"Com revis\u00e3o da Arq. Andressa Oliveira\" title=\"\"><figcaption class=\"wp-caption-text\">Com revis\u00e3o da Arq. Andressa Oliveira<\/figcaption><\/figure>\n<p>Quadros que exibem <b>fotografias de momentos felizes<\/b> tornam o corredor um lugar ainda mais especial. N\u00e3o s\u00f3 trar\u00e3o lembran\u00e7as \u00e0 mente, como tamb\u00e9m conferir\u00e3o um tom aconchegante ao local, fazendo com que cada visita se sinta familiar.<\/p>\n<h2>3. Tipos de Quadros para Corredor<\/h2>\n<p>Ao considerar os tipos de <b>quadros<\/b> para o corredor, tenha em mente que as op\u00e7\u00f5es v\u00e3o desde pinturas cl\u00e1ssicas, ilustra\u00e7\u00f5es contempor\u00e2neas, at\u00e9 fotografias art\u00edsticas. Escolher uma tipologia que dialogue com o seu estilo \u00e9 essencial para o sucesso decorativo.<\/p>\n<h2>4. Combinando Quadros com Outros Elementos<\/h2>\n<p>Por que n\u00e3o <b>integrar quadros com outros elementos decorativos<\/b>? Prateleiras cheias de plantas ou ornamentos podem criar um visual din\u00e2mico, onde os quadros n\u00e3o s\u00e3o os \u00fanicos protagonistas. A intera\u00e7\u00e3o entre os elementos resulta em um ambiente mais rico e acolhedor.<\/p>\n<h2>5. Onde Comprar Quadros para Corredor<\/h2>\n<p>Encontre op\u00e7\u00f5es de <b>quadros<\/b> em lojas online e lojas f\u00edsicas que oferecem uma variedade de estilos. Sites como Etsy, Amazon e lojas de decora\u00e7\u00e3o locais s\u00e3o um \u00f3timo ponto de partida. Pesquisar bastante ajuda a descobrir preciosidades que enriquecer\u00e3o seu espa\u00e7o.<\/p>\n<h2>6. Inspirando-se nos Estilos de Decora\u00e7\u00e3o<\/h2>\n<p>N\u00e3o tenha medo de <b>misturar estilos<\/b>. Um toque de vintage com moderno, ou uma pitada de minimalismo com maximalismo podem criar resultados surpreendentes. O importante aqui \u00e9 que o resultado final reflita a sua personalidade e fa\u00e7a com que voc\u00ea se sinta bem em casa.<\/p>\n<h2>Conclus\u00e3o: Transforme Seu Corredor<\/h2>\n<p>Com as dicas e inspira\u00e7\u00f5es certas, <b>transformar seu corredor<\/b> em um espa\u00e7o decorativo encantador \u00e9 simples e gratificante. Explore as op\u00e7\u00f5es dispon\u00edveis, mantenha a harmonia e crie um ambiente que realmente reflita a sua ess\u00eancia. Depois de tudo, cada corredor \u00e9 uma nova oportunidade de contar uma hist\u00f3ria, n\u00e3o acha?<\/p>\n<p><\/body><br \/>\n<figure style=\"width: 1024px\" class=\"wp-caption aligncenter\"><img decoding=\"async\" src=\"https:\/\/www.aarquiteta.com.br\/blog\/wp-content\/uploads\/2025\/01\/quadros-para-corredor03.jpg\" alt=\"55 Fotos de Quadros para Corredor que Decoram Seu Lar com Eleg\u00e2ncia\" width=\"1024\" height=\"1024\" title=\"\"><figcaption class=\"wp-caption-text\">55 Fotos de Quadros para Corredor que Decoram Seu Lar com Eleg\u00e2ncia<\/figcaption><\/figure>\n<figure style=\"width: 1024px\" class=\"wp-caption aligncenter\"><img decoding=\"async\" src=\"https:\/\/www.aarquiteta.com.br\/blog\/wp-content\/uploads\/2025\/01\/quadro-para-banheiro-0-286x160.jpg\" alt=\"Quadros para banheiro: modelos e tutoriais para decorar o espa\u00e7o\" title=\"\"><figcaption class=\"wp-caption-text\">Quadros para banheiro: modelos e tutoriais para decorar o espa\u00e7o<\/figcaption><\/figure>\n<figure style=\"width: 1024px\" class=\"wp-caption aligncenter\"><img decoding=\"async\" src=\"https:\/\/www.aarquiteta.com.br\/blog\/wp-content\/uploads\/2025\/01\/quadros-para-corredor4.jpg\" alt=\"55 Fotos de Quadros para Corredor que Decoram Seu Lar com Eleg\u00e2ncia\" width=\"1024\" height=\"1024\" title=\"\"><figcaption class=\"wp-caption-text\">55 Fotos de Quadros para Corredor que Decoram Seu Lar com Eleg\u00e2ncia<\/figcaption><\/figure>\n<figure style=\"width: 1024px\" class=\"wp-caption aligncenter\"><img decoding=\"async\" src=\"https:\/\/www.aarquiteta.com.br\/blog\/wp-content\/uploads\/2025\/01\/prateleira-para-quadros-capa-286x160.jpg\" alt=\"Prateleira para quadros: 30 maneiras de usar na sua decora\u00e7\u00e3o\" title=\"\"><figcaption class=\"wp-caption-text\">Prateleira para quadros: 30 maneiras de usar na sua decora\u00e7\u00e3o<\/figcaption><\/figure>\n<h3>Para se aprofundar mais sobre o tema, veja a minha recomenda\u00e7\u00e3o sobre o tema deste artigo no v\u00eddeo a seguir abaixo:<\/h3>\n<p><iframe title=\"YouTube video player\" src=\"https:\/\/www.youtube.com\/embed\/_AYsLO3c9u4\" width=\"560\" height=\"315\" frameborder=\"0\" allowfullscreen=\"allowfullscreen\"><\/iframe><\/p>\n<figure style=\"width: 1024px\" class=\"wp-caption aligncenter\"><img decoding=\"async\" src=\"https:\/\/www.aarquiteta.com.br\/blog\/wp-content\/uploads\/2025\/01\/hall-de-entrada-pequeno-0-286x160.jpg\" alt=\"30 boas ideias para decorar um hall de entrada pequeno\" title=\"\"><figcaption class=\"wp-caption-text\">30 boas ideias para decorar um hall de entrada pequeno<\/figcaption><\/figure>\n","protected":false},"excerpt":{"rendered":"<p>Inspire-se com 55 fotos de quadros para corredores que transformam qualquer ambiente em um espa\u00e7o elegante e acolhedor.<\/p>\n","protected":false},"author":102,"featured_media":139388,"comment_status":"closed","ping_status":"closed","sticky":false,"template":"","format":"standard","meta":{"footnotes":""},"categories":[1484],"tags":[],"class_list":["post-139395","post","type-post","status-publish","format-standard","has-post-thumbnail","category-decoracao"],"_wp_attached_file":null,"_wp_attachment_metadata":null,"_wp_attachment_context":null,"_wp_attachment_is_custom_header":null,"geo_longitude":null,"geo_public":null,"geo_latitude":null,"_publicize_done_external":null,"_wpas_done_3897181":null,"publicize_twitter_user":null,"_wpas_done_3897175":null,"_wpas_skip_3897181":null,"_wpas_skip_3897175":null,"_wpas_skip_3924723":null,"_wpas_mess":null,"_wpas_done_3924723":null,"wps_subtitle":"","_links":{"self":[{"href":"https:\/\/www.aarquiteta.com.br\/blog\/wp-json\/wp\/v2\/posts\/139395","targetHints":{"allow":["GET"]}}],"collection":[{"href":"https:\/\/www.aarquiteta.com.br\/blog\/wp-json\/wp\/v2\/posts"}],"about":[{"href":"https:\/\/www.aarquiteta.com.br\/blog\/wp-json\/wp\/v2\/types\/post"}],"author":[{"embeddable":true,"href":"https:\/\/www.aarquiteta.com.br\/blog\/wp-json\/wp\/v2\/users\/102"}],"replies":[{"embeddable":true,"href":"https:\/\/www.aarquiteta.com.br\/blog\/wp-json\/wp\/v2\/comments?post=139395"}],"version-history":[{"count":0,"href":"https:\/\/www.aarquiteta.com.br\/blog\/wp-json\/wp\/v2\/posts\/139395\/revisions"}],"wp:featuredmedia":[{"embeddable":true,"href":"https:\/\/www.aarquiteta.com.br\/blog\/wp-json\/wp\/v2\/media\/139388"}],"wp:attachment":[{"href":"https:\/\/www.aarquiteta.com.br\/blog\/wp-json\/wp\/v2\/media?parent=139395"}],"wp:term":[{"taxonomy":"category","embeddable":true,"href":"https:\/\/www.aarquiteta.com.br\/blog\/wp-json\/wp\/v2\/categories?post=139395"},{"taxonomy":"post_tag","embeddable":true,"href":"https:\/\/www.aarquiteta.com.br\/blog\/wp-json\/wp\/v2\/tags?post=139395"}],"curies":[{"name":"wp","href":"https:\/\/api.w.org\/{rel}","templated":true}]}}