{"id":139327,"date":"2025-01-01T17:30:37","date_gmt":"2025-01-01T20:30:37","guid":{"rendered":"https:\/\/www.aarquiteta.com.br\/blog\/conheca-a-mansao-de-paolla-oliveira-rj\/"},"modified":"2025-01-01T17:30:37","modified_gmt":"2025-01-01T20:30:37","slug":"conheca-a-mansao-de-paolla-oliveira-rj","status":"publish","type":"post","link":"https:\/\/www.aarquiteta.com.br\/blog\/conheca-a-mansao-de-paolla-oliveira-rj\/","title":{"rendered":"5 detalhes surpreendentes da mans\u00e3o de Paolla Oliveira."},"content":{"rendered":"<p>A mans\u00e3o de Paolla Oliveira \u00e9 um verdadeiro ref\u00fagio carioca, onde a natureza e a modernidade se entrela\u00e7am em perfeita harmonia. Com ambientes amplos e interligados, a atriz criou um espa\u00e7o que reflete sua personalidade e estilo de vida, priorizando a comunica\u00e7\u00e3o entre os espa\u00e7os e a integra\u00e7\u00e3o com o verde.<\/p>\n<h2>Pontos principais do artigo:<\/h2>\n<ul>\n<li><b>Integra\u00e7\u00e3o com a natureza:<\/b> A mans\u00e3o \u00e9 cercada por vegeta\u00e7\u00e3o nativa, proporcionando um contato direto com o verde.<\/li>\n<li><b>Ambientes interligados:<\/b> A arquitetura foi pensada para que os moradores possam interagir facilmente entre os espa\u00e7os.<\/li>\n<li><b>\u00c1rea gourmet ampla:<\/b> Um espa\u00e7o projetado para receber amigos e familiares, ideal para festas e confraterniza\u00e7\u00f5es.<\/li>\n<li><b>Modularidade:<\/b> Os m\u00f3veis podem ser rearranjados conforme a necessidade, adaptando-se a diferentes ocasi\u00f5es.<\/li>\n<li><b>Conforto e funcionalidade:<\/b> A casa combina tecnologia moderna com um ambiente acolhedor.<\/li>\n<li><b>Reforma intensa:<\/b> A antiga estrutura foi derrubada para dar lugar a um novo projeto que reflete a ess\u00eancia da atriz.<\/li>\n<\/ul>\n<h2>A arquitetura da mans\u00e3o<\/h2>\n<h3>Um projeto que abra\u00e7a a natureza<\/h3>\n<p>A mans\u00e3o de Paolla Oliveira \u00e9 um verdadeiro <b>exemplo de harmonia<\/b> entre a arquitetura e a natureza. Com uma fachada envidra\u00e7ada, a casa se abre para o jardim, permitindo que a luz natural inunde os ambientes. A atriz sempre sonhou em ter um espa\u00e7o que refletisse seu amor pela natureza, e isso se traduz em cada detalhe do projeto. A vegeta\u00e7\u00e3o nativa do Rio de Janeiro n\u00e3o apenas embeleza o espa\u00e7o, mas tamb\u00e9m cria um ambiente de tranquilidade e paz, como se a casa estivesse em um abra\u00e7o constante com o verde.<\/p>\n<h3>Ambientes interligados e funcionais<\/h3>\n<figure style=\"width: 1024px\" class=\"wp-caption aligncenter\"><img decoding=\"async\" src=\"https:\/\/www.aarquiteta.com.br\/blog\/wp-content\/uploads\/2025\/01\/mansao-de-paolla-oliveira-8.jpg\" alt=\"5 detalhes surpreendentes da mans\u00e3o de Paolla Oliveira.\" width=\"1024\" height=\"1024\" title=\"\"><figcaption class=\"wp-caption-text\">Source: <a href=\"https:\/\/ndmais.com.br\/arquitetura-e-decoracao\/conheca-a-mansao-de-paolla-oliveira-abracada-pela-vegetacao-nativa-do-rj\/\" target=\"_blank\" rel=\"noopener\">NDMAIS<\/a><\/figcaption><\/figure>\n<p>Um dos aspectos mais marcantes da mans\u00e3o \u00e9 a <b>integra\u00e7\u00e3o dos ambientes<\/b>. A sala, a cozinha e a \u00e1rea gourmet se conectam de forma fluida, permitindo que os moradores e visitantes se sintam \u00e0 vontade para circular. Paolla enfatiza que a comunica\u00e7\u00e3o entre os espa\u00e7os \u00e9 essencial, refletindo a descontra\u00e7\u00e3o do clima carioca. Essa disposi\u00e7\u00e3o n\u00e3o s\u00f3 facilita a conviv\u00eancia, mas tamb\u00e9m cria um ambiente acolhedor, onde todos se sentem em casa.<\/p>\n<h3>\u00c1rea gourmet: o cora\u00e7\u00e3o da casa<\/h3>\n<p>A \u00e1rea gourmet da mans\u00e3o \u00e9 um verdadeiro <b>espa\u00e7o de celebra\u00e7\u00e3o<\/b>. Projetada para receber uma grande quantidade de pessoas, ela se destaca pela funcionalidade e amplitude. Com uma cozinha moderna e bem equipada, Paolla pode preparar refei\u00e7\u00f5es deliciosas para amigos e familiares. Al\u00e9m disso, a \u00e1rea \u00e9 ideal para festas, onde a sala pode se transformar em uma verdadeira balada, adaptando-se \u00e0s necessidades do momento. \u00c9 um espa\u00e7o que convida \u00e0 confraterniza\u00e7\u00e3o e \u00e0 alegria.<\/p>\n<h3>Modularidade e flexibilidade<\/h3>\n<h3>Assista agora a minha recomenda\u00e7\u00e3o de video abaixo sobre o tema que estamos tratando neste artigo: <\/h3>\n<p><iframe title=\"YouTube video player\" src=\"https:\/\/www.youtube.com\/embed\/YhAhuOxGCQs?feature=oembed&#038;enablejsapi=1&#038;origin=https:\/\/ndmais.com.br\" width=\"560\" height=\"315\" frameborder=\"0\" allowfullscreen=\"allowfullscreen\"><\/iframe><\/p>\n<p>Outro ponto interessante da mans\u00e3o \u00e9 a <b>modularidade<\/b> dos m\u00f3veis. Paolla pensou em um projeto que permite rearranjar os m\u00f3veis conforme a necessidade, tornando a casa vers\u00e1til e adapt\u00e1vel. Isso significa que, em um dia comum, os ambientes podem ser organizados de uma forma, enquanto em uma festa, podem ser transformados para criar um clima totalmente diferente. Essa flexibilidade \u00e9 uma caracter\u00edstica que se destaca e que reflete a personalidade din\u00e2mica da atriz.<\/p>\n<h3>Conforto e tecnologia<\/h3>\n<p>O equil\u00edbrio entre o moderno e o sentimental \u00e9 uma marca registrada da mans\u00e3o. A casa conta com <b>automa\u00e7\u00e3o moderna<\/b>, que facilita o dia a dia, mas sem perder a atmosfera acolhedora. Paolla se preocupou em criar um espa\u00e7o que, apesar de tecnol\u00f3gico, ainda transmitisse a sensa\u00e7\u00e3o de lar. Cada canto da casa foi pensado para proporcionar conforto, desde a escolha dos materiais at\u00e9 a disposi\u00e7\u00e3o dos m\u00f3veis.<\/p>\n<h3>Uma reforma intensa e significativa<\/h3>\n<p>O processo de constru\u00e7\u00e3o da mans\u00e3o n\u00e3o foi simples. Paolla Oliveira enfrentou uma <b>reforma intensa<\/b>, onde a antiga estrutura foi completamente derrubada para dar lugar a um novo projeto. Essa transforma\u00e7\u00e3o n\u00e3o apenas trouxe \u00e0 tona um espa\u00e7o que reflete sua ess\u00eancia, mas tamb\u00e9m simboliza um novo cap\u00edtulo em sua vida. A casa \u00e9, portanto, um reflexo de suas conquistas e de sua conex\u00e3o com a natureza.<\/p>\n<h2>Conclus\u00e3o<\/h2>\n<p>A mans\u00e3o de Paolla Oliveira \u00e9 mais do que uma simples casa; \u00e9 um <b>ref\u00fagio<\/b> que combina natureza, modernidade e aconchego. Cada detalhe foi pensado para criar um espa\u00e7o que n\u00e3o apenas abriga, mas tamb\u00e9m acolhe e celebra a vida. Atrav\u00e9s de sua arquitetura, a atriz conseguiu expressar sua personalidade e seu amor pela natureza, criando um ambiente que \u00e9, sem d\u00favida, um verdadeiro lar.<\/p>\n","protected":false},"excerpt":{"rendered":"<p>A mans\u00e3o de Paolla Oliveira \u00e9 um verdadeiro ref\u00fagio carioca, onde a natureza e a modernidade se entrela\u00e7am em perfeita harmonia. Com ambientes amplos e interligados, a atriz criou um espa\u00e7o que reflete sua personalidade e estilo de vida, priorizando a comunica\u00e7\u00e3o entre os espa\u00e7os e a integra\u00e7\u00e3o com o verde. Pontos principais do artigo: [&hellip;]<\/p>\n","protected":false},"author":102,"featured_media":139326,"comment_status":"closed","ping_status":"closed","sticky":false,"template":"","format":"standard","meta":{"footnotes":""},"categories":[249,19127],"tags":[],"class_list":["post-139327","post","type-post","status-publish","format-standard","has-post-thumbnail","category-engenharia-e-construcao-civil","category-reforma-e-manutencao"],"_wp_attached_file":null,"_wp_attachment_metadata":null,"_wp_attachment_context":null,"_wp_attachment_is_custom_header":null,"geo_longitude":null,"geo_public":null,"geo_latitude":null,"_publicize_done_external":null,"_wpas_done_3897181":null,"publicize_twitter_user":null,"_wpas_done_3897175":null,"_wpas_skip_3897181":null,"_wpas_skip_3897175":null,"_wpas_skip_3924723":null,"_wpas_mess":null,"_wpas_done_3924723":null,"wps_subtitle":"","_links":{"self":[{"href":"https:\/\/www.aarquiteta.com.br\/blog\/wp-json\/wp\/v2\/posts\/139327","targetHints":{"allow":["GET"]}}],"collection":[{"href":"https:\/\/www.aarquiteta.com.br\/blog\/wp-json\/wp\/v2\/posts"}],"about":[{"href":"https:\/\/www.aarquiteta.com.br\/blog\/wp-json\/wp\/v2\/types\/post"}],"author":[{"embeddable":true,"href":"https:\/\/www.aarquiteta.com.br\/blog\/wp-json\/wp\/v2\/users\/102"}],"replies":[{"embeddable":true,"href":"https:\/\/www.aarquiteta.com.br\/blog\/wp-json\/wp\/v2\/comments?post=139327"}],"version-history":[{"count":0,"href":"https:\/\/www.aarquiteta.com.br\/blog\/wp-json\/wp\/v2\/posts\/139327\/revisions"}],"wp:featuredmedia":[{"embeddable":true,"href":"https:\/\/www.aarquiteta.com.br\/blog\/wp-json\/wp\/v2\/media\/139326"}],"wp:attachment":[{"href":"https:\/\/www.aarquiteta.com.br\/blog\/wp-json\/wp\/v2\/media?parent=139327"}],"wp:term":[{"taxonomy":"category","embeddable":true,"href":"https:\/\/www.aarquiteta.com.br\/blog\/wp-json\/wp\/v2\/categories?post=139327"},{"taxonomy":"post_tag","embeddable":true,"href":"https:\/\/www.aarquiteta.com.br\/blog\/wp-json\/wp\/v2\/tags?post=139327"}],"curies":[{"name":"wp","href":"https:\/\/api.w.org\/{rel}","templated":true}]}}