{"id":139313,"date":"2025-01-01T14:12:46","date_gmt":"2025-01-01T17:12:46","guid":{"rendered":"https:\/\/www.aarquiteta.com.br\/blog\/modelos-de-janelas-2\/"},"modified":"2025-01-01T14:12:46","modified_gmt":"2025-01-01T17:12:46","slug":"modelos-de-janelas-2","status":"publish","type":"post","link":"https:\/\/www.aarquiteta.com.br\/blog\/modelos-de-janelas-2\/","title":{"rendered":"Modelos de janelas: tipos e 60 ideias para abrir a casa para o mundo afora"},"content":{"rendered":"<p><body><\/p>\n<p>Escolher o modelo de janela ideal transforma a est\u00e9tica e a funcionalidade de qualquer ambiente, garantindo luminosidade e ventila\u00e7\u00e3o, al\u00e9m de agregar valor \u00e0 decora\u00e7\u00e3o da sua casa. Conhe\u00e7a os principais tipos de janelas e inspire-se com 60 ideias incr\u00edveis para incrementar seus projetos.<\/p>\n<h2>Introdu\u00e7\u00e3o<\/h2>\n<p>As janelas s\u00e3o elementos essenciais em qualquer constru\u00e7\u00e3o, pois proporcionam conex\u00e3o com o exterior, ilumina\u00e7\u00e3o natural e ventila\u00e7\u00e3o. Neste artigo, vamos explorar os diversos modelos de janelas dispon\u00edveis, suas caracter\u00edsticas, vantagens e desvantagens, al\u00e9m de apresentar 60 ideias inspiradoras para integrar esses elementos em sua casa.<\/p>\n<h2>Tipos de Janelas<\/h2>\n<h3>Janelas de Abrir<\/h3>\n<figure style=\"width: 1024px\" class=\"wp-caption aligncenter\"><img decoding=\"async\" src=\"https:\/\/www.aarquiteta.com.br\/blog\/wp-content\/uploads\/2025\/01\/modelos-de-janelas01.jpg\" alt=\"Modelos de janelas: tipos e 60 ideias para abrir a casa para o mundo afora\" width=\"1024\" height=\"1024\" title=\"\"><figcaption class=\"wp-caption-text\">Modelos de janelas: tipos e 60 ideias para abrir a casa para o mundo afora<\/figcaption><\/figure>\n<p>As <b>janelas de abrir<\/b> s\u00e3o cl\u00e1ssicas e charmosas. Elas possuem duas folhas que se abrem, seja para fora ou para dentro. Uma das suas grandes vantagens \u00e9 a <b>entrada abundante de luz natural<\/b> e uma boa ventila\u00e7\u00e3o. Agora, se voc\u00ea adora espa\u00e7o, precisa ter em mente que essas janelas precisam de um ambiente com um pouquinho mais de espa\u00e7o, porque para abrir, elas requerem um espa\u00e7o extra, como um artista precisando de um palco para brilhar.<\/p>\n<h3>Janelas de Correr<\/h3>\n<figure style=\"width: 1024px\" class=\"wp-caption aligncenter\"><img decoding=\"async\" src=\"https:\/\/www.aarquiteta.com.br\/blog\/wp-content\/uploads\/2025\/01\/modelos-de-janelas-61-730x449.jpg\" alt=\"Janela que se abre para dentro com vista externa.\" title=\"\"><figcaption class=\"wp-caption-text\">Janela que se abre para dentro com vista externa.<\/figcaption><\/figure>\n<p>As <b>janelas de correr<\/b> s\u00e3o pr\u00e1ticas e funcionais, podendo ser utilizadas em salas, quartos e at\u00e9 na cozinha. Elas deslizam, permitindo uma abertura r\u00e1pida e suave, fazendo at\u00e9 um &#8220;shh&#8221; de suavidade. No entanto, a abertura \u00e9 geralmente restrita \u00e0 metade do v\u00e3o, o que pode frustrar quem deseja uma ventila\u00e7\u00e3o mais intensa.<\/p>\n<h3>Janelas Basculantes<\/h3>\n<figure style=\"width: 1024px\" class=\"wp-caption aligncenter\"><img decoding=\"async\" src=\"https:\/\/www.aarquiteta.com.br\/blog\/wp-content\/uploads\/2025\/01\/modelos-de-janelas-70.jpg\" alt=\"Modelo de janela moderna e tripla.\" title=\"\"><figcaption class=\"wp-caption-text\">Modelo de janela moderna e tripla.<\/figcaption><\/figure>\n<p>Essas janelas t\u00eam um jeito bem caracter\u00edstico de se abrir: como um portal que se eleva bem devagar. As <b>janelas basculantes<\/b> permitem uma excelente ventila\u00e7\u00e3o e s\u00e3o \u00f3timas para espa\u00e7os pequenos. Mas aten\u00e7\u00e3o, pois com uma abertura restritiva, fica uma sensa\u00e7\u00e3o de que a brisa n\u00e3o est\u00e1 sendo aproveitada ao m\u00e1ximo!<\/p>\n<h3>Janelas Maxim-ar ou Projetantes<\/h3>\n<figure style=\"width: 1024px\" class=\"wp-caption aligncenter\"><img decoding=\"async\" src=\"https:\/\/www.aarquiteta.com.br\/blog\/wp-content\/uploads\/2025\/01\/modelos-de-janelas02.jpg\" alt=\"Modelos de janelas: tipos e 60 ideias para abrir a casa para o mundo afora\" width=\"1024\" height=\"1024\" title=\"\"><figcaption class=\"wp-caption-text\">Modelos de janelas: tipos e 60 ideias para abrir a casa para o mundo afora<\/figcaption><\/figure>\n<p>As <b>janelas maxim-ar<\/b> s\u00e3o ideias contempor\u00e2neas que projetam toda a sua folha para fora do ambiente, proporcionando ventila\u00e7\u00e3o abundante e uma excelente ilumina\u00e7\u00e3o. Apesar de serem bastante funcionais, a limpeza delas pode se tornar um desafio em locais altos \u2014 uma escalada ao c\u00e9u, se voc\u00ea preferir.<\/p>\n<h3>Janelas Pivotantes<\/h3>\n<figure style=\"width: 1024px\" class=\"wp-caption aligncenter\"><img decoding=\"async\" src=\"https:\/\/www.aarquiteta.com.br\/blog\/wp-content\/uploads\/2025\/01\/janela-para-banheiro-00-286x160.jpg\" alt=\"Janela para banheiro com design contempor\u00e2neo.\" title=\"\"><figcaption class=\"wp-caption-text\">Janela para banheiro com design contempor\u00e2neo.<\/figcaption><\/figure>\n<p>A janela <b>pivotante<\/b> \u00e9 a estrela quando se fala de flexibilidade. Ela se abre girando em um eixo. Isso a torna perfeita para banheiros e ambientes que exigem limpeza f\u00e1cil. Cuidado, por\u00e9m! N\u00e3o combina com grades ou cortinas, mas sua capacidade de <b>direcionar o fluxo de ar<\/b> \u00e9 admir\u00e1vel.<\/p>\n<h3>Janelas Guarita e Tipo Camar\u00e3o<\/h3>\n<figure style=\"width: 1024px\" class=\"wp-caption aligncenter\"><img decoding=\"async\" src=\"https:\/\/www.aarquiteta.com.br\/blog\/wp-content\/uploads\/2025\/01\/modelos-de-janelas03.jpg\" alt=\"Modelos de janelas: tipos e 60 ideias para abrir a casa para o mundo afora\" width=\"1024\" height=\"1024\" title=\"\"><figcaption class=\"wp-caption-text\">Modelos de janelas: tipos e 60 ideias para abrir a casa para o mundo afora<\/figcaption><\/figure>\n<p>D\u00e1 pra brincar de escolha aqui! As <b>janelas guarita<\/b> se transformam em pequenas varandas, enquanto as <b>janelas tipo camar\u00e3o<\/b> trazem um charme especial para as fachadas. Ambas t\u00eam seu visual r\u00fastico, adicionar um toque de autenticidade e estilo, mas precisam estar atentas ao espa\u00e7o que ocupam para n\u00e3o se tornarem um grande &#8220;problema&#8221; de abertura.<\/p>\n<h2>60 Ideias de Janelas<\/h2>\n<p>Agora, vem a parte mais divertida: as ideias! Use a sua criatividade para integrar as janelas no seu projeto de forma encantadora e funcional.<\/p>\n<h3>Janelas de Vidro<\/h3>\n<figure style=\"width: 1024px\" class=\"wp-caption aligncenter\"><img decoding=\"async\" src=\"https:\/\/www.aarquiteta.com.br\/blog\/wp-content\/uploads\/2025\/01\/janelas-para-quarto-0-capa-286x160.jpg\" alt=\"Imagem com janelas diversas para quartos.\" title=\"\"><figcaption class=\"wp-caption-text\">Imagem com janelas diversas para quartos.<\/figcaption><\/figure>\n<p>As <b>janelas de vidro<\/b> de correr s\u00e3o pr\u00e1ticas e d\u00e3o um toque moderno \u00e0 cozinha. Deixe a luz entrar, criando um espa\u00e7o que pulsa vida!<\/p>\n<h3>Estilo Tradicional e Contempor\u00e2neo<\/h3>\n<figure style=\"width: 1024px\" class=\"wp-caption aligncenter\"><img decoding=\"async\" src=\"https:\/\/www.aarquiteta.com.br\/blog\/wp-content\/uploads\/2025\/01\/modelos-de-janelas4.jpg\" alt=\"Modelos de janelas: tipos e 60 ideias para abrir a casa para o mundo afora\" width=\"1024\" height=\"1024\" title=\"\"><figcaption class=\"wp-caption-text\">Modelos de janelas: tipos e 60 ideias para abrir a casa para o mundo afora<\/figcaption><\/figure>\n<p>A jun\u00e7\u00e3o de <b>materiais nobres<\/b> nas janelas enriquece o design da casa. Que tal um toque de madeira com vidro? \u00c9 estilo com personalidade!<\/p>\n<h3>Ampla Janela de Vidro<\/h3>\n<figure style=\"width: 1024px\" class=\"wp-caption aligncenter\"><img decoding=\"async\" src=\"https:\/\/www.aarquiteta.com.br\/blog\/wp-content\/uploads\/2025\/01\/janelas-de-madeira-00-286x160.jpg\" alt=\"Modelo de janela de madeira estilizada.\" title=\"\"><figcaption class=\"wp-caption-text\">Modelo de janela de madeira estilizada.<\/figcaption><\/figure>\n<p>Valorizando a paisagem natural, as janelas amplas permitem uma conex\u00e3o plena com o exterior. Voc\u00ea ver\u00e1 o mundo l\u00e1 fora enquanto desfruta do aconchego dentro de casa.<\/p>\n<h3>Combina\u00e7\u00f5es Inteligentes<\/h3>\n<p><iframe title=\"YouTube video player\" src=\"https:\/\/www.youtube.com\/embed\/Tc3VIqNNFKo\" width=\"560\" height=\"315\" frameborder=\"0\" allowfullscreen=\"allowfullscreen\"><\/iframe><\/p>\n<p>Cansou do convencional? Experimente mais de um <b>sistema de abertura<\/b> em uma janela! As combina\u00e7\u00f5es podem surpreender e agregar valor ao seu projeto.<\/p>\n<h3>Profundidade e Leveza<\/h3>\n<p>Um toque de cor e leveza fica lindo na fachada. Isso ajuda a criar um ambiente que transmita uma sensa\u00e7\u00e3o de <b>acolhimento e frescor<\/b>.<\/p>\n<h3>Personalidade em Cada Detalhe<\/h3>\n<figure style=\"width: 1024px\" class=\"wp-caption aligncenter\"><img decoding=\"async\" src=\"https:\/\/www.aarquiteta.com.br\/blog\/wp-content\/uploads\/2025\/01\/modelos-de-janelas-62-730x449.jpg\" alt=\"Janela que desliza para abrir.\" title=\"\"><figcaption class=\"wp-caption-text\">Janela que desliza para abrir.<\/figcaption><\/figure>\n<p>As janelas podem ser um elemento central do ambiente. Invista no design e influencie a <b>decora\u00e7\u00e3o de toda a casa<\/b> com janelas que claramente se destacam.<\/p>\n<h2>Conclus\u00e3o<\/h2>\n<p>A escolha do modelo de janela \u00e9 fundamental para potencializar a ilumina\u00e7\u00e3o e ventila\u00e7\u00e3o, assim como contribuir para a est\u00e9tica do ambiente. Ao considerar os diversos tipos dispon\u00edveis, voc\u00ea pode encontrar a op\u00e7\u00e3o que melhor se adapta \u00e0s suas necessidades e ao estilo da sua casa, garantindo conforto e beleza.<\/p>\n<p><\/body><\/p>\n","protected":false},"excerpt":{"rendered":"<p>Descubra os diferentes tipos de janelas e inspire-se com 60 ideias para abrir sua casa ao exterior com beleza e funcionalidade.<\/p>\n","protected":false},"author":102,"featured_media":139306,"comment_status":"closed","ping_status":"closed","sticky":false,"template":"","format":"standard","meta":{"footnotes":""},"categories":[1507,249],"tags":[],"class_list":["post-139313","post","type-post","status-publish","format-standard","has-post-thumbnail","category-arquitetura","category-engenharia-e-construcao-civil"],"_wp_attached_file":null,"_wp_attachment_metadata":null,"_wp_attachment_context":null,"_wp_attachment_is_custom_header":null,"geo_longitude":null,"geo_public":null,"geo_latitude":null,"_publicize_done_external":null,"_wpas_done_3897181":null,"publicize_twitter_user":null,"_wpas_done_3897175":null,"_wpas_skip_3897181":null,"_wpas_skip_3897175":null,"_wpas_skip_3924723":null,"_wpas_mess":null,"_wpas_done_3924723":null,"wps_subtitle":"","_links":{"self":[{"href":"https:\/\/www.aarquiteta.com.br\/blog\/wp-json\/wp\/v2\/posts\/139313","targetHints":{"allow":["GET"]}}],"collection":[{"href":"https:\/\/www.aarquiteta.com.br\/blog\/wp-json\/wp\/v2\/posts"}],"about":[{"href":"https:\/\/www.aarquiteta.com.br\/blog\/wp-json\/wp\/v2\/types\/post"}],"author":[{"embeddable":true,"href":"https:\/\/www.aarquiteta.com.br\/blog\/wp-json\/wp\/v2\/users\/102"}],"replies":[{"embeddable":true,"href":"https:\/\/www.aarquiteta.com.br\/blog\/wp-json\/wp\/v2\/comments?post=139313"}],"version-history":[{"count":0,"href":"https:\/\/www.aarquiteta.com.br\/blog\/wp-json\/wp\/v2\/posts\/139313\/revisions"}],"wp:featuredmedia":[{"embeddable":true,"href":"https:\/\/www.aarquiteta.com.br\/blog\/wp-json\/wp\/v2\/media\/139306"}],"wp:attachment":[{"href":"https:\/\/www.aarquiteta.com.br\/blog\/wp-json\/wp\/v2\/media?parent=139313"}],"wp:term":[{"taxonomy":"category","embeddable":true,"href":"https:\/\/www.aarquiteta.com.br\/blog\/wp-json\/wp\/v2\/categories?post=139313"},{"taxonomy":"post_tag","embeddable":true,"href":"https:\/\/www.aarquiteta.com.br\/blog\/wp-json\/wp\/v2\/tags?post=139313"}],"curies":[{"name":"wp","href":"https:\/\/api.w.org\/{rel}","templated":true}]}}