{"id":139094,"date":"2024-12-30T12:03:22","date_gmt":"2024-12-30T15:03:22","guid":{"rendered":"https:\/\/www.aarquiteta.com.br\/blog\/cobertura-para-garagem\/"},"modified":"2024-12-30T22:05:50","modified_gmt":"2024-12-31T01:05:50","slug":"cobertura-para-garagem","status":"publish","type":"post","link":"https:\/\/www.aarquiteta.com.br\/blog\/cobertura-para-garagem\/","title":{"rendered":"Coberturas de garagem:  10 inspira\u00e7\u00f5es para que  tamb\u00e9m elevam a est\u00e9tica da sua casa."},"content":{"rendered":"<p><body><\/p>\n<p>Descubra 50 inspira\u00e7\u00f5es para coberturas de garagem que n\u00e3o apenas protegem seu ve\u00edculo, mas tamb\u00e9m elevam a est\u00e9tica da sua casa. Explore op\u00e7\u00f5es funcionais e estilosas para transformar seu espa\u00e7o!<\/p>\n<h2>Principais Pontos a Considerar<\/h2>\n<ul>\n<li><b>Tipos de Material:<\/b> Conhe\u00e7a diferentes op\u00e7\u00f5es como lona, telhas de cer\u00e2mica e vidro, e escolha a melhor para suas necessidades.<\/li>\n<li><b>Funcionalidade:<\/b> A cobertura deve ser pr\u00e1tica, oferecendo ventila\u00e7\u00e3o e espa\u00e7o apropriado para o uso di\u00e1rio.<\/li>\n<li><b>Estado Est\u00e9tico:<\/b> A cobertura deve estar em harmonia com a fachada da sua casa, proporcionando um visual agrad\u00e1vel e coerente.<\/li>\n<li><b>Or\u00e7amento:<\/b> Avalie custos de materiais e considere se voc\u00ea ir\u00e1 construir ou contratar um profissional.<\/li>\n<li><b>Decora\u00e7\u00e3o:<\/b> Ideias de como tornar sua garagem mais aconchegante e funcional atrav\u00e9s de elementos decorativos.<\/li>\n<\/ul>\n<h2>Introdu\u00e7\u00e3o<\/h2>\n<p>Uma cobertura para garagem \u00e9 mais do que apenas uma prote\u00e7\u00e3o contra as intemp\u00e9ries, \u00e9 uma extens\u00e3o da sua casa que pode refletir seu estilo pessoal. Neste artigo, vou explorar diversas op\u00e7\u00f5es, dicas e inspira\u00e7\u00f5es que podem ajudar voc\u00ea a escolher a cobertura ideal que, al\u00e9m de ser pr\u00e1tica, valoriza o design da sua resid\u00eancia.<\/p>\n<h2>Tipos de Material para Cobertura<\/h2>\n<h3>Cobertura de Lona<\/h3>\n<figure style=\"width: 1024px\" class=\"wp-caption aligncenter\"><img decoding=\"async\" src=\"https:\/\/www.aarquiteta.com.br\/blog\/wp-content\/uploads\/2024\/12\/cobertura-para-garagem-2.jpg\" alt=\"Outro modelo de cobertura para garagem, ideal para prote\u00e7\u00e3o.\" title=\"\"><figcaption class=\"wp-caption-text\">Outro modelo de cobertura para garagem, ideal para prote\u00e7\u00e3o.<\/figcaption><\/figure>\n<p>As coberturas de lona s\u00e3o uma escolha popular devido \u00e0 sua <b>leveza<\/b> e facilidade de instala\u00e7\u00e3o. Embora sejam pr\u00e1ticas, elas podem n\u00e3o oferecer a <b>dura\u00e7\u00e3o<\/b> necess\u00e1ria em regi\u00f5es com condi\u00e7\u00f5es clim\u00e1ticas severas. \u00c9 fundamental considerar a <b>qualidade<\/b> da lona ao escolher este tipo.<\/p>\n<h3>Telhas de Cer\u00e2mica<\/h3>\n<img decoding=\"async\" src=\"https:\/\/www.aarquiteta.com.br\/blog\/wp-content\/uploads\/2024\/12\/cobertura-para-garagem01.jpg\" alt=\"\" width=\"1024\" height=\"1024\" title=\"\">\n<p>A cer\u00e2mica \u00e9 um material tradicional, conhecido por sua <b>robustez<\/b> e aspecto visual cl\u00e1ssico. Essas telhas resistem bem ao sol e \u00e0 chuva, garantindo que seu carro fique protegidos o tempo todo. Al\u00e9m disso, as telhas s\u00e3o uma \u00f3tima escolha para quem deseja um visual mais <b>convencional<\/b>.<\/p>\n<h3>Vidro<\/h3>\n<figure style=\"width: 1024px\" class=\"wp-caption aligncenter\"><img decoding=\"async\" src=\"https:\/\/www.aarquiteta.com.br\/blog\/wp-content\/uploads\/2024\/12\/cobertura-para-garagem-0.jpg\" alt=\"Primeira imagem da cole\u00e7\u00e3o de 50 inspira\u00e7\u00f5es para coberturas de garagem;\" title=\"\"><figcaption class=\"wp-caption-text\">Primeira imagem da cole\u00e7\u00e3o de 50 inspira\u00e7\u00f5es para coberturas de garagem;<\/figcaption><\/figure>\n<p>Para os amantes de um estilo mais moderno, as coberturas de vidro oferecem <b>ilumina\u00e7\u00e3o natural<\/b> e uma est\u00e9tica contempor\u00e2nea. No entanto, \u00e9 importante pensar na <b>manuten\u00e7\u00e3o<\/b> e na <b>seguran\u00e7a<\/b> desse material, principalmente se voc\u00ea reside em locais com ventos fortes ou chuvas constantes.<\/p>\n<h2>Como Aumentar a Harmonia Est\u00e9tica<\/h2>\n<h3>Integra\u00e7\u00e3o com a Fachada<\/h3>\n<img decoding=\"async\" src=\"https:\/\/www.aarquiteta.com.br\/blog\/wp-content\/uploads\/2024\/12\/cobertura-para-garagem02.jpg\" alt=\"\" width=\"1024\" height=\"1024\" title=\"\">\n<p>A harmonia entre a cobertura e a fachada da sua casa \u00e9 fundamental. A escolha da cor e do estilo deve complementar a arquitetura existente, criando um ambiente visualmente atraente. Uma cobertura bem planejada pode <b>valorizar<\/b> a apar\u00eancia total da sua resid\u00eancia.<\/p>\n<h3>Pontos Verdes<\/h3>\n<figure style=\"width: 1024px\" class=\"wp-caption aligncenter\"><img decoding=\"async\" src=\"https:\/\/www.aarquiteta.com.br\/blog\/wp-content\/uploads\/2024\/12\/portao-de-madeira-capa-1-286x160.jpg\" alt=\"Modelo de port\u00e3o de madeira, ideal para uma entrada diferenciada.\" title=\"\"><figcaption class=\"wp-caption-text\">Modelo de port\u00e3o de madeira, ideal para uma entrada diferenciada.<\/figcaption><\/figure>\n<p>Adicionar elementos como jardins verticais ou plantas ao redor da cobertura n\u00e3o apenas traz frescor ao espa\u00e7o, mas tamb\u00e9m pode <b>renovar<\/b> a energia visual do ambiente. As plantas contribuem para a est\u00e9tica e oferecem uma sensa\u00e7\u00e3o de <b>natureza<\/b> e tranquilidade.<\/p>\n<h2>Funcionabilidade e Praticidade<\/h2>\n<h3>Espa\u00e7o Arejado<\/h3>\n<img decoding=\"async\" src=\"https:\/\/www.aarquiteta.com.br\/blog\/wp-content\/uploads\/2024\/12\/cobertura-para-garagem03.jpg\" alt=\"\" width=\"1024\" height=\"1024\" title=\"\">\n<p>Uma cobertura deve oferecer espa\u00e7o suficiente e ventila\u00e7\u00e3o adequada, permitindo que o calor n\u00e3o se concentre e facilitando o uso do ambiente. Al\u00e9m disso, um espa\u00e7o bem ventilado garante que o ve\u00edculo <b>n\u00e3o sofra danos<\/b> devido a umidade ou altas temperaturas.<\/p>\n<h3>Versatilidade<\/h3>\n<figure style=\"width: 1024px\" class=\"wp-caption aligncenter\"><img decoding=\"async\" src=\"https:\/\/www.aarquiteta.com.br\/blog\/wp-content\/uploads\/2024\/12\/varandas-e-sacadas-destaque-286x160.jpg\" alt=\"Destaque de varandas e sacadas com \u00f3timas ideias de decora\u00e7\u00e3o.\" title=\"\"><figcaption class=\"wp-caption-text\">Destaque de varandas e sacadas com \u00f3timas ideias de decora\u00e7\u00e3o.<\/figcaption><\/figure>\n<p>Modelos retr\u00e1teis s\u00e3o uma excelente op\u00e7\u00e3o para quem quer flexibilidade em diferentes condi\u00e7\u00f5es clim\u00e1ticas. Esse tipo de cobertura permite que voc\u00ea possa <b>abrir<\/b> ou <b>fechar<\/b> conforme a necessidade, tornando o espa\u00e7o ainda mais funcional.<\/p>\n<h2>Or\u00e7amento e Custo-Benef\u00edcio<\/h2>\n<h3>Avalia\u00e7\u00e3o de Materiais<\/h3>\n<img decoding=\"async\" src=\"https:\/\/www.aarquiteta.com.br\/blog\/wp-content\/uploads\/2024\/12\/cobertura-para-garagem4.jpg\" alt=\"\" width=\"1024\" height=\"1024\" title=\"\">\n<p>Quando se trata de or\u00e7amento, \u00e9 vital compreender os custos associados aos diversos tipos de materiais. Fa\u00e7a uma <b>pesquisa<\/b> de pre\u00e7os e engaje-se no processo de <b>compara\u00e7\u00e3o<\/b> entre as op\u00e7\u00f5es dispon\u00edveis para encontrar o melhor custo-benef\u00edcio.<\/p>\n<h3>DIY x Profissional<\/h3>\n<figure style=\"width: 1024px\" class=\"wp-caption aligncenter\"><img decoding=\"async\" src=\"https:\/\/www.aarquiteta.com.br\/blog\/wp-content\/uploads\/2024\/12\/Varanda-de-madeira-capa1-286x160.jpg\" alt=\"Inspira\u00e7\u00e3o de varanda de madeira, perfeita para aplicar em sua casa.\" title=\"\"><figcaption class=\"wp-caption-text\">Inspira\u00e7\u00e3o de varanda de madeira, perfeita para aplicar em sua casa.<\/figcaption><\/figure>\n<p>Optar por construir sua pr\u00f3pria cobertura pode ser uma maneira de economizar, mas exige habilidades e tempo. Conhecer as <b>vantagens e desvantagens<\/b> dessa escolha \u00e9 essencial para tomar a melhor decis\u00e3o. Em alguns casos, contratar um profissional pode ser a melhor solu\u00e7\u00e3o.<\/p>\n<h2>Inspira\u00e7\u00f5es e Ideias de Decora\u00e7\u00e3o<\/h2>\n<h3>Estilos de Cobertura<\/h3>\n<h3>Para se aprofundar mais sobre o tema, veja a minha recomenda\u00e7\u00e3o sobre o tema deste artigo no v\u00eddeo a seguir abaixo:<\/h3>\n<p><iframe title=\"YouTube video player\" src=\"https:\/\/www.youtube.com\/embed\/\" width=\"560\" height=\"315\" frameborder=\"0\" allowfullscreen=\"allowfullscreen\"><\/iframe><\/p>\n<p>Os estilos de coberturas variam do r\u00fastico ao contempor\u00e2neo, e a escolha do estilo pode influenciar diretamente na atmosfera do espa\u00e7o. Ao explorar esses diferentes estilos, voc\u00ea pode encontrar a est\u00e9tica que mais <b>combine<\/b> com a decora\u00e7\u00e3o externa da sua casa.<\/p>\n<h3>Decora\u00e7\u00f5es Adicionais<\/h3>\n<figure style=\"width: 1024px\" class=\"wp-caption aligncenter\"><img decoding=\"async\" src=\"https:\/\/www.aarquiteta.com.br\/blog\/wp-content\/uploads\/2024\/12\/cobertura-para-garagem-1.jpg\" alt=\"Exemplo de cobertura para garagem;\" title=\"\"><figcaption class=\"wp-caption-text\">Exemplo de cobertura para garagem;<\/figcaption><\/figure>\n<p>Uma vez escolhida a cobertura, voc\u00ea pode considerar complement\u00e1-la com <b>plantas<\/b>, <b>mob\u00edlia<\/b> e outros elementos decorativos. Esses itens n\u00e3o apenas tornam o espa\u00e7o mais confort\u00e1vel, mas tamb\u00e9m podem transform\u00e1-lo em um local para relaxar e desfrutar bons momentos.<\/p>\n<h2>Conclus\u00e3o<\/h2>\n<p>No final das contas, ao planejar a cobertura da sua garagem, voc\u00ea deve levar em conta tanto a <b>funcionalidade<\/b> quanto a <b>est\u00e9tica<\/b>. As dicas e inspira\u00e7\u00f5es aqui apresentadas s\u00e3o um ponto de partida para ajud\u00e1-lo a criar um espa\u00e7o que atenda a todas as suas necessidades, enquanto ainda valoriza a sua casa. Com planejamento e criatividade, sua garagem pode se tornar um ambiente que voc\u00ea vai <b>amar<\/b>.<\/p>\n<p><\/body><\/p>\n","protected":false},"excerpt":{"rendered":"<p>Descubra 50 inspira\u00e7\u00f5es para coberturas de garagem que n\u00e3o apenas protegem seu ve\u00edculo, mas tamb\u00e9m elevam a est\u00e9tica da sua casa. Explore op\u00e7\u00f5es funcionais e estilosas para transformar seu espa\u00e7o! Principais Pontos a Considerar Tipos de Material: Conhe\u00e7a diferentes op\u00e7\u00f5es como lona, telhas de cer\u00e2mica e vidro, e escolha a melhor para suas necessidades. Funcionalidade: [&hellip;]<\/p>\n","protected":false},"author":102,"featured_media":139087,"comment_status":"closed","ping_status":"closed","sticky":false,"template":"","format":"standard","meta":{"footnotes":""},"categories":[1484],"tags":[],"class_list":["post-139094","post","type-post","status-publish","format-standard","has-post-thumbnail","category-decoracao"],"_wp_attached_file":null,"_wp_attachment_metadata":null,"_wp_attachment_context":null,"_wp_attachment_is_custom_header":null,"geo_longitude":null,"geo_public":null,"geo_latitude":null,"_publicize_done_external":null,"_wpas_done_3897181":null,"publicize_twitter_user":null,"_wpas_done_3897175":null,"_wpas_skip_3897181":null,"_wpas_skip_3897175":null,"_wpas_skip_3924723":null,"_wpas_mess":null,"_wpas_done_3924723":null,"wps_subtitle":"","_links":{"self":[{"href":"https:\/\/www.aarquiteta.com.br\/blog\/wp-json\/wp\/v2\/posts\/139094","targetHints":{"allow":["GET"]}}],"collection":[{"href":"https:\/\/www.aarquiteta.com.br\/blog\/wp-json\/wp\/v2\/posts"}],"about":[{"href":"https:\/\/www.aarquiteta.com.br\/blog\/wp-json\/wp\/v2\/types\/post"}],"author":[{"embeddable":true,"href":"https:\/\/www.aarquiteta.com.br\/blog\/wp-json\/wp\/v2\/users\/102"}],"replies":[{"embeddable":true,"href":"https:\/\/www.aarquiteta.com.br\/blog\/wp-json\/wp\/v2\/comments?post=139094"}],"version-history":[{"count":0,"href":"https:\/\/www.aarquiteta.com.br\/blog\/wp-json\/wp\/v2\/posts\/139094\/revisions"}],"wp:featuredmedia":[{"embeddable":true,"href":"https:\/\/www.aarquiteta.com.br\/blog\/wp-json\/wp\/v2\/media\/139087"}],"wp:attachment":[{"href":"https:\/\/www.aarquiteta.com.br\/blog\/wp-json\/wp\/v2\/media?parent=139094"}],"wp:term":[{"taxonomy":"category","embeddable":true,"href":"https:\/\/www.aarquiteta.com.br\/blog\/wp-json\/wp\/v2\/categories?post=139094"},{"taxonomy":"post_tag","embeddable":true,"href":"https:\/\/www.aarquiteta.com.br\/blog\/wp-json\/wp\/v2\/tags?post=139094"}],"curies":[{"name":"wp","href":"https:\/\/api.w.org\/{rel}","templated":true}]}}