{"id":139023,"date":"2024-12-29T14:27:26","date_gmt":"2024-12-29T17:27:26","guid":{"rendered":"https:\/\/www.aarquiteta.com.br\/blog\/azul-pastel\/"},"modified":"2024-12-29T14:27:26","modified_gmt":"2024-12-29T17:27:26","slug":"azul-pastel","status":"publish","type":"post","link":"https:\/\/www.aarquiteta.com.br\/blog\/azul-pastel\/","title":{"rendered":"10 Maneiras de Incluir o Azul Pastel em Sua Decora\u00e7\u00e3o"},"content":{"rendered":"<p><body><\/p>\n<p>O azul pastel \u00e9 uma cor que oferece uma sensa\u00e7\u00e3o de tranquilidade e frescor, perfeita para a decora\u00e7\u00e3o de diversos ambientes. Ele pode ser usado de maneiras criativas, transformando desde cozinhas at\u00e9 banheiros. Vamos explorar formas de integrar essa cor encantadora no seu espa\u00e7o!<\/p>\n<h2>1. Vantagens do Azul Pastel na Decora\u00e7\u00e3o<\/h2>\n<p>Antes de mais nada, o <b>azul pastel<\/b> \u00e9 uma cor que transmite serenidade, fazendo com que qualquer ambiente pare\u00e7a mais leve. Essa tonalidade \u00e9 ideal para criar uma atmosfera acolhedora, tanto em espa\u00e7os grandes como em ambientes menores.<\/p>\n<h2>2. Aplica\u00e7\u00f5es na Cozinha<\/h2>\n<h3>2.1 Arm\u00e1rios e M\u00f3veis<\/h3>\n<figure style=\"width: 1024px\" class=\"wp-caption aligncenter\"><img decoding=\"async\" src=\"https:\/\/www.aarquiteta.com.br\/blog\/wp-content\/uploads\/2024\/12\/azul-pastel-5.jpg\" alt=\"Mauricio Arruda\" title=\"\"><figcaption class=\"wp-caption-text\">Mauricio Arruda<\/figcaption><\/figure>\n<p>Ao considerar <b>arm\u00e1rios e m\u00f3veis<\/b> em azul pastel, voc\u00ea pode transformar sua cozinha em um espa\u00e7o moderno e sofisticado. Um arm\u00e1rio nessa tonalidade pode se tornar o ponto focal do ambiente, atraindo olhares e proporcionando um ar de alegria.<\/p>\n<h3>2.2 Detalhes e Acess\u00f3rios<\/h3>\n<figure style=\"width: 1024px\" class=\"wp-caption aligncenter\"><img decoding=\"async\" src=\"https:\/\/www.aarquiteta.com.br\/blog\/wp-content\/uploads\/2024\/12\/azul-pastel01.jpg\" alt=\"29 Maneiras de Incluir o Azul Pastel em Sua Decora\u00e7\u00e3o\" width=\"1024\" height=\"1024\" title=\"\"><figcaption class=\"wp-caption-text\">29 Maneiras de Incluir o Azul Pastel em Sua Decora\u00e7\u00e3o<\/figcaption><\/figure>\n<p>Al\u00e9m de m\u00f3veis, pequenos <b>detalhes<\/b> como utens\u00edlios ou toalhas podem trazer um toque de azul pastel \u00e0 sua cozinha. Esses toques sutis fazem a diferen\u00e7a e podem at\u00e9 mesmo alegrar o dia a dia de quem passa por ali.<\/p>\n<h2>3. Quartos com Azul Pastel<\/h2>\n<h3>3.1 Cama e Roupa de Cama<\/h3>\n<figure style=\"width: 1024px\" class=\"wp-caption aligncenter\"><img decoding=\"async\" src=\"https:\/\/www.aarquiteta.com.br\/blog\/wp-content\/uploads\/2024\/12\/azul-pastel.jpg\" alt=\"Lev Design\" title=\"\"><figcaption class=\"wp-caption-text\">Lev Design<\/figcaption><\/figure>\n<p>Imagine ir dormir em um ambiente onde o azul pastel est\u00e1 presente nas <b>roupas de cama<\/b>. Isso cria uma sensa\u00e7\u00e3o de conforto inimagin\u00e1vel, quase como um abra\u00e7o suave antes de adormecer.<\/p>\n<h3>3.2 Pintura de Paredes<\/h3>\n<figure style=\"width: 1024px\" class=\"wp-caption aligncenter\"><img decoding=\"async\" src=\"https:\/\/www.aarquiteta.com.br\/blog\/wp-content\/uploads\/2024\/12\/azul-pastel02.jpg\" alt=\"29 Maneiras de Incluir o Azul Pastel em Sua Decora\u00e7\u00e3o\" width=\"1024\" height=\"1024\" title=\"\"><figcaption class=\"wp-caption-text\">29 Maneiras de Incluir o Azul Pastel em Sua Decora\u00e7\u00e3o<\/figcaption><\/figure>\n<p>Pintar uma parede ou todo o quarto com <b>azul pastel<\/b> pode ser uma excelente forma de criar um espa\u00e7o relaxante. Essa escolha n\u00e3o apenas ilumina o ambiente, mas tamb\u00e9m proporciona um clima de tranquilidade que favorece um sono reparador.<\/p>\n<h2>4. Banheiros e Espa\u00e7os \u00damidos<\/h2>\n<h3>4.1 Bancadas<\/h3>\n<figure style=\"width: 1024px\" class=\"wp-caption aligncenter\"><img decoding=\"async\" src=\"https:\/\/www.aarquiteta.com.br\/blog\/wp-content\/uploads\/2024\/12\/azul-pastel-1.jpg\" alt=\"Doma Arquitetura\" title=\"\"><figcaption class=\"wp-caption-text\">Doma Arquitetura<\/figcaption><\/figure>\n<p>A utiliza\u00e7\u00e3o do azul pastel em <b>bancadas<\/b> de banheiro \u00e9 uma forma de adicionar um toque de classe. Esse tom pode equilibrar perfeitamente outros elementos, criando uma harmonia visual que \u00e9 f\u00e1cil de admirar.<\/p>\n<h3>4.2 Revestimentos<\/h3>\n<figure style=\"width: 1024px\" class=\"wp-caption aligncenter\"><img decoding=\"async\" src=\"https:\/\/www.aarquiteta.com.br\/blog\/wp-content\/uploads\/2024\/12\/azul-pastel03.jpg\" alt=\"29 Maneiras de Incluir o Azul Pastel em Sua Decora\u00e7\u00e3o\" width=\"1024\" height=\"1024\" title=\"\"><figcaption class=\"wp-caption-text\">29 Maneiras de Incluir o Azul Pastel em Sua Decora\u00e7\u00e3o<\/figcaption><\/figure>\n<p>Os <b>revestimentos<\/b> em azul pastel fazem maravilhas em banheiros. Seja nos azulejos ou em detalhes como toalhas e cortinas, essa cor traz frescor e suavidade ao espa\u00e7o.<\/p>\n<h2>5. Integra\u00e7\u00e3o do Azul Pastel com Outras Cores<\/h2>\n<h3>5.1 Combina\u00e7\u00f5es Harmoniosas<\/h3>\n<figure style=\"width: 1024px\" class=\"wp-caption aligncenter\"><img decoding=\"async\" src=\"https:\/\/www.aarquiteta.com.br\/blog\/wp-content\/uploads\/2024\/12\/azul-pastel-2.jpg\" alt=\"Matheus Ilt\" title=\"\"><figcaption class=\"wp-caption-text\">Matheus Ilt<\/figcaption><\/figure>\n<p>O azul pastel se d\u00e1 muito bem com outras cores! Por exemplo, combin\u00e1-lo com <b>rosa e amarelo<\/b> pode resultar em um espa\u00e7o extremamente harmonioso e jovial. Esses contrastes s\u00e3o ideais para quem busca um visual alegre e cheio de vida.<\/p>\n<h3>5.2 Usando na Decora\u00e7\u00e3o Externa<\/h3>\n<figure style=\"width: 1024px\" class=\"wp-caption aligncenter\"><img decoding=\"async\" src=\"https:\/\/www.aarquiteta.com.br\/blog\/wp-content\/uploads\/2024\/12\/azul-pastel4.jpg\" alt=\"29 Maneiras de Incluir o Azul Pastel em Sua Decora\u00e7\u00e3o\" width=\"1024\" height=\"1024\" title=\"\"><figcaption class=\"wp-caption-text\">29 Maneiras de Incluir o Azul Pastel em Sua Decora\u00e7\u00e3o<\/figcaption><\/figure>\n<p>Incluir o azul pastel em \u00e1reas <b>externas<\/b> da casa \u00e9 uma \u00f3tima maneira de estender sua paleta de cores. Seja em m\u00f3veis de jardim ou em elementos decorativos, essa tonalidade traz leveza ao ar livre.<\/p>\n<h2>6. Dicas Finais para Usar Azul Pastel<\/h2>\n<p>Para finalizar, lembre-se de que a <b>versatilidade<\/b> do azul pastel permite que ele se encaixe em diversos estilos decorativos. N\u00e3o hesite em experiment\u00e1-lo, seja em um ambiente minimalista ou em um espa\u00e7o boho chic.<\/p>\n<h2>Conclus\u00e3o<\/h2>\n<p>O azul pastel \u00e9 uma escolha encantadora para qualquer projeto de decora\u00e7\u00e3o, proporcionando frescor e conforto. Use sua <b>criatividade<\/b> e  observe como essa cor pode transformar sua casa em um lar acolhedor e alegre!<\/p>\n<p><\/body><br \/>\n<figure style=\"width: 1024px\" class=\"wp-caption aligncenter\"><img decoding=\"async\" src=\"https:\/\/www.aarquiteta.com.br\/blog\/wp-content\/uploads\/2024\/12\/azul-pastel-3.jpg\" alt=\"Mauricio Arruda\" title=\"\"><figcaption class=\"wp-caption-text\">Mauricio Arruda<\/figcaption><\/figure>\n<h3>Para se aprofundar mais sobre o tema, veja a minha recomenda\u00e7\u00e3o sobre o tema deste artigo no v\u00eddeo a seguir abaixo:<\/h3>\n<p><iframe title=\"YouTube video player\" src=\"https:\/\/www.youtube.com\/embed\/_LygPw7tXAM\" width=\"560\" height=\"315\" frameborder=\"0\" allowfullscreen=\"allowfullscreen\"><\/iframe><\/p>\n<figure style=\"width: 1024px\" class=\"wp-caption aligncenter\"><img decoding=\"async\" src=\"https:\/\/www.aarquiteta.com.br\/blog\/wp-content\/uploads\/2024\/12\/azul-pastel-4.jpg\" alt=\"Doma Arquitetura\" title=\"\"><figcaption class=\"wp-caption-text\">Doma Arquitetura<\/figcaption><\/figure>\n","protected":false},"excerpt":{"rendered":"<p>Descubra como o azul pastel pode transformar sua decora\u00e7\u00e3o com 30 ideias vers\u00e1teis e aconchegantes.<\/p>\n","protected":false},"author":102,"featured_media":139016,"comment_status":"closed","ping_status":"closed","sticky":false,"template":"","format":"standard","meta":{"footnotes":""},"categories":[1484],"tags":[],"class_list":["post-139023","post","type-post","status-publish","format-standard","has-post-thumbnail","category-decoracao"],"_wp_attached_file":null,"_wp_attachment_metadata":null,"_wp_attachment_context":null,"_wp_attachment_is_custom_header":null,"geo_longitude":null,"geo_public":null,"geo_latitude":null,"_publicize_done_external":null,"_wpas_done_3897181":null,"publicize_twitter_user":null,"_wpas_done_3897175":null,"_wpas_skip_3897181":null,"_wpas_skip_3897175":null,"_wpas_skip_3924723":null,"_wpas_mess":null,"_wpas_done_3924723":null,"wps_subtitle":"","_links":{"self":[{"href":"https:\/\/www.aarquiteta.com.br\/blog\/wp-json\/wp\/v2\/posts\/139023","targetHints":{"allow":["GET"]}}],"collection":[{"href":"https:\/\/www.aarquiteta.com.br\/blog\/wp-json\/wp\/v2\/posts"}],"about":[{"href":"https:\/\/www.aarquiteta.com.br\/blog\/wp-json\/wp\/v2\/types\/post"}],"author":[{"embeddable":true,"href":"https:\/\/www.aarquiteta.com.br\/blog\/wp-json\/wp\/v2\/users\/102"}],"replies":[{"embeddable":true,"href":"https:\/\/www.aarquiteta.com.br\/blog\/wp-json\/wp\/v2\/comments?post=139023"}],"version-history":[{"count":0,"href":"https:\/\/www.aarquiteta.com.br\/blog\/wp-json\/wp\/v2\/posts\/139023\/revisions"}],"wp:featuredmedia":[{"embeddable":true,"href":"https:\/\/www.aarquiteta.com.br\/blog\/wp-json\/wp\/v2\/media\/139016"}],"wp:attachment":[{"href":"https:\/\/www.aarquiteta.com.br\/blog\/wp-json\/wp\/v2\/media?parent=139023"}],"wp:term":[{"taxonomy":"category","embeddable":true,"href":"https:\/\/www.aarquiteta.com.br\/blog\/wp-json\/wp\/v2\/categories?post=139023"},{"taxonomy":"post_tag","embeddable":true,"href":"https:\/\/www.aarquiteta.com.br\/blog\/wp-json\/wp\/v2\/tags?post=139023"}],"curies":[{"name":"wp","href":"https:\/\/api.w.org\/{rel}","templated":true}]}}