{"id":138937,"date":"2024-12-28T17:41:41","date_gmt":"2024-12-28T20:41:41","guid":{"rendered":"https:\/\/www.aarquiteta.com.br\/blog\/cor-rosa\/"},"modified":"2024-12-28T17:41:41","modified_gmt":"2024-12-28T20:41:41","slug":"cor-rosa","status":"publish","type":"post","link":"https:\/\/www.aarquiteta.com.br\/blog\/cor-rosa\/","title":{"rendered":"Como Aplicar a Cor Rosa de Maneira Criativa na Decora\u00e7\u00e3o 10"},"content":{"rendered":"<p><body><\/p>\n<p>A cor rosa, com sua do\u00e7ura e versatilidade, aparece como uma escolha perfeita para a decora\u00e7\u00e3o de interiores, trazendo romanticismo e aconchego a qualquer espa\u00e7o. Com uma paleta rica em tonalidades, o rosa se encaixa em diversos estilos e combina\u00e7\u00f5es, tornando-se uma aliada indispens\u00e1vel na hora de personalizar ambientes.<\/p>\n<h2>Conceitos Principais<\/h2>\n<ul>\n<li><b>Significado da Cor Rosa:<\/b> Compreender o simbolismo da cor rosa nos auxilia na escolha de um ambiente que transmita sensa\u00e7\u00f5es de amor e acolhimento.<\/li>\n<li><b>Tons de Rosa:<\/b> Existem in\u00fameras tonalidades de rosa e cada uma delas tem suas pr\u00f3prias caracter\u00edsticas, influenciando a atmosfera do espa\u00e7o.<\/li>\n<li><b>Cores que Combinam:<\/b> Saber quais cores se harmonizam com o rosa \u00e9 fundamental para potencializar seu uso na decora\u00e7\u00e3o.<\/li>\n<li><b>Inspira\u00e7\u00f5es de Decora\u00e7\u00e3o:<\/b> A utiliza\u00e7\u00e3o do rosa em diferentes elementos de design pode transformar completamente o visual do ambiente.<\/li>\n<li><b>Conclus\u00e3o:<\/b> O rosa \u00e9 uma cor que vai al\u00e9m do estere\u00f3tipo e pode ser aplicada de forma criativa em diversos espa\u00e7os.<\/li>\n<\/ul>\n<h2>Significado da Cor Rosa<\/h2>\n<p>Quando se fala em rosa, logo pensamos em <b>romantismo<\/b>, ternura e leveza. Esta cor, proveniente da mistura do vermelho com o branco, traz uma suavidade \u00fanica, transmitindo sensa\u00e7\u00f5es de calma e <b>otimismo<\/b>. \u00c9 interessante notar como a escolha dessa cor pode impactar o ambiente. Em quartos, por exemplo, ele ajuda a criar um clima relaxante e convidativo.<\/p>\n<p>O rosa claro evoca <b>delicadeza<\/b> e \u00e9 frequentemente associado a espa\u00e7os femininos, como dormit\u00f3rios de meninas e quartos infantis. J\u00e1 o rosa mais escuro, como o f\u00facsia, \u00e9 mais arrojado e traz um toque de sensualidade, sendo ideal para ambientes contempor\u00e2neos, onde se busca um estilo elegante e moderno.<\/p>\n<h2>Tons de Rosa<\/h2>\n<p>Explorar os diferentes <b>tons de rosa<\/b> \u00e9 fundamental. Desde os mais suaves, como o rosa pastel, at\u00e9 os mais vibrantes, como o rosa choque, cada tonalidade possui a sua pr\u00f3pria personalidade. Por exemplo, o rosa p\u00e1lido \u00e9 ideal para ambientes que buscam transmitir uma <b>sensa\u00e7\u00e3o de tranquilidade<\/b> e aconchego.<\/p>\n<p>J\u00e1 o rosa antigo, que combina um fundo mais neutro, pode ser uma excelente escolha para <b>criar ambientes sofisticados<\/b>, onde a inten\u00e7\u00e3o \u00e9 mesclar modernidade com um toque vintage.<\/p>\n<h2>6 Cores que Combinam com a Cor Rosa<\/h2>\n<p>O rosa \u00e9 uma cor vers\u00e1til que se harmoniza bem com diversas outras. Vamos explorar algumas combina\u00e7\u00f5es cl\u00e1ssicas e contempor\u00e2neas:<\/p>\n<h3>Cores Neutras<\/h3>\n<figure style=\"width: 1024px\" class=\"wp-caption aligncenter\"><img decoding=\"async\" src=\"https:\/\/www.aarquiteta.com.br\/blog\/wp-content\/uploads\/2024\/12\/sofa-rosa-0-286x160.png\" alt=\"Sof\u00e1 rosa: 60 inspira\u00e7\u00f5es que provam a versatilidade desse m\u00f3vel\" title=\"\"><figcaption class=\"wp-caption-text\">Sof\u00e1 rosa: 60 inspira\u00e7\u00f5es que provam a versatilidade desse m\u00f3vel<\/figcaption><\/figure>\n<p>Tons neutros, como <b>branco<\/b>, bege e cinza, ajudam a criar um visual suave, permitindo que o rosa seja o ponto focal da decora\u00e7\u00e3o. Essas cores n\u00e3o competem com o rosa, mas o complementam, criando um <b>ambiente clean e sofisticado<\/b>.<\/p>\n<h3>Tons Terrosos<\/h3>\n<figure style=\"width: 1024px\" class=\"wp-caption aligncenter\"><img decoding=\"async\" src=\"https:\/\/www.aarquiteta.com.br\/blog\/wp-content\/uploads\/2024\/12\/cor-rosa01.jpg\" alt=\"Como Aplicar a Cor Rosa de Maneira Criativa na Decora\u00e7\u00e3o\" width=\"1024\" height=\"1024\" title=\"\"><figcaption class=\"wp-caption-text\">Como Aplicar a Cor Rosa de Maneira Criativa na Decora\u00e7\u00e3o<\/figcaption><\/figure>\n<p>Outra combina\u00e7\u00e3o interessante \u00e9 com os <b>tons terrosos<\/b>, como marrom e terracota. Essa uni\u00e3o transmite uma sensa\u00e7\u00e3o de aconchego e rusticidade, ideal para quem busca um estilo mais <b>natural e org\u00e2nico<\/b> na decora\u00e7\u00e3o.<\/p>\n<h3>Rosa e Preto<\/h3>\n<figure style=\"width: 1024px\" class=\"wp-caption aligncenter\"><img decoding=\"async\" src=\"https:\/\/www.aarquiteta.com.br\/blog\/wp-content\/uploads\/2024\/12\/cor-rosa-0.jpg\" alt=\"Ana Rozenblit\" title=\"\"><figcaption class=\"wp-caption-text\">Ana Rozenblit<\/figcaption><\/figure>\n<p>Que tal um contraste audacioso? O rosa, quando combinado ao preto, cria um ambiente elegante e <b>chic<\/b>. Essa mistura \u00e9 perfeita para decora\u00e7\u00f5es contempor\u00e2neas, onde o drama e a sofistica\u00e7\u00e3o est\u00e3o em alta.<\/p>\n<h3>Rosa e Azul<\/h3>\n<figure style=\"width: 1024px\" class=\"wp-caption aligncenter\"><img decoding=\"async\" src=\"https:\/\/www.aarquiteta.com.br\/blog\/wp-content\/uploads\/2024\/12\/cor-rosa02.jpg\" alt=\"Como Aplicar a Cor Rosa de Maneira Criativa na Decora\u00e7\u00e3o\" width=\"1024\" height=\"1024\" title=\"\"><figcaption class=\"wp-caption-text\">Como Aplicar a Cor Rosa de Maneira Criativa na Decora\u00e7\u00e3o<\/figcaption><\/figure>\n<p>A combina\u00e7\u00e3o de rosa e azul \u00e9 uma explos\u00e3o de <b>energias<\/b>. Enquanto o rosa traz a suavidade, o azul oferece frescor. Juntas, essas cores podem se traduzir em ambientes alegres e convidativos, sendo uma \u00f3tima escolha para \u00e1reas de lazer ou quartos infantis.<\/p>\n<h3>Rosa e Amarelo<\/h3>\n<figure style=\"width: 1024px\" class=\"wp-caption aligncenter\"><img decoding=\"async\" src=\"https:\/\/www.aarquiteta.com.br\/blog\/wp-content\/uploads\/2024\/12\/cor-rosa-004.jpg\" alt=\"est\u00fadio minke\" title=\"\"><figcaption class=\"wp-caption-text\">est\u00fadio minke<\/figcaption><\/figure>\n<p>Rosa e amarelo s\u00e3o como amigos que nunca se separam! Essa dupla \u00e9 perfeita para criar um ambiente <b>vibrante<\/b> e descontra\u00eddo, ideal para espa\u00e7os criativos. Juntas, essas cores podem iluminar qualquer c\u00f4modo.<\/p>\n<h3>Materiais Metalizados e Texturas Naturais<\/h3>\n<figure style=\"width: 1024px\" class=\"wp-caption aligncenter\"><img decoding=\"async\" src=\"https:\/\/www.aarquiteta.com.br\/blog\/wp-content\/uploads\/2024\/12\/cor-rosa03.jpg\" alt=\"Como Aplicar a Cor Rosa de Maneira Criativa na Decora\u00e7\u00e3o\" width=\"1024\" height=\"1024\" title=\"\"><figcaption class=\"wp-caption-text\">Como Aplicar a Cor Rosa de Maneira Criativa na Decora\u00e7\u00e3o<\/figcaption><\/figure>\n<p>Por \u00faltimo, o rosa fica lindo ao lado de <b>material metalizado<\/b>, como ouro e cobre. Junte isso com texturas naturais, como madeira e palha, e voc\u00ea ter\u00e1 um visual marcante e cheio de personalidade.<\/p>\n<h2>Inspira\u00e7\u00f5es de Decora\u00e7\u00e3o com Cor Rosa<\/h2>\n<p>Se voc\u00ea est\u00e1 em busca de ideias para incorporar o rosa na sua decora\u00e7\u00e3o, confira algumas dicas criativas:<\/p>\n<h3>1. Dos Paredes aos M\u00f3veis<\/h3>\n<figure style=\"width: 1024px\" class=\"wp-caption aligncenter\"><img decoding=\"async\" src=\"https:\/\/www.aarquiteta.com.br\/blog\/wp-content\/uploads\/2024\/12\/cor-rosa-730x730.png\" alt=\"Tua Casa\" title=\"\"><figcaption class=\"wp-caption-text\">Tua Casa<\/figcaption><\/figure>\n<p>Uma \u00f3tima maneira de utilizar o rosa \u00e9 investir em <b>pintura de paredes<\/b> ou m\u00f3veis. Um sof\u00e1 rosa pode ser o destaque que sua sala precisa, enquanto quartos pintados de rosa claro podem criar um ref\u00fagio de paz.<\/p>\n<h3>2. Acess\u00f3rios e Detalhes<\/h3>\n<figure style=\"width: 1024px\" class=\"wp-caption aligncenter\"><img decoding=\"async\" src=\"https:\/\/www.aarquiteta.com.br\/blog\/wp-content\/uploads\/2024\/12\/cor-rosa4.jpg\" alt=\"Como Aplicar a Cor Rosa de Maneira Criativa na Decora\u00e7\u00e3o\" width=\"1024\" height=\"1024\" title=\"\"><figcaption class=\"wp-caption-text\">Como Aplicar a Cor Rosa de Maneira Criativa na Decora\u00e7\u00e3o<\/figcaption><\/figure>\n<p>Incorporar <b>acess\u00f3rios<\/b> rosa, como almofadas e cortinas, pode ser uma maneira pr\u00e1tica de implementar essa cor. Os detalhes fazem toda a diferen\u00e7a e podem ser trocados facilmente \u00e0 medida que suas prefer\u00eancias mudam.<\/p>\n<h3>3. Obras de Arte<\/h3>\n<figure style=\"width: 1024px\" class=\"wp-caption aligncenter\"><img decoding=\"async\" src=\"https:\/\/www.aarquiteta.com.br\/blog\/wp-content\/uploads\/2024\/12\/quarto-cinza-e-rosa-00-286x160.jpg\" alt=\"40 fotos de quarto cinza e rosa para uma decora\u00e7\u00e3o chique e delicada\" title=\"\"><figcaption class=\"wp-caption-text\">40 fotos de quarto cinza e rosa para uma decora\u00e7\u00e3o chique e delicada<\/figcaption><\/figure>\n<p>Adicione quadros e obras de arte com predomin\u00e2ncia do rosa. Eles podem servir como um <b>ponto focal<\/b> no ambiente e, ao mesmo tempo, dialogar com outras cores presentes no espa\u00e7o.<\/p>\n<h3>4. Plantas e Natureza<\/h3>\n<h3>Para se aprofundar mais sobre o tema, veja a minha recomenda\u00e7\u00e3o sobre o tema deste artigo no v\u00eddeo a seguir abaixo:<\/h3>\n<p><iframe title=\"YouTube video player\" src=\"https:\/\/www.youtube.com\/embed\/0ELklZ54ctk\" width=\"560\" height=\"315\" frameborder=\"0\" allowfullscreen=\"allowfullscreen\"><\/iframe><\/p>\n<p>Utilizar plantas com flores rosas pode trazer uma sensa\u00e7\u00e3o de vida e frescor para o ambiente. A cor natural do verde tamb\u00e9m complementa o rosa de forma <b>harmoniosa<\/b>.<\/p>\n<h3>5. Mistura de Texturas<\/h3>\n<figure style=\"width: 1024px\" class=\"wp-caption aligncenter\"><img decoding=\"async\" src=\"https:\/\/www.aarquiteta.com.br\/blog\/wp-content\/uploads\/2024\/12\/parede-rosa-14-286x160.jpg\" alt=\"50 ideias de parede rosa que s\u00e3o lindas e d\u00e3o mais vida aos ambientes\" title=\"\"><figcaption class=\"wp-caption-text\">50 ideias de parede rosa que s\u00e3o lindas e d\u00e3o mais vida aos ambientes<\/figcaption><\/figure>\n<p>N\u00e3o esque\u00e7a de brincar com <b>texturas<\/b>: combine tecidos, como pel\u00facia e seda, para um resultado acochgado e sofisticado, cada um dando vida ao rosa de maneira \u00fanica.<\/p>\n<h2>Conclus\u00e3o<\/h2>\n<p>Em ess\u00eancia, o rosa \u00e9 uma cor que representa mais do que uma estampa ou uma palete de cores. Ele tem o poder de <b>transformar ambientes<\/b> e at\u00e9 mesmo estados de esp\u00edrito. Ao combin\u00e1-lo com uma variedade de cores e texturas, \u00e9 poss\u00edvel criar espa\u00e7os \u00fanicos que falam sobre voc\u00ea e o seu estilo pessoal. Ent\u00e3o, que tal se deixar levar por essa cor que \u00e9 t\u00e3o encantadora? Fa\u00e7a o seu espa\u00e7o falar e refletir a beleza que o rosa tem a oferecer!<\/p>\n<p><\/body><\/p>\n","protected":false},"excerpt":{"rendered":"<p>Descubra como utilizar diferentes tons de rosa na decora\u00e7\u00e3o com inspira\u00e7\u00f5es e dicas criativas.<\/p>\n","protected":false},"author":102,"featured_media":138932,"comment_status":"closed","ping_status":"closed","sticky":false,"template":"","format":"standard","meta":{"footnotes":""},"categories":[1484],"tags":[],"class_list":["post-138937","post","type-post","status-publish","format-standard","has-post-thumbnail","category-decoracao"],"_wp_attached_file":null,"_wp_attachment_metadata":null,"_wp_attachment_context":null,"_wp_attachment_is_custom_header":null,"geo_longitude":null,"geo_public":null,"geo_latitude":null,"_publicize_done_external":null,"_wpas_done_3897181":null,"publicize_twitter_user":null,"_wpas_done_3897175":null,"_wpas_skip_3897181":null,"_wpas_skip_3897175":null,"_wpas_skip_3924723":null,"_wpas_mess":null,"_wpas_done_3924723":null,"wps_subtitle":"","_links":{"self":[{"href":"https:\/\/www.aarquiteta.com.br\/blog\/wp-json\/wp\/v2\/posts\/138937","targetHints":{"allow":["GET"]}}],"collection":[{"href":"https:\/\/www.aarquiteta.com.br\/blog\/wp-json\/wp\/v2\/posts"}],"about":[{"href":"https:\/\/www.aarquiteta.com.br\/blog\/wp-json\/wp\/v2\/types\/post"}],"author":[{"embeddable":true,"href":"https:\/\/www.aarquiteta.com.br\/blog\/wp-json\/wp\/v2\/users\/102"}],"replies":[{"embeddable":true,"href":"https:\/\/www.aarquiteta.com.br\/blog\/wp-json\/wp\/v2\/comments?post=138937"}],"version-history":[{"count":0,"href":"https:\/\/www.aarquiteta.com.br\/blog\/wp-json\/wp\/v2\/posts\/138937\/revisions"}],"wp:featuredmedia":[{"embeddable":true,"href":"https:\/\/www.aarquiteta.com.br\/blog\/wp-json\/wp\/v2\/media\/138932"}],"wp:attachment":[{"href":"https:\/\/www.aarquiteta.com.br\/blog\/wp-json\/wp\/v2\/media?parent=138937"}],"wp:term":[{"taxonomy":"category","embeddable":true,"href":"https:\/\/www.aarquiteta.com.br\/blog\/wp-json\/wp\/v2\/categories?post=138937"},{"taxonomy":"post_tag","embeddable":true,"href":"https:\/\/www.aarquiteta.com.br\/blog\/wp-json\/wp\/v2\/tags?post=138937"}],"curies":[{"name":"wp","href":"https:\/\/api.w.org\/{rel}","templated":true}]}}